{"id":3327,"date":"2026-05-01T12:47:00","date_gmt":"2026-05-01T10:47:00","guid":{"rendered":"https:\/\/okdiario.com\/techy\/?p=3327"},"modified":"2026-04-30T14:29:03","modified_gmt":"2026-04-30T12:29:03","slug":"alemania-desafia-las-reglas-y-lleva-a-cabo-una-maniobra-militar-que-no-se-habia-atrevido-a-realizar-en-81-anos-quiere-convertir-a-la-bundeswehr-en-el-ejercito-mas-fuerte-de-europa-con-mas-de-460-000","status":"publish","type":"post","link":"https:\/\/okdiario.com\/techy\/alemania-desafia-las-reglas-y-lleva-a-cabo-una-maniobra-militar-que-no-se-habia-atrevido-a-realizar-en-81-anos-quiere-convertir-a-la-bundeswehr-en-el-ejercito-mas-fuerte-de-europa-con-mas-de-460-000\/3327\/","title":{"rendered":"Alemania desaf\u00eda las reglas y lleva a cabo una maniobra militar que no se hab\u00eda atrevido a realizar en 81 a\u00f1os: quiere convertir a la Bundeswehr en el Ej\u00e9rcito m\u00e1s fuerte de Europa con m\u00e1s de 460.000 soldados"},"content":{"rendered":"\n<p>El 22 de abril de 2026, en Berl\u00edn, el ministro de Defensa Boris Pistorius present\u00f3 un paquete de documentos clave para el giro militar alem\u00e1n. Ochenta y un a\u00f1os despu\u00e9s del final de la Segunda Guerra Mundial, Alemania publica una estrategia militar oficial para la <a href=\"https:\/\/okdiario.com\/techy\/los-nacidos-entre-1981-y-2009-tendran-que-pedir-permiso-al-ejercito-para-salir-del-pais-el-gobierno-de-alemania-lo-hace-oficial\/3060\/\">Bundeswehr<\/a> con un mensaje central muy directo. Rusia es la principal amenaza para la seguridad europea.<\/p>\n\n\n\n<p>La letra peque\u00f1a est\u00e1 en gran parte clasificada, pero la idea general s\u00ed se hace p\u00fablica. El plan es convertir a la Bundeswehr en la fuerza convencional m\u00e1s fuerte de Europa, la m\u00e1s potente en armas no nucleares, mientras el pa\u00eds se prepara para una guerra que ya no se parece a la de hace una d\u00e9cada. \u00bfY qu\u00e9 significa eso para el resto de Europa?<\/p>\n\n\n\n<h2 class=\"wp-block-heading\">Qu\u00e9 se ha aprobado<\/h2>\n\n\n\n<p>El Ministerio Federal de Defensa agrupa la estrategia militar y un \u201cplan para las fuerzas armadas\u201d dentro de un concepto m\u00e1s amplio de <a href=\"https:\/\/okdiario.com\/techy\/cartagena-es-uno-de-los-puntos-sensibles-para-la-defensa-de-espana-y-empieza-su-blindaje-despliega-el-sistema-nasams-y-se-convierte-en-zona-estrategica\/3275\/\">defensa<\/a>. No es un \u00fanico papel, sino un conjunto que intenta alinear objetivos, capacidades y crecimiento de personal para los pr\u00f3ximos a\u00f1os.<\/p>\n\n\n\n<div class=\"gb-element-a00da4e5\">\n<div><div class=\"gb-looper-46613eed\">\n<div class=\"gb-loop-item gb-loop-item-c9386872 post-3308 post type-post status-publish format-standard has-post-thumbnail hentry category-actualidad resize-featured-image\">\n<h4 class=\"gb-text gb-text-f0c0fee8\">Lea tambi\u00e9n: <a href=\"https:\/\/okdiario.com\/techy\/whatsapp-de-pago-acaba-de-llegar-a-europa-y-queda-muy-poco-para-que-se-instale-en-espana-las-tarifas-y-las-novedades-que-incluye\/3308\/\">WhatsApp de pago acaba de llegar a Europa y queda muy poco para que se instale en Espa\u00f1a: las tarifas y las novedades que incluye<\/a><\/h4>\n<\/div>\n<\/div><\/div>\n<\/div>\n\n\n\n<p>En lenguaje llano, una estrategia militar es el guion que responde a dos preguntas. Qu\u00e9 amenazas se priorizan y qu\u00e9 tipo de <a href=\"https:\/\/okdiario.com\/techy\/la-lista-de-los-ejercitos-mas-poderosos-de-europa-el-puesto-de-espana-es-mas-preocupante-de-lo-que-pensabamos\/2899\/\">ej\u00e9rcito<\/a> necesitas para disuadirlas, para que un ataque no compense.<\/p>\n\n\n\n<h2 class=\"wp-block-heading\">Rusia en el centro<\/h2>\n\n\n\n<p>En la versi\u00f3n p\u00fablica en ingl\u00e9s, el documento afirma que \u201cRussia is creating the conditions for a military attack on NATO countries\u201d. En espa\u00f1ol, viene a decir que Mosc\u00fa est\u00e1 creando las condiciones para poder golpear a pa\u00edses de la OTAN y que Europa debe tomarse en serio esa posibilidad.<\/p>\n\n\n\n<p>La estrategia tambi\u00e9n insiste en que la presi\u00f3n no llega solo con tanques o misiles. Habla de operaciones \u201ch\u00edbridas\u201d, una mezcla de espionaje, sabotaje, <a href=\"https:\/\/okdiario.com\/techy\/china-se-adelanta-a-las-guerras-del-futuro-y-confirma-que-su-ejercito-esta-construyendo-la-gran-muralla-cuantica-con-10-armas-de-ciberguerra\/3174\/\">ciberataques<\/a> y desinformaci\u00f3n que busca desgastar a un pa\u00eds sin declarar una guerra abierta, por ejemplo atacando sistemas o sembrando desconfianza.<\/p>\n\n\n\n<h2 class=\"wp-block-heading\">El plan de personal<\/h2>\n\n\n\n<p>La hoja de ruta oficial fija un objetivo de al menos 460.000 militares para mediados de la d\u00e9cada de 2030, sumando personal activo y reserva. La idea es pasar de unos 186.000 soldados en activo a 260.000, y elevar la reserva de alrededor de 70.000 a 200.000, seg\u00fan los documentos de referencia publicados por el ministerio.<\/p>\n\n\n\n<p>El calendario se divide en tres etapas. Hasta 2029, el foco es mejorar r\u00e1pido la preparaci\u00f3n y la capacidad de desplegarse, luego llega un salto de capacidades hasta 2035 y, en un horizonte que apunta a 2039 y m\u00e1s all\u00e1, el objetivo es lograr superioridad tecnol\u00f3gica.<\/p>\n\n\n\n<div class=\"gb-element-c4675c4d\">\n<div><div class=\"gb-looper-3a2bbf22\">\n<div class=\"gb-loop-item gb-loop-item-49d7de0d post-3299 post type-post status-publish format-standard has-post-thumbnail hentry category-juegos resize-featured-image\">\n<h4 class=\"gb-text gb-text-5f7ecf8e\">Lea tambi\u00e9n: <a href=\"https:\/\/okdiario.com\/techy\/battlefield-6-recupera-el-mapa-mas-legendario-de-toda-la-saga-y-confirma-contenido-extra-para-las-temporadas-3-4-y-5\/3299\/\">Battlefield 6 recupera el mapa m\u00e1s legendario de toda la saga y confirma contenido extra para las temporadas 3, 4 y 5<\/a><\/h4>\n<\/div>\n<\/div><\/div>\n<\/div>\n\n\n\n<p>Pistorius ha descrito la estrategia como \u201cun documento vivo\u201d, pensado para revisarse seg\u00fan cambien la amenaza y la tecnolog\u00eda. Al mismo tiempo, el Gobierno mantiene el objetivo ya fijado de 260.000 efectivos en activo, pese a presiones internas para subir m\u00e1s la cifra.<\/p>\n\n\n\n<h2 class=\"wp-block-heading\">Tecnolog\u00eda y drones<\/h2>\n\n\n\n<p>El general Carsten Breuer, m\u00e1ximo responsable militar de la Bundeswehr, resumi\u00f3 el clima con una frase poco habitual en este tipo de presentaciones. \u201cEs war noch nie so ernst\u201d, dijo, que viene a ser \u201cnunca hab\u00eda sido tan serio\u201d, al hablar del ritmo de rearme ruso y de la necesidad de prepararse.<\/p>\n\n\n\n<div class=\"gb-element-48702589\">\n<div><div class=\"gb-looper-f7b0fb3f\">\n<div class=\"gb-loop-item gb-loop-item-c84f4316 post-3272 post type-post status-publish format-standard has-post-thumbnail hentry category-militar resize-featured-image\">\n<h4 class=\"gb-text gb-text-9584e117\">Lea tambi\u00e9n: <a href=\"https:\/\/okdiario.com\/techy\/eeuu-recula-y-confirma-que-la-retirada-de-los-aviones-de-ataque-a-10c-thunderbolt-ii-tendra-que-esperar-hasta-2030\/3272\/\">EEUU recula y confirma que la retirada de los aviones de ataque A-10C Thunderbolt II tendr\u00e1 que esperar hasta 2030<\/a><\/h4>\n<\/div>\n<\/div><\/div>\n<\/div>\n\n\n\n<p>Breuer subraya que la guerra moderna ya no es solo cuesti\u00f3n de cantidad. Los <a href=\"https:\/\/okdiario.com\/techy\/una-pequena-empresa-desafia-las-leyes-naturales-con-el-dron-interceptor-mas-rapido-de-europa-alcanza-los-700-km-h\/2875\/\">drones<\/a> baratos, el uso masivo de datos y la inteligencia artificial est\u00e1n cambiando c\u00f3mo se detecta y c\u00f3mo se golpea, y por eso se pide reforzar la defensa a\u00e9rea y ganar capacidad de ataque de precisi\u00f3n a larga distancia, para golpear objetivos lejos sin exponer a las tropas.<\/p>\n\n\n\n<h2 class=\"wp-block-heading\">Un papel m\u00e1s europeo<\/h2>\n\n\n\n<p>El documento insiste en que Estados Unidos sigue siendo esencial para la OTAN, pero tambi\u00e9n se\u00f1ala un giro de prioridades. Washington, dice el texto, est\u00e1 desplazando cada vez m\u00e1s su foco estrat\u00e9gico hacia su hemisferio occidental y el Indo-Pac\u00edfico, y su National Defense Strategy de 2026 pide a los aliados que aumenten su esfuerzo para proteger su propia seguridad.<\/p>\n\n\n\n<p>En ese contexto, Alemania plantea asumir responsabilidad estrat\u00e9gica en Europa en el plano convencional. Eso significa poder desplegar fuerzas con m\u00e1s autonom\u00eda dentro del territorio aliado y sostener operaciones con menos dependencia del apoyo estadounidense.<\/p>\n\n\n\n<div class=\"gb-element-ce221afa\">\n<div><div class=\"gb-looper-833edddf\">\n<div class=\"gb-loop-item gb-loop-item-a8390598 post-3249 post type-post status-publish format-standard has-post-thumbnail hentry category-militar resize-featured-image\">\n<h4 class=\"gb-text gb-text-24a51617\">Lea tambi\u00e9n: <a href=\"https:\/\/okdiario.com\/techy\/pillan-a-china-con-las-manos-en-la-masa-captan-un-lanzador-de-misiles-hipersonicos-df-27-en-una-carretera-y-quiere-decir-que-pekin-esta-preparado-para-todo\/3249\/\">Pillan a China con las manos en la masa: captan un lanzador de misiles hipers\u00f3nicos DF-27 en una carretera y quiere decir que Pek\u00edn est\u00e1 preparado para todo<\/a><\/h4>\n<\/div>\n<\/div><\/div>\n<\/div>\n\n\n\n<p>Un ejemplo ya est\u00e1 sobre la mesa, la estaci\u00f3n permanente de una brigada alemana en <a href=\"https:\/\/www.bundeswehr.de\/en\/news\/bundeswehr-lithuania\" target=\"_blank\" rel=\"noopener\">Lituania<\/a>, un despliegue completo fuera de sus fronteras que Berl\u00edn presenta como se\u00f1al de compromiso con el flanco oriental de la OTAN. Encaja con la idea de disuasi\u00f3n, estar all\u00ed para que no haga falta pelear.<\/p>\n\n\n\n<h2 class=\"wp-block-heading\">Dudas y debate<\/h2>\n\n\n\n<p>Una parte de este giro se queda fuera del foco p\u00fablico. El propio ministerio reconoce que escenarios y planes detallados no se publican para no dar ventajas a un posible adversario, as\u00ed que el debate se hace con un resumen y con muchas l\u00edneas en blanco.<\/p>\n\n\n\n<p>Un <a href=\"https:\/\/dgap.org\/de\/forschung\/publikationen\/die-militaerstrategie-der-bundeswehr-verantwortung\" target=\"_blank\" rel=\"noopener\">an\u00e1lisis<\/a>, firmado por Patrick Keller y Max Becker, apunta que la estrategia aclara la amenaza y empuja a Alemania hacia una mayor autonom\u00eda militar. Tambi\u00e9n advierte de que queda por concretar c\u00f3mo se coordinar\u00e1 ese enfoque nacional con la planificaci\u00f3n de la OTAN y con socios europeos, sobre todo en compras y desarrollo de capacidades.&nbsp;<\/p>\n\n\n\n<p>El documento oficial se ha publicado en el <a href=\"https:\/\/www.bmvg.de\/resource\/blob\/6093766\/01b1718498c25db9010ea13724d7a37a\/dl-gesamtkonzeption-der-militaerischen-download-deu-data.pdf\" target=\"_blank\" rel=\"noopener\"><em>Ministerio Federal de Defensa de Alemania<\/em><\/a>.<\/p>\n","protected":false},"excerpt":{"rendered":"<p>El 22 de abril de 2026, en Berl\u00edn, el ministro de Defensa Boris Pistorius present\u00f3 un paquete de documentos clave &#8230; <\/p>\n<p class=\"read-more-container\"><a title=\"Alemania desaf\u00eda las reglas y lleva a cabo una maniobra militar que no se hab\u00eda atrevido a realizar en 81 a\u00f1os: quiere convertir a la Bundeswehr en el Ej\u00e9rcito m\u00e1s fuerte de Europa con m\u00e1s de 460.000 soldados\" class=\"read-more button\" href=\"https:\/\/okdiario.com\/techy\/alemania-desafia-las-reglas-y-lleva-a-cabo-una-maniobra-militar-que-no-se-habia-atrevido-a-realizar-en-81-anos-quiere-convertir-a-la-bundeswehr-en-el-ejercito-mas-fuerte-de-europa-con-mas-de-460-000\/3327\/#more-3327\" aria-label=\"Leer m\u00e1s sobre Alemania desaf\u00eda las reglas y lleva a cabo una maniobra militar que no se hab\u00eda atrevido a realizar en 81 a\u00f1os: quiere convertir a la Bundeswehr en el Ej\u00e9rcito m\u00e1s fuerte de Europa con m\u00e1s de 460.000 soldados\">Read more<\/a><\/p>\n","protected":false},"author":7,"featured_media":3328,"comment_status":"open","ping_status":"","sticky":false,"template":"","format":"standard","meta":{"footnotes":""},"categories":[19],"tags":[],"class_list":["post-3327","post","type-post","status-publish","format-standard","has-post-thumbnail","hentry","category-militar","resize-featured-image"],"_links":{"self":[{"href":"https:\/\/okdiario.com\/techy\/wp-json\/wp\/v2\/posts\/3327","targetHints":{"allow":["GET"]}}],"collection":[{"href":"https:\/\/okdiario.com\/techy\/wp-json\/wp\/v2\/posts"}],"about":[{"href":"https:\/\/okdiario.com\/techy\/wp-json\/wp\/v2\/types\/post"}],"author":[{"embeddable":true,"href":"https:\/\/okdiario.com\/techy\/wp-json\/wp\/v2\/users\/7"}],"replies":[{"embeddable":true,"href":"https:\/\/okdiario.com\/techy\/wp-json\/wp\/v2\/comments?post=3327"}],"version-history":[{"count":1,"href":"https:\/\/okdiario.com\/techy\/wp-json\/wp\/v2\/posts\/3327\/revisions"}],"predecessor-version":[{"id":3329,"href":"https:\/\/okdiario.com\/techy\/wp-json\/wp\/v2\/posts\/3327\/revisions\/3329"}],"wp:featuredmedia":[{"embeddable":true,"href":"https:\/\/okdiario.com\/techy\/wp-json\/wp\/v2\/media\/3328"}],"wp:attachment":[{"href":"https:\/\/okdiario.com\/techy\/wp-json\/wp\/v2\/media?parent=3327"}],"wp:term":[{"taxonomy":"category","embeddable":true,"href":"https:\/\/okdiario.com\/techy\/wp-json\/wp\/v2\/categories?post=3327"},{"taxonomy":"post_tag","embeddable":true,"href":"https:\/\/okdiario.com\/techy\/wp-json\/wp\/v2\/tags?post=3327"}],"curies":[{"name":"wp","href":"https:\/\/api.w.org\/{rel}","templated":true}]}}