{"id":3296,"date":"2026-04-30T09:54:37","date_gmt":"2026-04-30T07:54:37","guid":{"rendered":"https:\/\/okdiario.com\/techy\/?p=3296"},"modified":"2026-04-30T09:54:38","modified_gmt":"2026-04-30T07:54:38","slug":"apple-confirma-la-peor-noticia-a-partir-de-junio-estos-4-modelos-de-iphone-no-podran-instalar-nuevas-actualizaciones","status":"publish","type":"post","link":"https:\/\/okdiario.com\/techy\/apple-confirma-la-peor-noticia-a-partir-de-junio-estos-4-modelos-de-iphone-no-podran-instalar-nuevas-actualizaciones\/3296\/","title":{"rendered":"Apple confirma la peor noticia: a partir de junio estos 4 modelos de iPhone no podr\u00e1n instalar nuevas actualizaciones"},"content":{"rendered":"\n<p>Apple ya tiene marcada en el calendario su conferencia de desarrolladores de 2026, el escaparate donde suele ense\u00f1ar el pr\u00f3ximo gran iOS. Y, como cada a\u00f1o, llega la pregunta inc\u00f3moda para muchos usuarios, tu iPhone seguir\u00e1 en la lista o toca despedirse de las novedades.<\/p>\n\n\n\n<p>Una filtraci\u00f3n reciente sugiere que iOS 27 no estar\u00eda disponible para el iPhone 11, el iPhone 11 Pro, el iPhone 11 Pro Max y el iPhone SE de segunda generaci\u00f3n. No es informaci\u00f3n oficial todav\u00eda, pero encaja con el patr\u00f3n habitual de Apple de ir recortando modelos veteranos cuando llega una versi\u00f3n grande. \u00bfTe suena alguno?<\/p>\n\n\n\n<h2 class=\"wp-block-heading\">Qu\u00e9 se sabe del anuncio de junio<\/h2>\n\n\n\n<p>Apple ha confirmado que la WWDC 2026 se celebrar\u00e1 del 8 al 12 de junio y que, en gran parte, ser\u00e1 online y gratuita. Es el evento donde la compa\u00f1\u00eda presenta nuevas versiones de sus sistemas, aunque los detalles finos se guardan para el arranque de la semana.<\/p>\n\n\n\n<div class=\"gb-element-a00da4e5\">\n<div><div class=\"gb-looper-46613eed\">\n<div class=\"gb-loop-item gb-loop-item-8c98df46 post-3287 post type-post status-publish format-standard has-post-thumbnail hentry category-dispositivos resize-featured-image\">\n<h4 class=\"gb-text gb-text-8d3e7b89\">Lea tambi\u00e9n: <a href=\"https:\/\/okdiario.com\/techy\/los-expertos-instan-a-actualizar-de-forma-urgente-tu-iphone-si-sigues-usando-ios-18-por-una-brecha-de-seguridad-irreparable\/3287\/\">Los expertos instan a actualizar de forma urgente tu iPhone si sigues usando iOS 18 por una brecha de seguridad irreparable<\/a><\/h4>\n<\/div>\n<\/div><\/div>\n<\/div>\n\n\n\n<p>Lo normal es que primero llegue una beta, una versi\u00f3n de pruebas pensada para desarrolladores y para detectar fallos antes de que el software llegue a millones de m\u00f3viles. Despu\u00e9s viene un verano de ajustes y, ya en oto\u00f1o, el lanzamiento para todo el mundo con la actualizaci\u00f3n estable.<\/p>\n\n\n\n<h2 class=\"wp-block-heading\">Los cuatro modelos que se quedar\u00edan en iOS 26<\/h2>\n\n\n\n<p>La lista que circula apunta a un corte claro, iOS 27 arrancar\u00eda en la familia iPhone 12 y en los modelos posteriores. Eso dejar\u00eda fuera a los tres iPhone 11 y al iPhone SE de 2020, seg\u00fan la informaci\u00f3n atribuida al filtrador Instant Digital.<\/p>\n\n\n\n<div class=\"gb-element-1c142564\">\n<div><div class=\"gb-looper-49bccbe7\">\n<div class=\"gb-loop-item gb-loop-item-282dc1c0 post-3242 post type-post status-publish format-standard has-post-thumbnail hentry category-dispositivos resize-featured-image\">\n<h4 class=\"gb-text gb-text-260a2eac\">Lea tambi\u00e9n: <a href=\"https:\/\/okdiario.com\/techy\/whatsapp-confirma-la-actualizacion-mas-grande-de-su-historia-y-esta-es-la-lista-de-moviles-compatibles\/3242\/\">WhatsApp confirma la actualizaci\u00f3n m\u00e1s grande de su historia y esta es la lista de m\u00f3viles compatibles<\/a><\/h4>\n<\/div>\n<\/div><\/div>\n<\/div>\n\n\n\n<p>Hay un detalle que ayuda a entenderlo sin meterse en tecnicismos, los cuatro comparten un chip A13 <a href=\"https:\/\/www.apple.com\/newsroom\/2019\/09\/apple-introduces-dual-camera-iphone-11\/\" target=\"_blank\" rel=\"noopener\">Bionic<\/a>, que es el \u00abmotor\u00bb que mueve el sistema y las apps. Apple present\u00f3 el iPhone 11 en septiembre de 2019 con ese chip, y repiti\u00f3 la misma pieza en el iPhone SE de segunda generaci\u00f3n en abril de 2020.<\/p>\n\n\n\n<h2 class=\"wp-block-heading\">Qu\u00e9 implica quedarse en iOS 26<\/h2>\n\n\n\n<p>Quedarse en iOS 26 no significa que el m\u00f3vil deje de servir ma\u00f1ana. Apple sigue publicando <a href=\"https:\/\/okdiario.com\/techy\/tu-iphone-tiene-una-actualizacion-silenciosa-que-apple-no-quiere-que-conozcas-es-ios-26-3-1-a-y-soluciona-un-peligro\/2775\/\">parches<\/a> de seguridad para iOS cuando detecta fallos importantes, y uno reciente, iOS 26.4.2, lleg\u00f3 el 22 de abril de 2026 precisamente con ese objetivo.<\/p>\n\n\n\n<div class=\"gb-element-a467ed0f\">\n<div><div class=\"gb-looper-9e01ef61\">\n<div class=\"gb-loop-item gb-loop-item-cece9848 post-3278 post type-post status-publish format-standard has-post-thumbnail hentry category-dispositivos resize-featured-image\">\n<h4 class=\"gb-text gb-text-58eef54b\">Lea tambi\u00e9n: <a href=\"https:\/\/okdiario.com\/techy\/cientificos-alemanes-revelan-la-lista-de-los-moviles-que-emiten-mas-radiacion-todos-modelos-los-afectados\/3278\/\">Cient\u00edficos alemanes revelan la lista de los m\u00f3viles que emiten m\u00e1s radiaci\u00f3n: todos modelos los afectados<\/a><\/h4>\n<\/div>\n<\/div><\/div>\n<\/div>\n\n\n\n<p>La diferencia es m\u00e1s lenta y m\u00e1s cotidiana, no tendr\u00e1s las funciones nuevas de iOS 27 y, con el tiempo, algunas apps podr\u00edan empezar a pedir una versi\u00f3n m\u00e1s reciente. Adem\u00e1s, iOS 26 ya marc\u00f3 un cambio visual con el dise\u00f1o \u00abLiquid Glass\u00bb, as\u00ed que los ajustes que vengan despu\u00e9s en esa l\u00ednea no llegar\u00edan a estos modelos si la filtraci\u00f3n se confirma.<\/p>\n\n\n\n<h2 class=\"wp-block-heading\">Lo que se rumorea sobre iOS 27 y la nueva Siri<\/h2>\n\n\n\n<p>De iOS 27 todav\u00eda hay pocas certezas, pero el foco parece estar en la <a href=\"https:\/\/okdiario.com\/techy\/esta-funcion-inservible-se-estaba-cargando-la-bateria-de-mi-movil-desde-que-la-desactive-el-iphone-parece-nuevo\/2858\/\">IA<\/a>, la inteligencia artificial que intenta que el m\u00f3vil entienda mejor lo que quieres hacer. Apple y Google publicaron en enero de 2026 un comunicado conjunto en el que hablan de una colaboraci\u00f3n para que los pr\u00f3ximos modelos base de Apple se apoyen en la tecnolog\u00eda <a href=\"https:\/\/blog.google\/company-news\/inside-google\/company-announcements\/joint-statement-google-apple\/\" target=\"_blank\" rel=\"noopener\">Gemini<\/a>, y mencionan una Siri \u00abm\u00e1s personalizada\u00bb como parte de ese camino.<\/p>\n\n\n\n<p>Tambi\u00e9n hay pistas en la propia campa\u00f1a de la WWDC. Algunos informes se\u00f1alan que Apple est\u00e1 probando un nuevo aspecto de <a href=\"https:\/\/9to5mac.com\/2026\/04\/19\/apple-has-already-teased-siris-new-design-coming-in-ios-27\/\" target=\"_blank\" rel=\"noopener\">Siri<\/a> dentro de la Dynamic Island, con un mensaje tipo \u00abSearch or Ask\u00bb y un brillo que coincide con el arte promocional del evento.<\/p>\n\n\n\n<div class=\"gb-element-a132aae2\">\n<div><div class=\"gb-looper-fd025f39\">\n<div class=\"gb-loop-item gb-loop-item-867ea360 post-3265 post type-post status-publish format-standard has-post-thumbnail hentry category-inteligencia-artificial resize-featured-image\">\n<h4 class=\"gb-text gb-text-47e79746\">Lea tambi\u00e9n: <a href=\"https:\/\/okdiario.com\/techy\/openai-llevaba-anos-fallando-en-el-mismo-proceso-pero-la-actualizacion-de-chatgpt-images-2-0-confirma-que-el-futuro-ya-esta-aqui\/3265\/\">OpenAI llevaba a\u00f1os fallando en el mismo proceso pero la actualizaci\u00f3n de ChatGPT Images 2.0 confirma que el futuro ya est\u00e1 aqu\u00ed<\/a><\/h4>\n<\/div>\n<\/div><\/div>\n<\/div>\n\n\n\n<p>M\u00e1s all\u00e1 de Siri, se habla de funciones de \u00abInteligencia Visual\u00bb que usar\u00edan la c\u00e1mara para entender lo que est\u00e1s viendo, por ejemplo leer etiquetas de nutrici\u00f3n o captar datos de contacto de una tarjeta. Y, por otro lado, hay rumores de peque\u00f1os ajustes en \u00abLiquid Glass\u00bb para mejorar legibilidad y control de transparencias, sin un redise\u00f1o completo otra vez.<\/p>\n\n\n\n<h2 class=\"wp-block-heading\">Qu\u00e9 pueden hacer los due\u00f1os de un iPhone 11 o un SE 2020<\/h2>\n\n\n\n<p>Si tienes uno de esos modelos, lo m\u00e1s sensato ahora es mantener iOS 26 al d\u00eda y revisar las <a href=\"https:\/\/okdiario.com\/techy\/alerta-critica-de-seguridad-en-iphone-apple-confirma-los-ataques-a-estas-versiones-de-ios-y-la-solucion-es-mas-sencilla-de-lo-que-parece\/2950\/\">actualizaciones<\/a> autom\u00e1ticas en Ajustes, porque es ah\u00ed donde llegan los parches que corrigen problemas reales. Es como cambiar el aceite del coche, nadie lo presume, pero se nota cuando no lo haces.<\/p>\n\n\n\n<div class=\"gb-element-2a1e2a86\">\n<div><div class=\"gb-looper-accd8835\">\n<div class=\"gb-loop-item gb-loop-item-a8390598 post-3245 post type-post status-publish format-standard has-post-thumbnail hentry category-inteligencia-artificial resize-featured-image\">\n<h4 class=\"gb-text gb-text-24a51617\">Lea tambi\u00e9n: <a href=\"https:\/\/okdiario.com\/techy\/espana-estrena-los-supermercados-del-futuro-comprar-por-whatsapp-con-ia-ya-es-posible-y-tienes-la-compra-en-tu-casa-en-1-hora\/3245\/\">Espa\u00f1a estrena los supermercados del futuro: comprar por WhatsApp con IA ya es posible y tienes la compra en tu casa en 1 hora<\/a><\/h4>\n<\/div>\n<\/div><\/div>\n<\/div>\n\n\n\n<p>A partir de ah\u00ed, calma. Si el m\u00f3vil va bien para mensajer\u00eda, fotos y el d\u00eda a d\u00eda, puedes esperar a junio, cuando Apple confirme la lista final y muestre qu\u00e9 trae iOS 27 de verdad. Y si tu <a href=\"https:\/\/okdiario.com\/techy\/la-cuenta-atras-ha-comenzado-y-apple-lo-confirma-la-lista-de-los-iphone-ipad-y-portatiles-afectados\/2754\/\">iPhone<\/a> ya va justo de bater\u00eda o rendimiento, entonces s\u00ed, quiz\u00e1 sea el momento de mirar opciones m\u00e1s nuevas con tiempo y sin compras por p\u00e1nico.<\/p>\n\n\n\n<p>El informe principal se ha publicado en MacRumors y la nota de prensa oficial se ha publicado en <a href=\"https:\/\/www.apple.com\/newsroom\/2026\/03\/apples-worldwide-developers-conference-returns-the-week-of-june-8\/\" target=\"_blank\" rel=\"noopener\"><em>Newsroom<\/em><\/a>.<\/p>\n","protected":false},"excerpt":{"rendered":"<p>Apple ya tiene marcada en el calendario su conferencia de desarrolladores de 2026, el escaparate donde suele ense\u00f1ar el pr\u00f3ximo &#8230; <\/p>\n<p class=\"read-more-container\"><a title=\"Apple confirma la peor noticia: a partir de junio estos 4 modelos de iPhone no podr\u00e1n instalar nuevas actualizaciones\" class=\"read-more button\" href=\"https:\/\/okdiario.com\/techy\/apple-confirma-la-peor-noticia-a-partir-de-junio-estos-4-modelos-de-iphone-no-podran-instalar-nuevas-actualizaciones\/3296\/#more-3296\" aria-label=\"Leer m\u00e1s sobre Apple confirma la peor noticia: a partir de junio estos 4 modelos de iPhone no podr\u00e1n instalar nuevas actualizaciones\">Read more<\/a><\/p>\n","protected":false},"author":7,"featured_media":3297,"comment_status":"open","ping_status":"closed","sticky":false,"template":"","format":"standard","meta":{"footnotes":""},"categories":[4],"tags":[],"class_list":["post-3296","post","type-post","status-publish","format-standard","has-post-thumbnail","hentry","category-dispositivos","resize-featured-image"],"_links":{"self":[{"href":"https:\/\/okdiario.com\/techy\/wp-json\/wp\/v2\/posts\/3296","targetHints":{"allow":["GET"]}}],"collection":[{"href":"https:\/\/okdiario.com\/techy\/wp-json\/wp\/v2\/posts"}],"about":[{"href":"https:\/\/okdiario.com\/techy\/wp-json\/wp\/v2\/types\/post"}],"author":[{"embeddable":true,"href":"https:\/\/okdiario.com\/techy\/wp-json\/wp\/v2\/users\/7"}],"replies":[{"embeddable":true,"href":"https:\/\/okdiario.com\/techy\/wp-json\/wp\/v2\/comments?post=3296"}],"version-history":[{"count":1,"href":"https:\/\/okdiario.com\/techy\/wp-json\/wp\/v2\/posts\/3296\/revisions"}],"predecessor-version":[{"id":3298,"href":"https:\/\/okdiario.com\/techy\/wp-json\/wp\/v2\/posts\/3296\/revisions\/3298"}],"wp:featuredmedia":[{"embeddable":true,"href":"https:\/\/okdiario.com\/techy\/wp-json\/wp\/v2\/media\/3297"}],"wp:attachment":[{"href":"https:\/\/okdiario.com\/techy\/wp-json\/wp\/v2\/media?parent=3296"}],"wp:term":[{"taxonomy":"category","embeddable":true,"href":"https:\/\/okdiario.com\/techy\/wp-json\/wp\/v2\/categories?post=3296"},{"taxonomy":"post_tag","embeddable":true,"href":"https:\/\/okdiario.com\/techy\/wp-json\/wp\/v2\/tags?post=3296"}],"curies":[{"name":"wp","href":"https:\/\/api.w.org\/{rel}","templated":true}]}}