{"id":3255,"date":"2026-04-26T12:32:00","date_gmt":"2026-04-26T10:32:00","guid":{"rendered":"https:\/\/techy44.okdiario.com\/?p=3255"},"modified":"2026-04-24T13:23:53","modified_gmt":"2026-04-24T11:23:53","slug":"preocupacion-en-el-gobierno-de-espana-su-buque-insignia-el-submarino-s-81-isaac-peral-tiene-un-fallo-critico-que-afecta-al-sistema-de-soplado-de-lastre","status":"publish","type":"post","link":"https:\/\/okdiario.com\/techy\/preocupacion-en-el-gobierno-de-espana-su-buque-insignia-el-submarino-s-81-isaac-peral-tiene-un-fallo-critico-que-afecta-al-sistema-de-soplado-de-lastre\/3255\/","title":{"rendered":"Preocupaci\u00f3n en el Gobierno de Espa\u00f1a: su buque insignia, el submarino S-81 Isaac Peral tiene un fallo cr\u00edtico que afecta al sistema de soplado de lastre"},"content":{"rendered":"\n<p>El submarino <a href=\"https:\/\/okdiario.com\/techy\/zarpa-el-s-81-isaac-peral-asi-es-el-submarino-mas-moderno-de-la-armada-y-su-primer-despliegue-en-una-mision-otan-en-2026\/2324\/\">S-81<\/a> Isaac Peral es una de las grandes apuestas tecnol\u00f3gicas de la Armada espa\u00f1ola. Cuando un buque as\u00ed se estrena, cada ajuste cuenta, porque bajo el agua no hay margen para la improvisaci\u00f3n.<\/p>\n\n\n\n<p>En los \u00faltimos d\u00edas, un reportaje ha puesto el foco en un elemento muy concreto, el sistema que ayuda a recuperar flotabilidad en una situaci\u00f3n l\u00edmite. Defensa sostiene que el submarino est\u00e1 certificado y operativo, pero el tema ha reabierto una pregunta inc\u00f3moda y muy pr\u00e1ctica, cu\u00e1nto falta para que un dise\u00f1o nuevo se sienta \u201crodado\u201d de verdad.<\/p>\n\n\n\n<h2 class=\"wp-block-heading\">Qu\u00e9 se ha publicado<\/h2>\n\n\n\n<p>Una <a href=\"https:\/\/www.lavanguardia.com\/politica\/20260419\/11516993\/supersubmarino-espanol-s-81-navego-doble-sistema-emerger-desactivado.html\" target=\"_blank\" rel=\"noopener\">investigaci\u00f3n<\/a> firmada por Gemma Saura e Ignacio Orovio sostiene que el S-81 lleg\u00f3 a navegar sin un sistema clave para emerger en caso de emergencia. El punto sensible ser\u00eda el \u201csoplado de lastre de emergencia\u201d, que usa aire a presi\u00f3n para expulsar agua de los tanques y hacer que el submarino suba.<\/p>\n\n\n\n<div class=\"gb-element-a00da4e5\">\n<div><div class=\"gb-looper-46613eed\">\n<div class=\"gb-loop-item gb-loop-item-a8390598 post-3216 post type-post status-publish format-standard has-post-thumbnail hentry category-militar resize-featured-image\">\n<h4 class=\"gb-text gb-text-24a51617\">Lea tambi\u00e9n: <a href=\"https:\/\/okdiario.com\/techy\/espana-se-prepara-para-construir-un-megaedificio-inaudito-para-guardar-los-blindados-vcr-8x8-dragon\/3216\/\">Espa\u00f1a se prepara para construir un megaedificio inaudito para guardar los blindados VCR 8&#215;8 &#8216;Drag\u00f3n&#8217;<\/a><\/h4>\n<\/div>\n<\/div><\/div>\n<\/div>\n\n\n\n<p>El reportaje sit\u00faa el problema en v\u00e1lvulas de no retorno, piezas que dejan pasar el flujo en un solo sentido y evitan que el agua vuelva hacia atr\u00e1s. Tambi\u00e9n menciona que el aire a presi\u00f3n puede enfriar tuber\u00edas y llegar a bloquear el circuito si quedan restos de agua, un riesgo que habr\u00eda llevado a mantener el sistema fuera de servicio seg\u00fan fuentes citadas.<\/p>\n\n\n\n<p>Desde el Ministerio de Defensa, siempre seg\u00fan ese mismo reportaje, la versi\u00f3n oficial es que el S-81 \u201cse encuentra plenamente operativo y certificado\u201d y que \u201clos ajustes y correcciones\u201d son normales en \u201csistemas complejos\u201d. Defensa a\u00f1ade que el soplado de emergencia \u201cha estado y est\u00e1 plenamente operativo\u201d y que las inmersiones se hacen con protocolos estrictos y sistemas cr\u00edticos disponibles, mientras el submarino pasa por un mantenimiento programado en Cartagena.<\/p>\n\n\n\n<h2 class=\"wp-block-heading\">Lastre y seguridad<\/h2>\n\n\n\n<p>Para entender por qu\u00e9 esto importa, hay que imaginar el submarino como un \u201cascensor\u201d que se controla con agua. Cuando llena sus tanques de lastre, pesa m\u00e1s y baja. Cuando los vac\u00eda, recupera flotabilidad y sube.<\/p>\n\n\n\n<div class=\"gb-element-c2ee5136\">\n<div><div class=\"gb-looper-660d1c6f\">\n<div class=\"gb-loop-item gb-loop-item-bb758640 post-3213 post type-post status-publish format-standard has-post-thumbnail hentry category-militar resize-featured-image\">\n<h4 class=\"gb-text gb-text-ee659f38\">Lea tambi\u00e9n: <a href=\"https:\/\/okdiario.com\/techy\/hito-en-los-sistemas-de-defensa-indra-llevara-sistemas-de-guerra-electronica-a-6-submarinos-tipo-212cd-del-ejercito-aleman-y-noruego\/3213\/\">Hito en los sistemas de defensa: Indra llevar\u00e1 sistemas de guerra electr\u00f3nica a 6 submarinos Tipo 212CD del Ej\u00e9rcito alem\u00e1n y noruego<\/a><\/h4>\n<\/div>\n<\/div><\/div>\n<\/div>\n\n\n\n<p>El soplado de emergencia es una capa extra para los peores d\u00edas, no para la rutina. En la pr\u00e1ctica, es un atajo para ganar flotabilidad r\u00e1pido si algo va mal, por ejemplo una entrada de agua o una p\u00e9rdida de control de profundidad. No es el \u00fanico recurso, pero s\u00ed uno de los que se espera que est\u00e9n listos cuando la situaci\u00f3n se complica.<\/p>\n\n\n\n<h2 class=\"wp-block-heading\">Qu\u00e9 es el S-81<\/h2>\n\n\n\n<p>El S-81 Isaac Peral fue <a href=\"https:\/\/armada.defensa.gob.es\/ArmadaPortal\/page\/Portal\/ArmadaEspannola\/conocenosnoticias\/prefLang-es\/00noticias--2023--11--NT-233-ENTREGA-SUBMARINO-es?_pageAction=selectItem&amp;_selectedNodeID=5841097\" target=\"_blank\" rel=\"noopener\">entregado<\/a> a la Armada el 30 de noviembre de 2023 en el Arsenal de Cartagena, como primera unidad de la serie S-80 construida por Navantia. En esa etapa, la Armada destac\u00f3 el proceso de formaci\u00f3n y certificaci\u00f3n de la dotaci\u00f3n, con m\u00e1s de 1.500 horas de simulador antes de las pruebas de mar.<\/p>\n\n\n\n<p>La <a href=\"https:\/\/armada.defensa.gob.es\/ArmadaPortal\/page\/Portal\/ArmadaEspannola\/buquessubmarinos\/prefLang-es\/02s80--02IsaacPeralS81\" target=\"_blank\" rel=\"noopener\">ficha<\/a> oficial del submarino recoge que mide 80,81 metros y detalla su configuraci\u00f3n de propulsi\u00f3n, con di\u00e9sel generadores y un motor el\u00e9ctrico principal. Tambi\u00e9n aclara un punto que suele generar confusi\u00f3n, el sistema <a href=\"https:\/\/www.navantia.es\/es\/producto\/s80\/\" target=\"_blank\" rel=\"noopener\">AIP<\/a>, pensado para alargar la autonom\u00eda bajo el agua, no se incorpora de inicio en las dos primeras unidades y se integrar\u00e1 m\u00e1s adelante en su gran revisi\u00f3n.<\/p>\n\n\n\n<div class=\"gb-element-06728b58\">\n<div><div class=\"gb-looper-e821bdb1\">\n<div class=\"gb-loop-item gb-loop-item-a58de98b post-3210 post type-post status-publish format-standard has-post-thumbnail hentry category-informatica resize-featured-image\">\n<h4 class=\"gb-text gb-text-28c299e9\">Lea tambi\u00e9n: <a href=\"https:\/\/okdiario.com\/techy\/los-hdmi-estan-a-punto-de-desaparecer-porque-su-sustituto-transmite-en-4k-sin-utilizar-cables-gracias-a-la-tecnologia-inalambrica\/3210\/\">Los HDMI est\u00e1n a punto de desaparecer porque su sustituto transmite en 4K sin utilizar cables gracias a la tecnolog\u00eda inal\u00e1mbrica<\/a><\/h4>\n<\/div>\n<\/div><\/div>\n<\/div>\n\n\n\n<p>Por el lado industrial, <a href=\"https:\/\/okdiario.com\/techy\/espana-alcanza-un-acuerdo-clave-con-turquia-y-confirma-navantia-se-encargara-del-mantenimiento-del-buque-anfibio-tcg-anadolu\/3126\/\">Navantia<\/a> describe el programa S-80 Plus como un dise\u00f1o espa\u00f1ol de nueva generaci\u00f3n y explica su AIP BEST, basado en bioetanol y pila de combustible. En t\u00e9rminos sencillos, la idea es producir electricidad a bordo sin necesidad de salir a superficie durante periodos largos, con estimaciones de hasta unas tres semanas en inmersi\u00f3n cuando el sistema est\u00e1 integrado.<\/p>\n\n\n\n<h2 class=\"wp-block-heading\">Pruebas con la OTAN<\/h2>\n\n\n\n<p>El S-81 ya ha salido a misiones que sirven como examen real. El Estado Mayor de la Defensa inform\u00f3 de su salida el 15 de octubre de 2025 para integrarse en la Operaci\u00f3n Sea Guardian, con una tripulaci\u00f3n de 55 militares y el capit\u00e1n de corbeta Fernando Clavijo Rey-Stolle al mando. En paralelo, la <a href=\"https:\/\/www.nato.int\/en\/what-we-do\/operations-and-missions\/operation-sea-guardian\" target=\"_blank\" rel=\"noopener\">OTAN<\/a> explica que Sea Guardian es una operaci\u00f3n lanzada en noviembre de 2016 para tareas de seguridad mar\u00edtima, conocimiento del entorno y lucha contra el terrorismo en el Mediterr\u00e1neo.<\/p>\n\n\n\n<div class=\"gb-element-edf1db12\">\n<div><div class=\"gb-looper-9f833e69\">\n<div class=\"gb-loop-item gb-loop-item-336c7811 post-3207 post type-post status-publish format-standard has-post-thumbnail hentry category-actualidad resize-featured-image\">\n<h4 class=\"gb-text gb-text-76e7521c\">Lea tambi\u00e9n: <a href=\"https:\/\/okdiario.com\/techy\/panico-en-el-mercado-de-servidores-la-escasez-de-componentes-electronicos-basicos-va-a-provocar-un-apagon-en-las-entregas\/3207\/\">P\u00e1nico en el mercado de servidores: la escasez de componentes electr\u00f3nicos b\u00e1sicos va a provocar un apag\u00f3n en las entregas<\/a><\/h4>\n<\/div>\n<\/div><\/div>\n<\/div>\n\n\n\n<p>Cuando <a href=\"https:\/\/armada.defensa.gob.es\/ArmadaPortal\/page\/Portal\/ArmadaEspannola\/conocenosnoticias\/prefLang-es\/00noticias--2025--11--NT-112-F81-es?_pageAction=selectItem&amp;_pageNum=0&amp;_selectedNodeID=6027111&amp;paramNo=000000\" target=\"_blank\" rel=\"noopener\">regres\u00f3<\/a> el 28 de noviembre de 2025, la <a href=\"https:\/\/okdiario.com\/techy\/la-armada-de-espana-quiere-cambiar-las-fragatas-santa-maria-y-su-sustituta-sera-la-f-110-flight-con-48-celdas-de-lanzamiento-vertical\/3089\/\">Armada<\/a> se\u00f1al\u00f3 46 d\u00edas de despliegue, 840 horas de inmersi\u00f3n y m\u00e1s de 5.050 millas n\u00e1uticas recorridas, present\u00e1ndolo como prueba de \u201cplena capacidad operativa\u201d. Ese tipo de cifras no son solo r\u00e9cords, tambi\u00e9n son horas de uso real que revelan qu\u00e9 piezas aguantan bien y cu\u00e1les piden ajustes.<\/p>\n\n\n\n<p>Y el calendario sigui\u00f3. El 12 de febrero de 2026, la Armada comunic\u00f3 un nuevo despliegue en la operaci\u00f3n aliada \u201cNoble Shield\u201d y el propio comandante subray\u00f3 el papel de la tripulaci\u00f3n con una frase muy directa, \u201cLa dotaci\u00f3n es el principal motor de este submarino\u201d. Ese \u00e9nfasis es casi una pista para el lector, por mucha tecnolog\u00eda que haya, lo decisivo suele ser la mezcla de procedimientos, entrenamiento y mantenimiento.<\/p>\n\n\n\n<h2 class=\"wp-block-heading\">Lo que viene<\/h2>\n\n\n\n<p>En programas de defensa tan complejos, la madurez operativa no suele llegar de golpe. Llega con ciclos de mantenimiento, correcciones y despliegues sucesivos, hasta que los fallos repetidos dejan de aparecer y el barco encadena misiones sin sorpresas.<\/p>\n\n\n\n<div class=\"gb-element-6d845a50\">\n<div><div class=\"gb-looper-08c0dc55\">\n<div class=\"gb-loop-item gb-loop-item-7c0d42ae post-3190 post type-post status-publish format-standard has-post-thumbnail hentry category-dispositivos resize-featured-image\">\n<h4 class=\"gb-text gb-text-c166d3ce\">Lea tambi\u00e9n: <a href=\"https:\/\/okdiario.com\/techy\/la-ue-confirma-el-cambio-de-norma-en-2027-los-moviles-dejaran-de-ser-como-hasta-ahora-y-te-va-a-afectar-pero-no-como-creias\/3190\/\">La UE confirma el cambio de norma en 2027: los m\u00f3viles dejar\u00e1n de ser como hasta ahora y te va a afectar pero no como cre\u00edas<\/a><\/h4>\n<\/div>\n<\/div><\/div>\n<\/div>\n\n\n\n<p>Por eso, el debate sobre el S-81 Isaac Peral no va solo de una pieza concreta. Tambi\u00e9n toca la confianza en el programa S-80, la planificaci\u00f3n de disponibilidad de la Armada y la imagen de Navantia como constructor de submarinos en un momento en que <a href=\"https:\/\/okdiario.com\/techy\/alianza-historica-espana-e-italia-construyen-un-buque-de-guerra-que-cambia-la-defensa-naval-mundial\/2893\/\">Europa<\/a> vuelve a mirar el Mediterr\u00e1neo con m\u00e1s tensi\u00f3n de la habitual.<\/p>\n\n\n\n<p>La nota oficial citada se ha publicado en la <a href=\"https:\/\/armada.defensa.gob.es\/ArmadaPortal\/page\/Portal\/ArmadaEspannola\/conocenosnoticias\/prefLang-es\/00noticias--2026--02--NW-012-ISAAC-PERAL-es?_pageAction=selectItem&amp;_pageNum=0&amp;_selectedNodeID=6031189&amp;paramNo=000000\" target=\"_blank\" rel=\"noopener\"><em>Armada espa\u00f1ola<\/em><\/a>.<\/p>\n","protected":false},"excerpt":{"rendered":"<p>El submarino S-81 Isaac Peral es una de las grandes apuestas tecnol\u00f3gicas de la Armada espa\u00f1ola. Cuando un buque as\u00ed &#8230; <\/p>\n<p class=\"read-more-container\"><a title=\"Preocupaci\u00f3n en el Gobierno de Espa\u00f1a: su buque insignia, el submarino S-81 Isaac Peral tiene un fallo cr\u00edtico que afecta al sistema de soplado de lastre\" class=\"read-more button\" href=\"https:\/\/okdiario.com\/techy\/preocupacion-en-el-gobierno-de-espana-su-buque-insignia-el-submarino-s-81-isaac-peral-tiene-un-fallo-critico-que-afecta-al-sistema-de-soplado-de-lastre\/3255\/#more-3255\" aria-label=\"Leer m\u00e1s sobre Preocupaci\u00f3n en el Gobierno de Espa\u00f1a: su buque insignia, el submarino S-81 Isaac Peral tiene un fallo cr\u00edtico que afecta al sistema de soplado de lastre\">Read more<\/a><\/p>\n","protected":false},"author":3,"featured_media":3263,"comment_status":"open","ping_status":"","sticky":false,"template":"","format":"standard","meta":{"footnotes":""},"categories":[19],"tags":[],"class_list":["post-3255","post","type-post","status-publish","format-standard","has-post-thumbnail","hentry","category-militar","resize-featured-image"],"_links":{"self":[{"href":"https:\/\/okdiario.com\/techy\/wp-json\/wp\/v2\/posts\/3255","targetHints":{"allow":["GET"]}}],"collection":[{"href":"https:\/\/okdiario.com\/techy\/wp-json\/wp\/v2\/posts"}],"about":[{"href":"https:\/\/okdiario.com\/techy\/wp-json\/wp\/v2\/types\/post"}],"author":[{"embeddable":true,"href":"https:\/\/okdiario.com\/techy\/wp-json\/wp\/v2\/users\/3"}],"replies":[{"embeddable":true,"href":"https:\/\/okdiario.com\/techy\/wp-json\/wp\/v2\/comments?post=3255"}],"version-history":[{"count":2,"href":"https:\/\/okdiario.com\/techy\/wp-json\/wp\/v2\/posts\/3255\/revisions"}],"predecessor-version":[{"id":3264,"href":"https:\/\/okdiario.com\/techy\/wp-json\/wp\/v2\/posts\/3255\/revisions\/3264"}],"wp:featuredmedia":[{"embeddable":true,"href":"https:\/\/okdiario.com\/techy\/wp-json\/wp\/v2\/media\/3263"}],"wp:attachment":[{"href":"https:\/\/okdiario.com\/techy\/wp-json\/wp\/v2\/media?parent=3255"}],"wp:term":[{"taxonomy":"category","embeddable":true,"href":"https:\/\/okdiario.com\/techy\/wp-json\/wp\/v2\/categories?post=3255"},{"taxonomy":"post_tag","embeddable":true,"href":"https:\/\/okdiario.com\/techy\/wp-json\/wp\/v2\/tags?post=3255"}],"curies":[{"name":"wp","href":"https:\/\/api.w.org\/{rel}","templated":true}]}}