{"id":3227,"date":"2026-04-24T20:44:00","date_gmt":"2026-04-24T18:44:00","guid":{"rendered":"https:\/\/techy44.okdiario.com\/?p=3227"},"modified":"2026-04-22T13:21:03","modified_gmt":"2026-04-22T11:21:03","slug":"china-ya-se-prepara-para-la-tercera-guerra-mundial-y-confirma-la-instalacion-de-su-primera-bases-militar-fuera-del-pais-el-punto-mas-estrategico-del-mundo","status":"publish","type":"post","link":"https:\/\/okdiario.com\/techy\/china-ya-se-prepara-para-la-tercera-guerra-mundial-y-confirma-la-instalacion-de-su-primera-bases-militar-fuera-del-pais-el-punto-mas-estrategico-del-mundo\/3227\/","title":{"rendered":"China ya se prepara para la tercera Guerra Mundial y confirma la instalaci\u00f3n de su primera bases militar fuera del pa\u00eds: el punto m\u00e1s estrat\u00e9gico del mundo"},"content":{"rendered":"\n<p>Yibuti es un pa\u00eds peque\u00f1o del Cuerno de \u00c1frica, pero su costa est\u00e1 pegada a una autopista mar\u00edtima por la que pasan barcos con combustible, contenedores y, cada vez m\u00e1s, fuerzas militares. Ah\u00ed es donde China decidi\u00f3 instalar su primera presencia militar estable fuera de su territorio, un movimiento que cambi\u00f3 el tablero.<\/p>\n\n\n\n<p>No es una historia de ciencia ficci\u00f3n ni un anuncio de guerra inminente. Es, sobre todo, una decisi\u00f3n log\u00edstica con efectos pol\u00edticos, porque en esa misma franja de tierra conviven <a href=\"https:\/\/okdiario.com\/techy\/estados-unidos-rompe-con-todo-construye-una-base-naval-en-america-latina-que-desafia-el-panorama-militar\/2890\/\">bases<\/a> de varias potencias y cualquier incidente puede afectar a rutas comerciales de las que dependen millones de personas.<\/p>\n\n\n\n<h2 class=\"wp-block-heading\">Qu\u00e9 tiene de especial Bab el Mandeb<\/h2>\n\n\n\n<p>Bab el Mandeb es uno de esos lugares que casi nadie sabr\u00eda se\u00f1alar en un mapa, pero que pueden acelerar o frenar el comercio mundial. Piensa en un embudo, si lo estrechas, todo lo que viene detr\u00e1s se acumula.<\/p>\n\n\n\n<div class=\"gb-element-a00da4e5\">\n<div><div class=\"gb-looper-46613eed\">\n<div class=\"gb-loop-item gb-loop-item-a8390598 post-3117 post type-post status-publish format-standard has-post-thumbnail hentry category-militar resize-featured-image\">\n<h4 class=\"gb-text gb-text-24a51617\">Lea tambi\u00e9n: <a href=\"https:\/\/okdiario.com\/techy\/espana-tiene-la-clave-para-solucionar-uno-de-los-mayores-problemas-del-estrecho-de-ormuz-los-6-cazaminas-nacionales-con-sonar-avanzado-para-la-guerra-silenciosa\/3117\/\">Espa\u00f1a tiene la clave para solucionar uno de los mayores problemas del Estrecho de Ormuz: los 6 cazaminas nacionales con sonar avanzado para la guerra silenciosa<\/a><\/h4>\n<\/div>\n<\/div><\/div>\n<\/div>\n\n\n\n<p>Seg\u00fan la Agencia de Informaci\u00f3n Energ\u00e9tica de Estados Unidos, este estrecho conecta el mar Rojo con el golfo de Ad\u00e9n y es un \u201ccuello de botella\u201d para el transporte de energ\u00eda. Solo en 2018, la agencia estima que por ah\u00ed circularon en torno a seis millones de barriles al d\u00eda de petr\u00f3leo y derivados. Y a\u00f1ade un aviso pr\u00e1ctico, un bloqueo obligar\u00eda a muchos buques a rodear \u00c1frica, con m\u00e1s d\u00edas de viaje y m\u00e1s coste.<\/p>\n\n\n\n<h2 class=\"wp-block-heading\">C\u00f3mo Pek\u00edn explic\u00f3 su presencia militar<\/h2>\n\n\n\n<p>La confirmaci\u00f3n oficial se vio con claridad el 21 de enero de 2016, cuando Hong Lei, portavoz del Ministerio de Asuntos Exteriores de China, dijo que Pek\u00edn y Yibuti hab\u00edan alcanzado un \u201cconsenso\u201d para construir instalaciones log\u00edsticas. Lo justific\u00f3 por las dificultades reales de reabastecimiento de los barcos chinos que realizan misiones de escolta frente a Somalia y en el golfo de Ad\u00e9n.<\/p>\n\n\n\n<div class=\"gb-element-dc1c1f09\">\n<div><div class=\"gb-looper-b67de092\">\n<div class=\"gb-loop-item gb-loop-item-b5c4a650 post-3174 post type-post status-publish format-standard has-post-thumbnail hentry category-militar resize-featured-image\">\n<h4 class=\"gb-text gb-text-4f585101\">Lea tambi\u00e9n: <a href=\"https:\/\/okdiario.com\/techy\/china-se-adelanta-a-las-guerras-del-futuro-y-confirma-que-su-ejercito-esta-construyendo-la-gran-muralla-cuantica-con-10-armas-de-ciberguerra\/3174\/\">China se adelanta a las guerras del futuro y confirma que su Ej\u00e9rcito est\u00e1 construyendo la gran muralla cu\u00e1ntica con 10 armas de ciberguerra<\/a><\/h4>\n<\/div>\n<\/div><\/div>\n<\/div>\n\n\n\n<p>Un informe de 2017 del Center for Naval Analyses, firmado por Erica Downs, Jeffrey Becker y Patrick deGategno, interpret\u00f3 ese paso como un giro de fondo en la pol\u00edtica de seguridad china. En ese trabajo se describe la instalaci\u00f3n como una pieza que puede apoyar misiones contra la pirater\u00eda, evacuaciones de civiles y operaciones de paz. Tambi\u00e9n sit\u00faa a Yibuti como un pa\u00eds donde, en ese momento, conviv\u00edan despliegues de Estados Unidos, Francia, Jap\u00f3n, Italia y <a href=\"https:\/\/okdiario.com\/techy\/espana-da-un-giro-en-defensa-y-el-gobierno-lo-confirma-incorporan-aviones-airbus-a400m-para-reforzar-la-flota\/3057\/\">Espa\u00f1a<\/a>, entre otros.<\/p>\n\n\n\n<h2 class=\"wp-block-heading\">Un cruce de bases en pocos kil\u00f3metros<\/h2>\n\n\n\n<p>La convivencia de banderas no es un detalle menor en Yibuti. La Marina de Estados Unidos explica que Camp <a href=\"https:\/\/cnreurafcent.cnic.navy.mil\/Installations\/Camp-Lemonnier-Djibouti\/\" target=\"_blank\" rel=\"noopener\">Lemonnier<\/a> es su base principal para las operaciones de U.S. Africa Command en el Cuerno de \u00c1frica. Tambi\u00e9n detalla que da apoyo a unas 4.000 personas entre personal militar, civil y contratistas.<\/p>\n\n\n\n<div class=\"gb-element-45c293b0\">\n<div><div class=\"gb-looper-377fdb58\">\n<div class=\"gb-loop-item gb-loop-item-951b5544 post-3171 post type-post status-publish format-standard has-post-thumbnail hentry category-militar resize-featured-image\">\n<h4 class=\"gb-text gb-text-39f08ff7\">Lea tambi\u00e9n: <a href=\"https:\/\/okdiario.com\/techy\/eeuu-hace-temblar-a-sus-enemigos-y-confirma-el-primer-reabastecimiento-en-vuelo-del-bombardero-b-21-raider\/3171\/\">EEUU hace temblar a sus enemigos y confirma el primer reabastecimiento en vuelo del bombardero B-21 Raider<\/a><\/h4>\n<\/div>\n<\/div><\/div>\n<\/div>\n\n\n\n<p>Y aqu\u00ed llega la parte sensible, la distancia. Un estudio publicado en Military Law Review se\u00f1alaba que las principales instalaciones de Estados Unidos y China en Yibuti est\u00e1n separadas por poco m\u00e1s de una decena de kil\u00f3metros. Esa cercan\u00eda aumenta el riesgo de malentendidos y roces en un espacio ya muy vigilado.<\/p>\n\n\n\n<h2 class=\"wp-block-heading\">La palabra que asusta y lo que suele pasar<\/h2>\n\n\n\n<p>A veces se dice que este punto podr\u00eda ser el inicio de una \u201cTercera Guerra Mundial\u201d. Suena contundente, pero los riesgos que se discuten con m\u00e1s frecuencia son m\u00e1s cotidianos, un incidente, una interpretaci\u00f3n err\u00f3nea, una escalada por orgullo o por falta de comunicaci\u00f3n.<\/p>\n\n\n\n<div class=\"gb-element-9cd720b8\">\n<div><div class=\"gb-looper-ea395bb5\">\n<div class=\"gb-loop-item gb-loop-item-cec27dbf post-3168 post type-post status-publish format-standard has-post-thumbnail hentry category-actualidad resize-featured-image\">\n<h4 class=\"gb-text gb-text-1275048e\">Lea tambi\u00e9n: <a href=\"https:\/\/okdiario.com\/techy\/digi-da-un-paso-de-gigantes-en-espana-y-confirma-lo-que-los-clientes-llevan-anos-pidiendo-cuenta-atras-para-el-gran-cambio\/3168\/\">DIGI da un paso de gigantes en Espa\u00f1a y confirma lo que los clientes llevan a\u00f1os pidiendo: cuenta atr\u00e1s para el gran cambio<\/a><\/h4>\n<\/div>\n<\/div><\/div>\n<\/div>\n\n\n\n<p>En la pr\u00e1ctica, los choques graves suelen empezar por cosas peque\u00f1as, sobre todo cuando hay barcos, aviones y drones de distintos pa\u00edses operando cerca. Por eso la conversaci\u00f3n real gira en torno a protocolos, coordinaci\u00f3n y l\u00edmites, m\u00e1s que a profec\u00edas.<\/p>\n\n\n\n<h2 class=\"wp-block-heading\">Lo que puede notar Europa y Espa\u00f1a en el d\u00eda a d\u00eda<\/h2>\n\n\n\n<p>La importancia de este corredor se nota cuando se complica la navegaci\u00f3n por el mar Rojo. Naciones Unidas, a trav\u00e9s de UN Trade and Development, explic\u00f3 que a finales de 2023 y en el primer trimestre de 2024 muchos barcos desviaron rutas y rodearon el cabo de Buena Esperanza, con m\u00e1s distancia y m\u00e1s costes, y puso como ejemplo un viaje como Shangh\u00e1i a R\u00f3terdam que pod\u00eda alargarse alrededor de doce d\u00edas.<\/p>\n\n\n\n<div class=\"gb-element-e1f2818f\">\n<div><div class=\"gb-looper-316825b4\">\n<div class=\"gb-loop-item gb-loop-item-54703e23 post-3162 post type-post status-publish format-standard has-post-thumbnail hentry category-actualidad resize-featured-image\">\n<h4 class=\"gb-text gb-text-b72929f0\">Lea tambi\u00e9n: <a href=\"https:\/\/okdiario.com\/techy\/la-audiencia-nacional-confirma-la-condena-de-2-anos-de-carcel-por-las-iptv-piratas-hito-en-la-justicia-espanola\/3162\/\">La Audiencia Nacional confirma la condena de 2 a\u00f1os de c\u00e1rcel por las IPTV piratas: hito en la Justicia espa\u00f1ola<\/a><\/h4>\n<\/div>\n<\/div><\/div>\n<\/div>\n\n\n\n<p>Para Europa, esos desv\u00edos suelen traducirse en retrasos y subidas de precio en transporte, y eso termina afectando a cadenas de suministro de todo tipo. Yibuti, por su ubicaci\u00f3n, queda en medio de esa historia, no porque decida el comercio mundial, sino porque se ha convertido en el aparcamiento donde las grandes potencias se preparan para protegerlo.<\/p>\n\n\n\n<p>La confirmaci\u00f3n oficial se public\u00f3 en el <a href=\"https:\/\/np.china-embassy.gov.cn\/eng\/fyrth\/201601\/t20160121_1593976.htm\" target=\"_blank\" rel=\"noopener\"><em>Ministerio de Asuntos Exteriores de la Rep\u00fablica Popular China<\/em><\/a>.<\/p>\n","protected":false},"excerpt":{"rendered":"<p>Yibuti es un pa\u00eds peque\u00f1o del Cuerno de \u00c1frica, pero su costa est\u00e1 pegada a una autopista mar\u00edtima por la &#8230; <\/p>\n<p class=\"read-more-container\"><a title=\"China ya se prepara para la tercera Guerra Mundial y confirma la instalaci\u00f3n de su primera bases militar fuera del pa\u00eds: el punto m\u00e1s estrat\u00e9gico del mundo\" class=\"read-more button\" href=\"https:\/\/okdiario.com\/techy\/china-ya-se-prepara-para-la-tercera-guerra-mundial-y-confirma-la-instalacion-de-su-primera-bases-militar-fuera-del-pais-el-punto-mas-estrategico-del-mundo\/3227\/#more-3227\" aria-label=\"Leer m\u00e1s sobre China ya se prepara para la tercera Guerra Mundial y confirma la instalaci\u00f3n de su primera bases militar fuera del pa\u00eds: el punto m\u00e1s estrat\u00e9gico del mundo\">Read more<\/a><\/p>\n","protected":false},"author":3,"featured_media":3228,"comment_status":"open","ping_status":"","sticky":false,"template":"","format":"standard","meta":{"footnotes":""},"categories":[19],"tags":[],"class_list":["post-3227","post","type-post","status-publish","format-standard","has-post-thumbnail","hentry","category-militar","resize-featured-image"],"_links":{"self":[{"href":"https:\/\/okdiario.com\/techy\/wp-json\/wp\/v2\/posts\/3227","targetHints":{"allow":["GET"]}}],"collection":[{"href":"https:\/\/okdiario.com\/techy\/wp-json\/wp\/v2\/posts"}],"about":[{"href":"https:\/\/okdiario.com\/techy\/wp-json\/wp\/v2\/types\/post"}],"author":[{"embeddable":true,"href":"https:\/\/okdiario.com\/techy\/wp-json\/wp\/v2\/users\/3"}],"replies":[{"embeddable":true,"href":"https:\/\/okdiario.com\/techy\/wp-json\/wp\/v2\/comments?post=3227"}],"version-history":[{"count":1,"href":"https:\/\/okdiario.com\/techy\/wp-json\/wp\/v2\/posts\/3227\/revisions"}],"predecessor-version":[{"id":3229,"href":"https:\/\/okdiario.com\/techy\/wp-json\/wp\/v2\/posts\/3227\/revisions\/3229"}],"wp:featuredmedia":[{"embeddable":true,"href":"https:\/\/okdiario.com\/techy\/wp-json\/wp\/v2\/media\/3228"}],"wp:attachment":[{"href":"https:\/\/okdiario.com\/techy\/wp-json\/wp\/v2\/media?parent=3227"}],"wp:term":[{"taxonomy":"category","embeddable":true,"href":"https:\/\/okdiario.com\/techy\/wp-json\/wp\/v2\/categories?post=3227"},{"taxonomy":"post_tag","embeddable":true,"href":"https:\/\/okdiario.com\/techy\/wp-json\/wp\/v2\/tags?post=3227"}],"curies":[{"name":"wp","href":"https:\/\/api.w.org\/{rel}","templated":true}]}}