{"id":3221,"date":"2026-04-24T15:42:00","date_gmt":"2026-04-24T13:42:00","guid":{"rendered":"https:\/\/techy44.okdiario.com\/?p=3221"},"modified":"2026-04-22T13:12:46","modified_gmt":"2026-04-22T11:12:46","slug":"creian-que-habian-desaparecido-para-siempre-pero-los-auriculares-con-cable-estan-volviendo-y-hay-un-motivo-de-peso","status":"publish","type":"post","link":"https:\/\/okdiario.com\/techy\/creian-que-habian-desaparecido-para-siempre-pero-los-auriculares-con-cable-estan-volviendo-y-hay-un-motivo-de-peso\/3221\/","title":{"rendered":"Cre\u00edan que hab\u00edan desaparecido para siempre pero los auriculares con cable est\u00e1n volviendo y hay un motivo de peso"},"content":{"rendered":"\n<p>Hace nada, el cable blanco parec\u00eda una reliquia. Hoy vuelve a asomar en el metro, en la calle y en v\u00eddeos de redes sociales, como si alguien hubiera rebobinado la moda tecnol\u00f3gica.<\/p>\n\n\n\n<div class=\"gb-element-a00da4e5\">\n<div><div class=\"gb-looper-46613eed\">\n<div class=\"gb-loop-item gb-loop-item-a8390598 post-3126 post type-post status-publish format-standard has-post-thumbnail hentry category-militar resize-featured-image\">\n<h4 class=\"gb-text gb-text-24a51617\">Lea tambi\u00e9n: <a href=\"https:\/\/okdiario.com\/techy\/espana-alcanza-un-acuerdo-clave-con-turquia-y-confirma-navantia-se-encargara-del-mantenimiento-del-buque-anfibio-tcg-anadolu\/3126\/\">Espa\u00f1a alcanza un acuerdo clave con Turqu\u00eda y confirma: NAVANTIA se encargar\u00e1 del mantenimiento del buque anfibio TCG Anadolu<\/a><\/h4>\n<\/div>\n<\/div><\/div>\n<\/div>\n\n\n\n<p>Detr\u00e1s del regreso de los auriculares con cable hay una mezcla de cansancio y pragmatismo. Un an\u00e1lisis publicado por ThePhoneLab sostiene que no se trata solo de una man\u00eda pasajera, sino de una peque\u00f1a respuesta a un mundo cada vez m\u00e1s <a href=\"https:\/\/okdiario.com\/techy\/los-airpods-de-apple-fueron-pioneros-pero-ya-tienen-los-dias-contados-por-xiaomi-acaba-de-presentar-los-redmi-buds-8-pro-por-menos-de-70e\/2583\/\">inal\u00e1mbrico<\/a>, m\u00e1s autom\u00e1tico y, a veces, m\u00e1s fr\u00e1gil.<\/p>\n\n\n\n<h2 class=\"wp-block-heading\">El cable vuelve<\/h2>\n\n\n\n<p>ThePhoneLab apunta a una se\u00f1al clara. Cada vez m\u00e1s gente vuelve a elegir <a href=\"https:\/\/okdiario.com\/techy\/los-auriculares-de-cable-estan-volviendo-y-van-a-destronar-al-bluetooth-la-razon-es-clara-y-hasta-la-bbc-lo-dice\/2706\/\">auriculares<\/a> con cable, despu\u00e9s de a\u00f1os en los que lo inal\u00e1mbrico era casi la norma. Su fundador, Boris Blijham, ha llegado a hablar de un aumento de la demanda del 950%, aunque no detalla el periodo ni los datos concretos detr\u00e1s de esa cifra.<\/p>\n\n\n\n<p>En su texto tambi\u00e9n menciona que el fen\u00f3meno se ve entre influencers y celebridades como Harry Styles, Bella Hadid o Monica Geuze. Y lo enmarca en una ola m\u00e1s amplia de \u201cretro-tech\u201d, cuando objetos que parec\u00edan superados se vuelven deseables otra vez.<\/p>\n\n\n\n<p>No es una vuelta literal al pasado. M\u00e1s bien es una relectura, con el cable como s\u00edmbolo. Y s\u00ed, un s\u00edmbolo muy visible.<\/p>\n\n\n\n<h2 class=\"wp-block-heading\">Menos dependencia<\/h2>\n\n\n\n<p>Christine Boland, analista de tendencias citada por ThePhoneLab, lo explica con una idea sencilla. La tecnolog\u00eda cambia tan r\u00e1pido que mucha gente siente que le cuesta seguir el ritmo, y por eso crece la necesidad de \u201calgo tangible y simple\u201d, sobre todo en la Generaci\u00f3n Z.<\/p>\n\n\n\n<p>En la pr\u00e1ctica, esto se parece a la \u201cfatiga tecnol\u00f3gica\u201d. Es esa sensaci\u00f3n de estar siempre gestionando cosas peque\u00f1as, como actualizaciones, emparejamientos y notificaciones, en lugar de usar el dispositivo y ya.<\/p>\n\n\n\n<div class=\"gb-element-1f2c15ec\">\n<div><div class=\"gb-looper-5e043634\">\n<div class=\"gb-loop-item gb-loop-item-59ddd79e post-3174 post type-post status-publish format-standard has-post-thumbnail hentry category-militar resize-featured-image\">\n<h4 class=\"gb-text gb-text-6ff9f80a\">Lea tambi\u00e9n: <a href=\"https:\/\/okdiario.com\/techy\/china-se-adelanta-a-las-guerras-del-futuro-y-confirma-que-su-ejercito-esta-construyendo-la-gran-muralla-cuantica-con-10-armas-de-ciberguerra\/3174\/\">China se adelanta a las guerras del futuro y confirma que su Ej\u00e9rcito est\u00e1 construyendo la gran muralla cu\u00e1ntica con 10 armas de ciberguerra<\/a><\/h4>\n<\/div>\n<\/div><\/div>\n<\/div>\n\n\n\n<p>\u00bfQui\u00e9n no ha salido con prisa, ha metido los auriculares en el bolsillo y ha descubierto que estaban descargados? En ese contexto, un cable de toda la vida suena a tranquilidad.<\/p>\n\n\n\n<h2 class=\"wp-block-heading\">De funci\u00f3n a accesorio<\/h2>\n\n\n\n<p>Lo curioso es que lo que antes se escond\u00eda, ahora se ense\u00f1a. Boland dice que el cable se ha convertido en parte del look, como un accesorio m\u00e1s dentro de una moda que mezcla lo cl\u00e1sico con lo actual.<\/p>\n\n\n\n<p>Pero no todo es est\u00e9tica. Tambi\u00e9n hay ventajas que se entienden en dos segundos. No hace falta cargarlos, no necesitas una caja con bater\u00eda, y tampoco dependes de que el <a href=\"https:\/\/okdiario.com\/techy\/los-auriculares-bluetooth-tienen-los-dias-contados-y-su-sustituto-es-mucho-mejor-con-circuito-de-transmision-wi-fi-integrado\/2962\/\">Bluetooth<\/a> decida portarse bien ese d\u00eda.<\/p>\n\n\n\n<div class=\"gb-element-36e17cb6\">\n<div><div class=\"gb-looper-8a39f63d\">\n<div class=\"gb-loop-item gb-loop-item-3e961e04 post-3156 post type-post status-publish format-standard has-post-thumbnail hentry category-militar resize-featured-image\">\n<h4 class=\"gb-text gb-text-b5292ca5\">Lea tambi\u00e9n: <a href=\"https:\/\/okdiario.com\/techy\/voluntarios-de-toda-europa-estan-usando-sus-casas-para-hacer-una-red-secreta-de-impresion-3d-para-fabricar-bombas-para-ucrania\/3156\/\">Voluntarios de toda Europa est\u00e1n usando sus casas para hacer una red secreta de impresi\u00f3n 3D para fabricar bombas para Ucrania<\/a><\/h4>\n<\/div>\n<\/div><\/div>\n<\/div>\n\n\n\n<p>Blijham lo resume con una frase muy de la vida real sobre los modelos inal\u00e1mbricos. \u201cA veces est\u00e1n vac\u00edos cuando los necesitas o no se conectan al dispositivo correcto\u201d, explica. Por eso, a\u00f1ade, algunas personas vuelven a lo simple.<\/p>\n\n\n\n<h2 class=\"wp-block-heading\">Rumores de salud<\/h2>\n\n\n\n<p>En redes sociales circula un argumento delicado. Hay quien asegura que los auriculares inal\u00e1mbricos son \u201cpeores\u201d para la <a href=\"https:\/\/okdiario.com\/techy\/despues-de-escuchar-a-este-experto-vas-a-dejar-de-usar-auriculares-bluetooth-un-microondas-en-tu-cabeza\/2419\/\">salud<\/a> por la radiaci\u00f3n, solo por ir tan cerca de la cabeza. Karin Stalpaert, audi\u00f3loga y experta en tinnitus en la cl\u00ednica <a href=\"https:\/\/www.audiks.be\/\" target=\"_blank\" rel=\"noopener\">Audiks<\/a>, lo niega al hablar del sonido y afirma que el o\u00eddo lo procesa igual \u201cde forma inal\u00e1mbrica o con cable\u201d.<\/p>\n\n\n\n<p>Otra cosa es el debate sobre la exposici\u00f3n a radiofrecuencia, el tipo de ondas que usan tecnolog\u00edas como Bluetooth. La Organizaci\u00f3n Mundial de la Salud recuerda que la IARC clasific\u00f3 estos campos como \u201cposiblemente cancer\u00edgenos\u201d en 2011, una categor\u00eda donde no se descartan del todo ciertos riesgos, pero tampoco hay pruebas concluyentes. Por eso el tema se sigue estudiando.<\/p>\n\n\n\n<div class=\"gb-element-8348ff76\">\n<div><div class=\"gb-looper-eb6cb98d\">\n<div class=\"gb-loop-item gb-loop-item-83314cb6 post-3083 post type-post status-publish format-standard has-post-thumbnail hentry category-militar resize-featured-image\">\n<h4 class=\"gb-text gb-text-64114533\">Lea tambi\u00e9n: <a href=\"https:\/\/okdiario.com\/techy\/estados-unidos-despliega-un-portaaviones-de-propulsion-nuclear-de-97-000-toneladas-que-se-dirige-a-sudamerica\/3083\/\">Estados Unidos despliega un portaaviones de propulsi\u00f3n nuclear de 97.000 toneladas que se dirige a Sudam\u00e9rica<\/a><\/h4>\n<\/div>\n<\/div><\/div>\n<\/div>\n\n\n\n<p>En los \u00faltimos a\u00f1os han llegado revisiones m\u00e1s amplias. ARPANSA inform\u00f3 en 2024 de una revisi\u00f3n encargada por la OMS que no encontr\u00f3 una asociaci\u00f3n entre el uso del m\u00f3vil y c\u00e1nceres de la cabeza. Ese trabajo se apoya en un an\u00e1lisis publicado en Environment International, liderado por Ken Karipidis, que revis\u00f3 d\u00e9cadas de estudios en varios pa\u00edses.<\/p>\n\n\n\n<h2 class=\"wp-block-heading\">Escuchar sin da\u00f1o<\/h2>\n\n\n\n<div>\n<div>\n<p>Si hay un punto donde los expertos s\u00ed suelen insistir, no es el cable. Es el volumen y el tiempo. Stalpaert recalca que, para problemas como da\u00f1o auditivo o <a href=\"https:\/\/www.nidcd.nih.gov\/health\/tinnitus\" target=\"_blank\" rel=\"noopener\">tinnitus<\/a>, pesan m\u00e1s cu\u00e1nto fuerte escuchas, cu\u00e1nto rato y c\u00f3mo te ajustan los auriculares.<\/p>\n<\/div>\n<\/div>\n\n\n\n<p>Aqu\u00ed hay consejos muy concretos. La OMS recomienda mantener el volumen por debajo de alrededor del 60% del m\u00e1ximo del dispositivo y hacer pausas, sobre todo si est\u00e1s en un entorno ruidoso y te da por subirlo sin darte cuenta.<\/p>\n\n\n\n<div class=\"gb-element-d4e89ef5\">\n<div><div class=\"gb-looper-0a32884b\">\n<div class=\"gb-loop-item gb-loop-item-cd6e78c2 post-3168 post type-post status-publish format-standard has-post-thumbnail hentry category-actualidad resize-featured-image\">\n<h4 class=\"gb-text gb-text-bf9b479b\">Lea tambi\u00e9n: <a href=\"https:\/\/okdiario.com\/techy\/digi-da-un-paso-de-gigantes-en-espana-y-confirma-lo-que-los-clientes-llevan-anos-pidiendo-cuenta-atras-para-el-gran-cambio\/3168\/\">DIGI da un paso de gigantes en Espa\u00f1a y confirma lo que los clientes llevan a\u00f1os pidiendo: cuenta atr\u00e1s para el gran cambio<\/a><\/h4>\n<\/div>\n<\/div><\/div>\n<\/div>\n\n\n\n<p>Es f\u00e1cil olvidarlo cuando vas andando por la calle o estudias con m\u00fasica. Pero el o\u00eddo no tiene un \u201cmodo avi\u00f3n\u201d. Al final del d\u00eda, el regreso del cable puede ser una moda, una comodidad o una declaraci\u00f3n, pero cuidar el volumen sigue siendo la parte que m\u00e1s importa.<\/p>\n\n\n\n<p>La nota principal se ha publicado en <a href=\"https:\/\/thephonelab.nl\/en\/wired-earphones-are-back\/\" target=\"_blank\" rel=\"noopener\"><em>ThePhoneLab<\/em><\/a>.<\/p>\n","protected":false},"excerpt":{"rendered":"<p>Hace nada, el cable blanco parec\u00eda una reliquia. Hoy vuelve a asomar en el metro, en la calle y en &#8230; <\/p>\n<p class=\"read-more-container\"><a title=\"Cre\u00edan que hab\u00edan desaparecido para siempre pero los auriculares con cable est\u00e1n volviendo y hay un motivo de peso\" class=\"read-more button\" href=\"https:\/\/okdiario.com\/techy\/creian-que-habian-desaparecido-para-siempre-pero-los-auriculares-con-cable-estan-volviendo-y-hay-un-motivo-de-peso\/3221\/#more-3221\" aria-label=\"Leer m\u00e1s sobre Cre\u00edan que hab\u00edan desaparecido para siempre pero los auriculares con cable est\u00e1n volviendo y hay un motivo de peso\">Read more<\/a><\/p>\n","protected":false},"author":3,"featured_media":3222,"comment_status":"open","ping_status":"","sticky":false,"template":"","format":"standard","meta":{"footnotes":""},"categories":[4],"tags":[],"class_list":["post-3221","post","type-post","status-publish","format-standard","has-post-thumbnail","hentry","category-dispositivos","resize-featured-image"],"_links":{"self":[{"href":"https:\/\/okdiario.com\/techy\/wp-json\/wp\/v2\/posts\/3221","targetHints":{"allow":["GET"]}}],"collection":[{"href":"https:\/\/okdiario.com\/techy\/wp-json\/wp\/v2\/posts"}],"about":[{"href":"https:\/\/okdiario.com\/techy\/wp-json\/wp\/v2\/types\/post"}],"author":[{"embeddable":true,"href":"https:\/\/okdiario.com\/techy\/wp-json\/wp\/v2\/users\/3"}],"replies":[{"embeddable":true,"href":"https:\/\/okdiario.com\/techy\/wp-json\/wp\/v2\/comments?post=3221"}],"version-history":[{"count":1,"href":"https:\/\/okdiario.com\/techy\/wp-json\/wp\/v2\/posts\/3221\/revisions"}],"predecessor-version":[{"id":3223,"href":"https:\/\/okdiario.com\/techy\/wp-json\/wp\/v2\/posts\/3221\/revisions\/3223"}],"wp:featuredmedia":[{"embeddable":true,"href":"https:\/\/okdiario.com\/techy\/wp-json\/wp\/v2\/media\/3222"}],"wp:attachment":[{"href":"https:\/\/okdiario.com\/techy\/wp-json\/wp\/v2\/media?parent=3221"}],"wp:term":[{"taxonomy":"category","embeddable":true,"href":"https:\/\/okdiario.com\/techy\/wp-json\/wp\/v2\/categories?post=3221"},{"taxonomy":"post_tag","embeddable":true,"href":"https:\/\/okdiario.com\/techy\/wp-json\/wp\/v2\/tags?post=3221"}],"curies":[{"name":"wp","href":"https:\/\/api.w.org\/{rel}","templated":true}]}}