{"id":3190,"date":"2026-04-23T08:03:00","date_gmt":"2026-04-23T06:03:00","guid":{"rendered":"https:\/\/techy44.okdiario.com\/?p=3190"},"modified":"2026-04-21T19:48:50","modified_gmt":"2026-04-21T17:48:50","slug":"la-ue-confirma-el-cambio-de-norma-en-2027-los-moviles-dejaran-de-ser-como-hasta-ahora-y-te-va-a-afectar-pero-no-como-creias","status":"publish","type":"post","link":"https:\/\/okdiario.com\/techy\/la-ue-confirma-el-cambio-de-norma-en-2027-los-moviles-dejaran-de-ser-como-hasta-ahora-y-te-va-a-afectar-pero-no-como-creias\/3190\/","title":{"rendered":"La UE confirma el cambio de norma en 2027: los m\u00f3viles dejar\u00e1n de ser como hasta ahora y te va a afectar pero no como cre\u00edas"},"content":{"rendered":"\n<p>Cambiar la bater\u00eda de un m\u00f3vil es el momento en que el dispositivo empieza a fallar. \u00bfQui\u00e9n no ha visto c\u00f3mo la autonom\u00eda se desploma a los dos a\u00f1os? Duele.<\/p>\n\n\n\n<p>La clave es el Reglamento europeo de bater\u00edas, que a partir del 18 de febrero de 2027 obliga a que muchas bater\u00edas \u201cport\u00e1tiles\u201d, como las de smartphones, se puedan extraer y sustituir por el usuario. La UE lleva tiempo peleando contra la llamada obsolescencia programada, esa idea de dise\u00f1ar productos para que duren poco, y ahora aprieta tambi\u00e9n con normas ya vigentes desde el 20 de junio de 2025 para m\u00f3viles m\u00e1s duraderos y m\u00e1s reparables.<\/p>\n\n\n\n<h2 class=\"wp-block-heading\">La fecha y la norma<\/h2>\n\n\n\n<p>El cambio de 2027 sale del Reglamento europeo de bater\u00edas. En ese texto, la parte que obliga a que las bater\u00edas <a href=\"https:\/\/okdiario.com\/techy\/nintendo-esta-preparando-la-revolucion-mas-grande-hasta-la-fecha-en-la-nintendo-switch-2-que-tambien-afecta-a-los-mandos-baterias-reemplazables-para-cumplir-con-la-ue\/2760\/\">port\u00e1tiles<\/a> sean removibles y reemplazables se empieza a aplicar el 18 de febrero de 2027.<\/p>\n\n\n\n<div class=\"gb-element-a00da4e5\">\n<div><div class=\"gb-looper-46613eed\">\n<div class=\"gb-loop-item gb-loop-item-a8390598 post-3162 post type-post status-publish format-standard has-post-thumbnail hentry category-actualidad resize-featured-image\">\n<h4 class=\"gb-text gb-text-24a51617\">Lea tambi\u00e9n: <a href=\"https:\/\/okdiario.com\/techy\/la-audiencia-nacional-confirma-la-condena-de-2-anos-de-carcel-por-las-iptv-piratas-hito-en-la-justicia-espanola\/3162\/\">La Audiencia Nacional confirma la condena de 2 a\u00f1os de c\u00e1rcel por las IPTV piratas: hito en la Justicia espa\u00f1ola<\/a><\/h4>\n<\/div>\n<\/div><\/div>\n<\/div>\n\n\n\n<p>La Comisi\u00f3n Europea vincula esta norma con la econom\u00eda circular, una forma de producir y usar cosas pensando en que duren m\u00e1s y generen menos residuos. En la pr\u00e1ctica, el objetivo es que reparar y reciclar sea menos complicado.<\/p>\n\n\n\n<h2 class=\"wp-block-heading\">Qu\u00e9 es una bater\u00eda reemplazable<\/h2>\n\n\n\n<p>Aqu\u00ed \u201creemplazable\u201d no significa volver a los m\u00f3viles antiguos con tapa trasera y clic. Significa que el usuario debe poder sacar la bater\u00eda con herramientas disponibles en el mercado, sin depender de un taller con \u00fatiles raros, salvo excepciones por seguridad o por integridad de datos.<\/p>\n\n\n\n<div class=\"gb-element-d01651bd\">\n<div><div class=\"gb-looper-f11edada\">\n<div class=\"gb-loop-item gb-loop-item-cbcb3411 post-3159 post type-post status-publish format-standard has-post-thumbnail hentry category-militar resize-featured-image\">\n<h4 class=\"gb-text gb-text-ae0b4673\">Lea tambi\u00e9n: <a href=\"https:\/\/okdiario.com\/techy\/china-desafia-la-tecnologia-militar-un-arma-de-microondas-de-20-gigavatios-capaz-de-derribar-satelites-sin-usar-misiles\/3159\/\">China desaf\u00eda la tecnolog\u00eda militar un arma de microondas de 20 gigavatios capaz de derribar sat\u00e9lites sin usar misiles<\/a><\/h4>\n<\/div>\n<\/div><\/div>\n<\/div>\n\n\n\n<p>Tambi\u00e9n hay letra peque\u00f1a que importa. El reglamento dice que el software no debe usarse para bloquear el cambio por otra bater\u00eda compatible y que las bater\u00edas tienen que estar disponibles como repuesto durante al menos cinco a\u00f1os despu\u00e9s de que se deje de vender ese modelo.<\/p>\n\n\n\n<h2 class=\"wp-block-heading\">Lo que ya cambi\u00f3 en 2025<\/h2>\n\n\n\n<p>Antes de 2027 ya hay medidas activas que afectan a los m\u00f3viles nuevos. Desde el 20 de junio de 2025 se aplican reglas de <a href=\"https:\/\/eur-lex.europa.eu\/eli\/reg\/2023\/1670\/oj\/eng\" target=\"_blank\" rel=\"noopener\">ecodise\u00f1o<\/a> y etiquetado energ\u00e9tico para smartphones y tablets, seg\u00fan la <a href=\"https:\/\/single-market-economy.ec.europa.eu\/news\/new-eu-rules-durable-energy-efficient-and-repairable-smartphones-and-tablets-start-applying-2025-06-20_en\" target=\"_blank\" rel=\"noopener\">nota<\/a> oficial de la Comisi\u00f3n Europea.<\/p>\n\n\n\n<div class=\"gb-element-e607000c\">\n<div><div class=\"gb-looper-e22535e4\">\n<div class=\"gb-loop-item gb-loop-item-a733c4e7 post-3156 post type-post status-publish format-standard has-post-thumbnail hentry category-militar resize-featured-image\">\n<h4 class=\"gb-text gb-text-b58f53bf\">Lea tambi\u00e9n: <a href=\"https:\/\/okdiario.com\/techy\/voluntarios-de-toda-europa-estan-usando-sus-casas-para-hacer-una-red-secreta-de-impresion-3d-para-fabricar-bombas-para-ucrania\/3156\/\">Voluntarios de toda Europa est\u00e1n usando sus casas para hacer una red secreta de impresi\u00f3n 3D para fabricar bombas para Ucrania<\/a><\/h4>\n<\/div>\n<\/div><\/div>\n<\/div>\n\n\n\n<p>Estas normas piden bater\u00edas m\u00e1s duraderas que mantengan al menos el 80 por ciento de su capacidad tras 800 <a href=\"https:\/\/okdiario.com\/techy\/hallazgo-que-transforma-las-baterias-para-siempre-crean-una-tecnologia-de-litio-aire-capaz-de-almacenar-10-veces-mas-energia-que-las-tradicionales\/2980\/\">ciclos<\/a> de carga, que es como contar 800 \u201cidas y vueltas\u201d entre cargar y usar. Tambi\u00e9n exigen piezas clave en cinco a diez d\u00edas laborables y durante al menos siete a\u00f1os despu\u00e9s de dejar de venderse el modelo, adem\u00e1s de actualizaciones del sistema operativo durante un m\u00ednimo de cinco a\u00f1os. La Comisi\u00f3n calcula que el paquete puede ahorrar 2,2 teravatios hora de electricidad en 2030 y recortar gastos unos 20.000 millones de euros.<\/p>\n\n\n\n<h2 class=\"wp-block-heading\">Una etiqueta para comparar sin ser experto<\/h2>\n\n\n\n<p>La <a href=\"https:\/\/eur-lex.europa.eu\/eli\/reg_del\/2023\/1669\/oj\/eng\" target=\"_blank\" rel=\"noopener\">etiqueta<\/a> energ\u00e9tica de m\u00f3viles y tablets no es solo un adhesivo m\u00e1s. Incluye una puntuaci\u00f3n de reparabilidad de la A a la E y datos de autonom\u00eda, resistencia y ciclos de bater\u00eda, adem\u00e1s de un c\u00f3digo QR que lleva a una base de datos p\u00fablica.<\/p>\n\n\n\n<p>Desde la Comisi\u00f3n lo venden como una ayuda para decidir sin leerse rese\u00f1as interminables. En su explicaci\u00f3n sobre smartphones y tablets, tambi\u00e9n recuerdan que la idea es alargar la vida \u00fatil media de estos dispositivos. Teresa Ribera, vicepresidenta ejecutiva, lo resumi\u00f3 en junio de 2025 con una idea simple, \u201chacer que la sostenibilidad sea el nuevo est\u00e1ndar\u201d.<\/p>\n\n\n\n<h2 class=\"wp-block-heading\">Derecho a reparar y reparaciones reales<\/h2>\n\n\n\n<p>El empuje regulatorio no se queda solo en el dise\u00f1o. La UE tambi\u00e9n aprob\u00f3 una directiva para promover la reparaci\u00f3n de bienes, que refuerza el \u201cright to repair\u201d y busca que reparar sea una opci\u00f3n m\u00e1s f\u00e1cil cuando un producto entra en la lista de los que deben poder arreglarse.<\/p>\n\n\n\n<div class=\"gb-element-9edd85cc\">\n<div><div class=\"gb-looper-61684e98\">\n<div class=\"gb-loop-item gb-loop-item-27eed1c4 post-3092 post type-post status-publish format-standard has-post-thumbnail hentry category-militar resize-featured-image\">\n<h4 class=\"gb-text gb-text-86f76536\">Lea tambi\u00e9n: <a href=\"https:\/\/okdiario.com\/techy\/el-ejercito-de-tierra-empieza-su-estrategia-de-disuasion-y-manda-un-aviso-ya-ha-desplegado-el-regimiento-soria-9-para-frenar-posibles-amenazas\/3092\/\">El Ej\u00e9rcito de Tierra empieza su estrategia de disuasi\u00f3n y manda un aviso: ya ha desplegado el Regimiento Soria 9 para frenar posibles amenazas<\/a><\/h4>\n<\/div>\n<\/div><\/div>\n<\/div>\n\n\n\n<p>En su documento de preguntas y respuestas, la Comisi\u00f3n explica que la lista incluye smartphones y tablets y que los pa\u00edses deber\u00e1n aplicarla desde el 31 de julio de 2026. Tambi\u00e9n detalla que la obligaci\u00f3n de reparar puede durar, por lo general, entre cinco y diez a\u00f1os y que elegir reparar puede dar un a\u00f1o extra de garant\u00eda legal. Todo esto aparece en la <a href=\"https:\/\/commission.europa.eu\/document\/download\/2d443b31-dc2a-4e54-a9ec-5fbb61c895e9_en?filename=2024_07_18_QA_Right2repair_FINAL.pdf\" target=\"_blank\" rel=\"noopener\">documentaci\u00f3n<\/a> oficial sobre el derecho a reparar.<\/p>\n\n\n\n<h2 class=\"wp-block-heading\">Por qu\u00e9 esto importa en la vida real<\/h2>\n\n\n\n<p>El contexto es simple y poco glamuroso, una monta\u00f1a de basura electr\u00f3nica. El Global E-waste <a href=\"https:\/\/www.itu.int\/en\/ITU-D\/Environment\/Pages\/Publications\/The-Global-E-waste-Monitor-2024.aspx\" target=\"_blank\" rel=\"noopener\">Monitor<\/a> 2024 cifra en 62 millones de toneladas los residuos electr\u00f3nicos generados en 2022 y recuerda que el reciclaje documentado no crece al mismo ritmo.<\/p>\n\n\n\n<div class=\"gb-element-a9756925\">\n<div><div class=\"gb-looper-70cda3ad\">\n<div class=\"gb-loop-item gb-loop-item-297d73f6 post-3126 post type-post status-publish format-standard has-post-thumbnail hentry category-militar resize-featured-image\">\n<h4 class=\"gb-text gb-text-18fe931a\">Lea tambi\u00e9n: <a href=\"https:\/\/okdiario.com\/techy\/espana-alcanza-un-acuerdo-clave-con-turquia-y-confirma-navantia-se-encargara-del-mantenimiento-del-buque-anfibio-tcg-anadolu\/3126\/\">Espa\u00f1a alcanza un acuerdo clave con Turqu\u00eda y confirma: NAVANTIA se encargar\u00e1 del mantenimiento del buque anfibio TCG Anadolu<\/a><\/h4>\n<\/div>\n<\/div><\/div>\n<\/div>\n\n\n\n<p>En la UE tambi\u00e9n hay presi\u00f3n por n\u00fameros propios. La Comisi\u00f3n Europea se\u00f1ala que en 2022 se recogieron 5 millones de toneladas de <a href=\"https:\/\/environment.ec.europa.eu\/topics\/waste-and-recycling\/waste-electrical-and-electronic-equipment-weee_en\" target=\"_blank\" rel=\"noopener\">residuos<\/a> de aparatos el\u00e9ctricos y electr\u00f3nicos y que eso equivale a 11,2 kilos por persona, seg\u00fan su p\u00e1gina de residuos de aparatos el\u00e9ctricos y electr\u00f3nicos.<\/p>\n\n\n\n<h2 class=\"wp-block-heading\">Qu\u00e9 deber\u00eda esperar el comprador en 2027<\/h2>\n\n\n\n<p>Lo m\u00e1s importante es el calendario. Estas obligaciones no cambian el m\u00f3vil que ya tienes en el bolsillo, se aplican a los productos que se pongan a la venta en la UE cuando entren en vigor las reglas.<\/p>\n\n\n\n<p>Aun as\u00ed, 2027 puede cambiar la conversaci\u00f3n en tiendas y talleres. Si las bater\u00edas pasan a ser m\u00e1s accesibles, habr\u00e1 menos presi\u00f3n para tirar un m\u00f3vil que funciona bien salvo por la autonom\u00eda, y dise\u00f1os totalmente sellados tipo unibody, una carcasa de una sola pieza, podr\u00edan perder sentido en el mercado europeo. En el d\u00eda a d\u00eda, eso puede significar un a\u00f1o m\u00e1s con el mismo tel\u00e9fono.<\/p>\n\n\n\n<p>El reglamento principal se ha publicado en el <a href=\"https:\/\/eur-lex.europa.eu\/eli\/reg\/2023\/1542\/oj\" target=\"_blank\" rel=\"noopener\"><em>Diario Oficial de la Uni\u00f3n Europea<\/em><\/a>.<\/p>\n","protected":false},"excerpt":{"rendered":"<p>Cambiar la bater\u00eda de un m\u00f3vil es el momento en que el dispositivo empieza a fallar. \u00bfQui\u00e9n no ha visto &#8230; <\/p>\n<p class=\"read-more-container\"><a title=\"La UE confirma el cambio de norma en 2027: los m\u00f3viles dejar\u00e1n de ser como hasta ahora y te va a afectar pero no como cre\u00edas\" class=\"read-more button\" href=\"https:\/\/okdiario.com\/techy\/la-ue-confirma-el-cambio-de-norma-en-2027-los-moviles-dejaran-de-ser-como-hasta-ahora-y-te-va-a-afectar-pero-no-como-creias\/3190\/#more-3190\" aria-label=\"Leer m\u00e1s sobre La UE confirma el cambio de norma en 2027: los m\u00f3viles dejar\u00e1n de ser como hasta ahora y te va a afectar pero no como cre\u00edas\">Read more<\/a><\/p>\n","protected":false},"author":3,"featured_media":3191,"comment_status":"open","ping_status":"","sticky":false,"template":"","format":"standard","meta":{"footnotes":""},"categories":[4],"tags":[],"class_list":["post-3190","post","type-post","status-publish","format-standard","has-post-thumbnail","hentry","category-dispositivos","resize-featured-image"],"_links":{"self":[{"href":"https:\/\/okdiario.com\/techy\/wp-json\/wp\/v2\/posts\/3190","targetHints":{"allow":["GET"]}}],"collection":[{"href":"https:\/\/okdiario.com\/techy\/wp-json\/wp\/v2\/posts"}],"about":[{"href":"https:\/\/okdiario.com\/techy\/wp-json\/wp\/v2\/types\/post"}],"author":[{"embeddable":true,"href":"https:\/\/okdiario.com\/techy\/wp-json\/wp\/v2\/users\/3"}],"replies":[{"embeddable":true,"href":"https:\/\/okdiario.com\/techy\/wp-json\/wp\/v2\/comments?post=3190"}],"version-history":[{"count":1,"href":"https:\/\/okdiario.com\/techy\/wp-json\/wp\/v2\/posts\/3190\/revisions"}],"predecessor-version":[{"id":3192,"href":"https:\/\/okdiario.com\/techy\/wp-json\/wp\/v2\/posts\/3190\/revisions\/3192"}],"wp:featuredmedia":[{"embeddable":true,"href":"https:\/\/okdiario.com\/techy\/wp-json\/wp\/v2\/media\/3191"}],"wp:attachment":[{"href":"https:\/\/okdiario.com\/techy\/wp-json\/wp\/v2\/media?parent=3190"}],"wp:term":[{"taxonomy":"category","embeddable":true,"href":"https:\/\/okdiario.com\/techy\/wp-json\/wp\/v2\/categories?post=3190"},{"taxonomy":"post_tag","embeddable":true,"href":"https:\/\/okdiario.com\/techy\/wp-json\/wp\/v2\/tags?post=3190"}],"curies":[{"name":"wp","href":"https:\/\/api.w.org\/{rel}","templated":true}]}}