{"id":3168,"date":"2026-04-22T08:03:00","date_gmt":"2026-04-22T06:03:00","guid":{"rendered":"https:\/\/techy44.okdiario.com\/?p=3168"},"modified":"2026-04-21T13:09:35","modified_gmt":"2026-04-21T11:09:35","slug":"digi-da-un-paso-de-gigantes-en-espana-y-confirma-lo-que-los-clientes-llevan-anos-pidiendo-cuenta-atras-para-el-gran-cambio","status":"publish","type":"post","link":"https:\/\/okdiario.com\/techy\/digi-da-un-paso-de-gigantes-en-espana-y-confirma-lo-que-los-clientes-llevan-anos-pidiendo-cuenta-atras-para-el-gran-cambio\/3168\/","title":{"rendered":"DIGI da un paso de gigantes en Espa\u00f1a y confirma lo que los clientes llevan a\u00f1os pidiendo: cuenta atr\u00e1s para el gran cambio"},"content":{"rendered":"\n<p>DIGI da un paso de gigantes en Espa\u00f1a y confirma lo que los clientes llevan a\u00f1os pidiendo: cuenta atr\u00e1s para el gran cambio&nbsp;&nbsp;<\/p>\n\n\n\n<p>DIGI ha rebasado el list\u00f3n de las 1.000 antenas vinculadas a su red m\u00f3vil propia en Espa\u00f1a, un paso que la acerca a depender menos de redes ajenas. El recuento se apoya en datos p\u00fablicos de estaciones radioel\u00e9ctricas y la compa\u00f1\u00eda ya est\u00e1 por encima del diez por ciento de su objetivo a largo plazo.<\/p>\n\n\n\n<p>La pregunta r\u00e1pida es inevitable. \u00bfSe va a notar en el m\u00f3vil cuando pidas un taxi, subas un v\u00eddeo o llames desde un garaje? En gran medida, el cambio va por capas, porque desplegar antenas es solo una parte del rompecabezas y a\u00fan queda trabajo de integraci\u00f3n y de cobertura.<\/p>\n\n\n\n<h2 class=\"wp-block-heading\">Qu\u00e9 significa tener red m\u00f3vil propia<\/h2>\n\n\n\n<p>Hasta ahora, DIGI ha funcionado sobre todo como operador m\u00f3vil virtual, que es una forma sencilla de decir que alquila cobertura a otra compa\u00f1\u00eda. Es como vivir de alquiler, con la ventaja de entrar r\u00e1pido en el mercado y con la desventaja de tener menos control sobre la \u201ccarretera\u201d por la que viajan tus <a href=\"https:\/\/okdiario.com\/techy\/el-internet-de-ahora-tiene-los-dias-contados-japon-crea-un-cable-troncal-de-fibra-optica-que-transmite-4-veces-mas-ancho-de-banda-con-el-mismo-grosor\/2869\/\">datos<\/a>.<\/p>\n\n\n\n<div class=\"gb-element-a00da4e5\">\n<div><div class=\"gb-looper-46613eed\">\n<div class=\"gb-loop-item gb-loop-item-a8390598 post-3156 post type-post status-publish format-standard has-post-thumbnail hentry category-militar resize-featured-image\">\n<h4 class=\"gb-text gb-text-24a51617\">Lea tambi\u00e9n: <a href=\"https:\/\/okdiario.com\/techy\/voluntarios-de-toda-europa-estan-usando-sus-casas-para-hacer-una-red-secreta-de-impresion-3d-para-fabricar-bombas-para-ucrania\/3156\/\">Voluntarios de toda Europa est\u00e1n usando sus casas para hacer una red secreta de impresi\u00f3n 3D para fabricar bombas para Ucrania<\/a><\/h4>\n<\/div>\n<\/div><\/div>\n<\/div>\n\n\n\n<p>Con una red propia, la empresa instala antenas, conecta equipos y usa frecuencias que tiene asignadas para emitir su se\u00f1al. En la pr\u00e1ctica, eso significa m\u00e1s margen para decidir d\u00f3nde reforzar capacidad y c\u00f3mo evolucionar servicios como el <a href=\"https:\/\/okdiario.com\/techy\/al-5g-le-queda-menos-tiempo-del-que-pensabas-porque-el-6g-esta-a-punto-de-aterrizar-y-lo-ha-confirmado-la-comision-europea\/2649\/\">5G<\/a> sin esperar a que otro operador le marque el ritmo.<\/p>\n\n\n\n<h2 class=\"wp-block-heading\">Un despliegue r\u00e1pido que empez\u00f3 en Palencia<\/h2>\n\n\n\n<p>La primera antena de DIGI con se\u00f1al propia se instal\u00f3 en Palencia en mayo de 2025, seg\u00fan la informaci\u00f3n publicada entonces sobre el arranque del despliegue. Fue el inicio visible de un cambio de modelo que llevaba tiempo prepar\u00e1ndose.<\/p>\n\n\n\n<p>Cuando se habla de \u201cantenas\u201d conviene saber de qu\u00e9 lista sale el n\u00famero. El <a href=\"https:\/\/avance.digital.gob.es\/inspeccion-telecomunicaciones\/niveles-exposicion\/Paginas\/servicio-estaciones-radioelectricas.aspx\" target=\"_blank\" rel=\"noopener\">Ministerio<\/a> para la Transformaci\u00f3n Digital y de la Funci\u00f3n P\u00fablica mantiene un servicio con datos y certificaciones que aportan los operadores, y de ah\u00ed se alimentan mapas y recuentos externos que permiten seguir el avance.<\/p>\n\n\n\n<div class=\"gb-element-0d29750f\">\n<div><div class=\"gb-looper-4b172d9a\">\n<div class=\"gb-loop-item gb-loop-item-87d253bf post-3153 post type-post status-publish format-standard has-post-thumbnail hentry category-ciberseguridad resize-featured-image\">\n<h4 class=\"gb-text gb-text-49adac34\">Lea tambi\u00e9n: <a href=\"https:\/\/okdiario.com\/techy\/aviso-de-booking-a-los-que-estan-reservando-sus-vacaciones-filtrado-masivo-de-datos-y-como-ha-afectado-a-los-datos-financieros\/3153\/\">Aviso de Booking a los que est\u00e1n reservando sus vacaciones: filtrado masivo de datos y c\u00f3mo ha afectado a los datos financieros<\/a><\/h4>\n<\/div>\n<\/div><\/div>\n<\/div>\n\n\n\n<p>Y aqu\u00ed llega el matiz que evita malentendidos. La propia DIGI ha hablado de unas 700 antenas activas a cierre de 2025 y ha marcado como meta encender 5.000 antes de que termine 2028, con la vista puesta en 10.000 m\u00e1s adelante.<\/p>\n\n\n\n<h2 class=\"wp-block-heading\">Espectro y acuerdos, las dos piezas del puzle<\/h2>\n\n\n\n<p>Para que una antena emita no basta con montarla, tambi\u00e9n necesita \u201cespacio\u201d en el aire. Ese espacio se llama espectro y funciona como carriles invisibles por los que viajan las se\u00f1ales m\u00f3viles, con licencias y reglas de uso.<\/p>\n\n\n\n<p>En el caso de DIGI, una parte importante de ese espectro llega en un contexto de cambios tras la fusi\u00f3n de Orange y M\u00e1sM\u00f3vil. La Comisi\u00f3n Nacional de los Mercados y la Competencia (CNMC), el regulador del sector, ha explicado que los remedios incluyen cesi\u00f3n de espectro a DIGI y opciones de acceso mayorista, y el Gobierno ha recordado que la transferencia debe pasar por aprobaci\u00f3n previa del Ministerio.<\/p>\n\n\n\n<div class=\"gb-element-3890575f\">\n<div><div class=\"gb-looper-814b2da4\">\n<div class=\"gb-loop-item gb-loop-item-f7e359e3 post-3148 post type-post status-publish format-standard has-post-thumbnail hentry category-dispositivos resize-featured-image\">\n<h4 class=\"gb-text gb-text-d8e66e49\">Lea tambi\u00e9n: <a href=\"https:\/\/okdiario.com\/techy\/los-gps-tienen-los-dias-contados-crean-un-sistema-que-usa-el-campo-magnetico-de-la-tierra-y-ofrece-mas-precision-sin-usar-satelites\/3148\/\">Los GPS tienen los d\u00edas contados: crean un sistema que usa el campo magn\u00e9tico de la Tierra y ofrece m\u00e1s precisi\u00f3n sin usar sat\u00e9lites<\/a><\/h4>\n<\/div>\n<\/div><\/div>\n<\/div>\n\n\n\n<p>La otra palanca es llegar antes sin construirlo todo desde cero. <a href=\"https:\/\/www.telefonica.com\/es\/sala-comunicacion\/prensa\/telefonica-digi-firman-acuerdo-red-movil-proximos-16-anos\/\" target=\"_blank\" rel=\"noopener\">Telef\u00f3nica<\/a>, matriz de <a href=\"https:\/\/okdiario.com\/techy\/comunicado-de-movistar-plus-a-todos-sus-clientes-los-descodificadores-hd-ya-tienen-fecha-de-retirada-y-es-muy-pronto\/2956\/\">Movistar<\/a>, comunic\u00f3 en julio de 2024 un acuerdo de largo plazo con DIGI que incluye roaming nacional y compartici\u00f3n de red. Esto permite a DIGI apoyarse en esa cobertura donde a\u00fan no llega con antenas propias y, a la vez, ir activando su red por etapas.<\/p>\n\n\n\n<h2 class=\"wp-block-heading\">Lo que el usuario puede notar en 4G y 5G<\/h2>\n\n\n\n<p>Cuando una operadora empieza a enviar tr\u00e1fico por su propia red, lo normal es que el beneficio se note primero en capacidad en zonas concretas. Piensa en un estadio, una estaci\u00f3n o un barrio denso, donde a ciertas horas todo el mundo est\u00e1 a la vez con el m\u00f3vil y la red se satura.<\/p>\n\n\n\n<p>Aun as\u00ed, no es magia instant\u00e1nea. Tu tel\u00e9fono puede seguir usando cobertura del socio en muchos lugares, y el icono de 4G o 5G no siempre cuenta toda la historia, porque tambi\u00e9n influyen la carga de la red y la se\u00f1al dentro de edificios.<\/p>\n\n\n\n<div class=\"gb-element-4b45caa5\">\n<div><div class=\"gb-looper-fb363dcb\">\n<div class=\"gb-loop-item gb-loop-item-97d94c9e post-3143 post type-post status-publish format-standard has-post-thumbnail hentry category-militar resize-featured-image\">\n<h4 class=\"gb-text gb-text-14e31eaf\">Lea tambi\u00e9n: <a href=\"https:\/\/okdiario.com\/techy\/rusia-saca-a-la-luz-su-arma-definitiva-el-submarino-poseidon-ya-preocupa-a-eeuu-y-la-otan-y-los-portaaviones-corren-serio-peligro\/3143\/\">Rusia saca a la luz su arma definitiva: el submarino Poseid\u00f3n ya preocupa a EEUU y la OTAN y los portaaviones corren serio peligro<\/a><\/h4>\n<\/div>\n<\/div><\/div>\n<\/div>\n\n\n\n<p>Y est\u00e1 el factor fiabilidad, que a veces solo aparece cuando algo falla. El 8 de abril de 2026, una incidencia dej\u00f3 sin llamadas durante horas a clientes de DIGI en Espa\u00f1a, un recordatorio de que operar servicios de voz a gran escala exige sistemas robustos y pruebas constantes.<\/p>\n\n\n\n<h2 class=\"wp-block-heading\">La otra carrera es financiera<\/h2>\n\n\n\n<p>El despliegue no se entiende sin el contexto de crecimiento. En 2025, DIGI Espa\u00f1a factur\u00f3 m\u00e1s de 929 millones de euros y super\u00f3 los 10,8 millones de clientes, seg\u00fan su propia nota de prensa. En palabras del consejero delegado de DIGI Espa\u00f1a, Marius Varzaru, \u201cEstos resultados confirman la solidez de nuestro modelo de negocio\u201d.<\/p>\n\n\n\n<div class=\"gb-element-0910b561\">\n<div><div class=\"gb-looper-3e11a0ff\">\n<div class=\"gb-loop-item gb-loop-item-d316ac19 post-3138 post type-post status-publish format-standard has-post-thumbnail hentry category-ciberseguridad resize-featured-image\">\n<h4 class=\"gb-text gb-text-de5b872e\">Lea tambi\u00e9n: <a href=\"https:\/\/okdiario.com\/techy\/las-personas-que-buscan-esto-en-google-estan-en-serio-peligro-solo-6-palabras-para-caer-en-la-trampa-mas-peligrosa\/3138\/\">Las personas que buscan esto en Google est\u00e1n en serio peligro: s\u00f3lo 6 palabras para caer en la trampa m\u00e1s peligrosa<\/a><\/h4>\n<\/div>\n<\/div><\/div>\n<\/div>\n\n\n\n<p>En paralelo, el grupo DIGI Communications reuni\u00f3 a inversores y analistas en Madrid en su Capital Markets Day de marzo de 2026 para explicar estrategia y prioridades. Es el tipo de evento donde se intenta responder a la gran duda de fondo, si el plan de red propia es sostenible sin perder el atractivo de precios.<\/p>\n\n\n\n<p>Para financiar ese salto, la compa\u00f1\u00eda tambi\u00e9n se mueve en el terreno corporativo. Informaciones recientes apuntan a que DIGI estudia una posible salida a bolsa parcial de su filial espa\u00f1ola y una ampliaci\u00f3n de capital ligada al despliegue, aunque la operaci\u00f3n se describe como todav\u00eda en fase de estudio.<\/p>\n\n\n\n<p>La nota de prensa principal se ha publicado en <a href=\"https:\/\/www.digimobil.es\/sala-de-prensa\/notas-de-prensa\/digi-ingresa-mas-de-929-millones-de-euros-en-2025-un-19-mas-respecto-al-ano-anterior\" target=\"_blank\" rel=\"noopener\"><em>DIGI<\/em><\/a>.<\/p>\n","protected":false},"excerpt":{"rendered":"<p>DIGI da un paso de gigantes en Espa\u00f1a y confirma lo que los clientes llevan a\u00f1os pidiendo: cuenta atr\u00e1s para &#8230; <\/p>\n<p class=\"read-more-container\"><a title=\"DIGI da un paso de gigantes en Espa\u00f1a y confirma lo que los clientes llevan a\u00f1os pidiendo: cuenta atr\u00e1s para el gran cambio\" class=\"read-more button\" href=\"https:\/\/okdiario.com\/techy\/digi-da-un-paso-de-gigantes-en-espana-y-confirma-lo-que-los-clientes-llevan-anos-pidiendo-cuenta-atras-para-el-gran-cambio\/3168\/#more-3168\" aria-label=\"Leer m\u00e1s sobre DIGI da un paso de gigantes en Espa\u00f1a y confirma lo que los clientes llevan a\u00f1os pidiendo: cuenta atr\u00e1s para el gran cambio\">Read more<\/a><\/p>\n","protected":false},"author":7,"featured_media":3169,"comment_status":"open","ping_status":"","sticky":false,"template":"","format":"standard","meta":{"footnotes":""},"categories":[5],"tags":[],"class_list":["post-3168","post","type-post","status-publish","format-standard","has-post-thumbnail","hentry","category-actualidad","resize-featured-image"],"_links":{"self":[{"href":"https:\/\/okdiario.com\/techy\/wp-json\/wp\/v2\/posts\/3168","targetHints":{"allow":["GET"]}}],"collection":[{"href":"https:\/\/okdiario.com\/techy\/wp-json\/wp\/v2\/posts"}],"about":[{"href":"https:\/\/okdiario.com\/techy\/wp-json\/wp\/v2\/types\/post"}],"author":[{"embeddable":true,"href":"https:\/\/okdiario.com\/techy\/wp-json\/wp\/v2\/users\/7"}],"replies":[{"embeddable":true,"href":"https:\/\/okdiario.com\/techy\/wp-json\/wp\/v2\/comments?post=3168"}],"version-history":[{"count":1,"href":"https:\/\/okdiario.com\/techy\/wp-json\/wp\/v2\/posts\/3168\/revisions"}],"predecessor-version":[{"id":3170,"href":"https:\/\/okdiario.com\/techy\/wp-json\/wp\/v2\/posts\/3168\/revisions\/3170"}],"wp:featuredmedia":[{"embeddable":true,"href":"https:\/\/okdiario.com\/techy\/wp-json\/wp\/v2\/media\/3169"}],"wp:attachment":[{"href":"https:\/\/okdiario.com\/techy\/wp-json\/wp\/v2\/media?parent=3168"}],"wp:term":[{"taxonomy":"category","embeddable":true,"href":"https:\/\/okdiario.com\/techy\/wp-json\/wp\/v2\/categories?post=3168"},{"taxonomy":"post_tag","embeddable":true,"href":"https:\/\/okdiario.com\/techy\/wp-json\/wp\/v2\/tags?post=3168"}],"curies":[{"name":"wp","href":"https:\/\/api.w.org\/{rel}","templated":true}]}}