{"id":3165,"date":"2026-04-21T20:42:00","date_gmt":"2026-04-21T18:42:00","guid":{"rendered":"https:\/\/techy44.okdiario.com\/?p=3165"},"modified":"2026-04-20T13:33:16","modified_gmt":"2026-04-20T11:33:16","slug":"lidl-desafia-a-digi-y-confirma-su-propia-compania-telefonica-servicios-de-telefonia-a-precios-low-cost","status":"publish","type":"post","link":"https:\/\/okdiario.com\/techy\/lidl-desafia-a-digi-y-confirma-su-propia-compania-telefonica-servicios-de-telefonia-a-precios-low-cost\/3165\/","title":{"rendered":"Lidl desaf\u00eda a Digi y confirma su propia compa\u00f1\u00eda telef\u00f3nica: servicios de telefon\u00eda a precios low cost"},"content":{"rendered":"\n<p>\u00bfY si la misma app con la que activas cupones para la compra tambi\u00e9n te sirve para contratar tu tarifa de <a href=\"https:\/\/okdiario.com\/techy\/si-tienes-un-movil-android-antiguo-tienes-un-tesoro-la-gente-lo-esta-usando-como-repetidor-wi-fi-para-mejorar-la-conexion-en-toda-la-casa\/2721\/\">m\u00f3vil<\/a>? Esa es la direcci\u00f3n en la que se mueve <a href=\"https:\/\/empresa.lidl.es\/sobre-lidl\" target=\"_blank\" rel=\"noopener\">Lidl<\/a>, que prepara un salto a la telefon\u00eda m\u00f3vil con un modelo de operador m\u00f3vil virtual y una gesti\u00f3n pensada para hacerse desde el tel\u00e9fono.<\/p>\n\n\n\n<p>La clave est\u00e1 en una alianza con <a href=\"https:\/\/assets.1global.com\/f\/279938\/x\/da5f5d3f3e\/lidl-1global-connectivity-partnership-press-release-130626.pdf\" target=\"_blank\" rel=\"noopener\">1GLOBAL<\/a> y en una inversi\u00f3n del Grupo Schwarz, propietario de Lidl, que busca convertir la conectividad en un servicio m\u00e1s dentro de su ecosistema digital.<\/p>\n\n\n\n<h2 class=\"wp-block-heading\">Un movimiento para vender m\u00f3vil desde el s\u00faper<\/h2>\n\n\n\n<p>La idea no es montar antenas propias, sino lanzar una oferta low cost apoyada en acuerdos mayoristas, con el alta y la gesti\u00f3n integradas en la app. En el anuncio del acuerdo, el directivo de Lidl International Julian Beer lo resumi\u00f3 con una promesa simple, \u201cuna conectividad sencilla\u201d, y con un mensaje de ambici\u00f3n, \u201cEstamos democratizando las comunicaciones m\u00f3viles\u201d.<\/p>\n\n\n\n<p>En Espa\u00f1a, Lidl parte con una ventaja que no es tecnol\u00f3gica, es de calle. La propia compa\u00f1\u00eda destaca que ya opera con m\u00e1s de 700 tiendas y 14 plataformas log\u00edsticas en el pa\u00eds, adem\u00e1s de una plantilla de m\u00e1s de 19.700 personas. Eso significa visibilidad constante y un p\u00fablico que, por lo general, ya va buscando precio.<\/p>\n\n\n\n<div class=\"gb-element-a00da4e5\">\n<div><div class=\"gb-looper-46613eed\">\n<div class=\"gb-loop-item gb-loop-item-a8390598 post-3117 post type-post status-publish format-standard has-post-thumbnail hentry category-militar resize-featured-image\">\n<h4 class=\"gb-text gb-text-24a51617\">Lea tambi\u00e9n: <a href=\"https:\/\/okdiario.com\/techy\/espana-tiene-la-clave-para-solucionar-uno-de-los-mayores-problemas-del-estrecho-de-ormuz-los-6-cazaminas-nacionales-con-sonar-avanzado-para-la-guerra-silenciosa\/3117\/\">Espa\u00f1a tiene la clave para solucionar uno de los mayores problemas del Estrecho de Ormuz: los 6 cazaminas nacionales con sonar avanzado para la guerra silenciosa<\/a><\/h4>\n<\/div>\n<\/div><\/div>\n<\/div>\n\n\n\n<p>A escala internacional, el tama\u00f1o tambi\u00e9n ayuda a que el plan sea cre\u00edble. Lidl cuenta con unos 12.600 establecimientos y est\u00e1 presente en 31 pa\u00edses, una red que facilita replicar el mismo servicio en muchos mercados cuando el modelo encaja.<\/p>\n\n\n\n<h2 class=\"wp-block-heading\">Qu\u00e9 es un operador m\u00f3vil virtual<\/h2>\n\n\n\n<p>Un operador m\u00f3vil virtual, o OMV, vende servicios de m\u00f3vil sin tener una red propia de antenas. En la pr\u00e1ctica, alquila <a href=\"https:\/\/okdiario.com\/techy\/el-internet-de-ahora-tiene-los-dias-contados-japon-crea-un-cable-troncal-de-fibra-optica-que-transmite-4-veces-mas-ancho-de-banda-con-el-mismo-grosor\/2869\/\">capacidad<\/a> a un operador con red y lo empaqueta con su marca, su atenci\u00f3n al cliente y sus tarifas. Es parecido a vender billetes para un tren que ya existe, pero con tu propia web y tus condiciones.<\/p>\n\n\n\n<p>Hay OMV muy \u201cligeros\u201d que dependen de socios para casi todo, y otros m\u00e1s \u201cpesados\u201d que controlan m\u00e1s piezas del servicio, como la gesti\u00f3n digital o la experiencia en la app. En el sector se habla cada vez m\u00e1s de OMV como plataformas, porque no solo compiten en precio, tambi\u00e9n en c\u00f3mo se contrata y se usa el servicio d\u00eda a d\u00eda.<\/p>\n\n\n\n<div class=\"gb-element-ccc3ac4c\">\n<div><div class=\"gb-looper-66dbc245\">\n<div class=\"gb-loop-item gb-loop-item-cec471fc post-3120 post type-post status-publish format-standard has-post-thumbnail hentry category-militar resize-featured-image\">\n<h4 class=\"gb-text gb-text-91f3a69c\">Lea tambi\u00e9n: <a href=\"https:\/\/okdiario.com\/techy\/eeuu-no-se-anda-con-chiquitas-encarga-405-misiles-patriot-pac-3-mse-para-hacer-sus-destructores-armas-invencibles\/3120\/\">EEUU no se anda con chiquitas: encarga 405 misiles Patriot PAC-3 MSE para hacer sus destructores armas invencibles<\/a><\/h4>\n<\/div>\n<\/div><\/div>\n<\/div>\n\n\n\n<p>Para el usuario, la diferencia suele notarse en dos cosas. La primera es la facilidad para contratar o cambiar de plan en minutos. La segunda es c\u00f3mo se resuelven problemas cotidianos, desde una factura hasta un cambio de n\u00famero.<\/p>\n\n\n\n<h2 class=\"wp-block-heading\">1GLOBAL y la apuesta del Grupo Schwarz<\/h2>\n\n\n\n<p>Aqu\u00ed entra 1GLOBAL, el socio tecnol\u00f3gico del proyecto. La empresa se presenta como una teleco acreditada y certificada por la GSMA, con foco en eSIM, y afirma operar como OMV completo en diez pa\u00edses, adem\u00e1s de estar regulada en 42 y cubrir m\u00e1s de 190 pa\u00edses.<\/p>\n\n\n\n<p>El Grupo Schwarz ha comprado un 9,9 por ciento de 1GLOBAL y el objetivo declarado es expandir el servicio a decenas de pa\u00edses, con Espa\u00f1a en el radar de corto plazo. En Espa\u00f1a, la informaci\u00f3n publicada el 14 de abril de 2026 apunta a un lanzamiento antes de que termine 2026 y a un uso de la red de MasOrange para dar cobertura.<\/p>\n\n\n\n<div class=\"gb-element-415df1dd\">\n<div><div class=\"gb-looper-a4f74196\">\n<div class=\"gb-loop-item gb-loop-item-6d5c0a40 post-3123 post type-post status-publish format-standard has-post-thumbnail hentry category-militar resize-featured-image\">\n<h4 class=\"gb-text gb-text-35f05765\">Lea tambi\u00e9n: <a href=\"https:\/\/okdiario.com\/techy\/parece-de-pelicula-pero-asi-es-como-entrenan-en-espana-los-pilotos-de-combate-para-prepararse-para-lo-peor\/3123\/\">Parece de pel\u00edcula pero as\u00ed es como entrenan en Espa\u00f1a los pilotos de combate para prepararse para lo peor<\/a><\/h4>\n<\/div>\n<\/div><\/div>\n<\/div>\n\n\n\n<p>No es casualidad que el socio sea una firma centrada en lo digital. Cuando el \u201cproducto\u201d vive dentro del m\u00f3vil, el valor est\u00e1 en la activaci\u00f3n r\u00e1pida, en el soporte y en la experiencia de uso, no en carteles de tarifas pegados en la pared.<\/p>\n\n\n\n<h2 class=\"wp-block-heading\">Lidl Plus como centro de mando<\/h2>\n\n\n\n<p>El plan pasa por convertir Lidl Plus en el mostrador principal del servicio. La propia hoja de ruta del acuerdo insiste en que la compra y la gesti\u00f3n se har\u00e1n de forma digital, con una oferta pensada para ser simple y sin el peso de los contratos largos.<\/p>\n\n\n\n<div class=\"gb-element-b9345c2d\">\n<div><div class=\"gb-looper-86f98ced\">\n<div class=\"gb-loop-item gb-loop-item-85376401 post-3132 post type-post status-publish format-standard has-post-thumbnail hentry category-militar resize-featured-image\">\n<h4 class=\"gb-text gb-text-51fe0339\">Lea tambi\u00e9n: <a href=\"https:\/\/okdiario.com\/techy\/mientras-todo-el-mundo-mira-al-estrecho-de-ormuz-europa-tiene-una-ruta-clave-para-cambiar-el-trafico-maritimo-internacional-y-que-solucionaria-muchos-problemas\/3132\/\">Mientras todo el mundo mira al Estrecho de Ormuz, Europa tiene una ruta clave para cambiar el tr\u00e1fico mar\u00edtimo internacional y que solucionar\u00eda muchos problemas<\/a><\/h4>\n<\/div>\n<\/div><\/div>\n<\/div>\n\n\n\n<p>Aqu\u00ed la palabra que se repite es eSIM. Es una \u201cSIM digital\u201d que se activa desde el m\u00f3vil, sin tarjeta f\u00edsica, y que suele permitir tener varias l\u00edneas en un mismo dispositivo, algo \u00fatil si quieres separar trabajo y vida personal o si viajas. N26, por ejemplo, lo explica como una activaci\u00f3n desde la app en pocos pasos, sin papeleo.<\/p>\n\n\n\n<p>En la pr\u00e1ctica, esto cambia una escena muy com\u00fan. Ya no es \u201cir a una tienda a por una SIM\u201d, es \u201cinstalar y activar\u201d casi como quien a\u00f1ade una nueva suscripci\u00f3n. Y ah\u00ed Lidl quiere estar a un toque de distancia, dentro de una app que mucha gente ya usa para la compra.<\/p>\n\n\n\n<h2 class=\"wp-block-heading\"><strong>Por qu\u00e9 otras marcas entran en telecom<\/strong><\/h2>\n\n\n\n<p>Lidl no llega a un desierto, llega a una tendencia. <a href=\"https:\/\/www.pccomponentes.com\/fibra-y-movil\" target=\"_blank\" rel=\"noopener\">PcComponentes<\/a>, por ejemplo, ya comercializa fibra y m\u00f3vil con una propuesta que enfatiza precio y gesti\u00f3n online, apoy\u00e1ndose en un socio especializado en marcas telco.<\/p>\n\n\n\n<p>En el mundo financiero pasa algo parecido. Revolut ha lanzado planes m\u00f3viles en Polonia integrados en su app, con una l\u00f3gica clara de \u201ctodo en un mismo sitio\u201d, dinero y m\u00f3vil en el mismo bolsillo digital.&nbsp;<\/p>\n\n\n\n<div class=\"gb-element-38f2434a\">\n<div><div class=\"gb-looper-ab34afd8\">\n<div class=\"gb-loop-item gb-loop-item-58f90779 post-3060 post type-post status-publish format-standard has-post-thumbnail hentry category-militar resize-featured-image\">\n<h4 class=\"gb-text gb-text-fec93417\">Lea tambi\u00e9n: <a href=\"https:\/\/okdiario.com\/techy\/los-nacidos-entre-1981-y-2009-tendran-que-pedir-permiso-al-ejercito-para-salir-del-pais-el-gobierno-de-alemania-lo-hace-oficial\/3060\/\">Los nacidos entre 1981 y 2009 tendr\u00e1n que pedir permiso al Ej\u00e9rcito para salir del pa\u00eds: el Gobierno de Alemania lo hace oficial<\/a><\/h4>\n<\/div>\n<\/div><\/div>\n<\/div>\n\n\n\n<p>Klarna tambi\u00e9n ha anunciado su entrada en planes m\u00f3viles, con un enfoque de tarifas sencillas y contrataci\u00f3n desde el m\u00f3vil, apoyada por un socio de conectividad. M\u00e1s que \u201cconvertirse en telecos\u201d, muchas de estas marcas buscan sumar otra pieza que fidelice y genere ingresos recurrentes.<\/p>\n\n\n\n<h2 class=\"wp-block-heading\">Un mercado donde Digi marca el ritmo<\/h2>\n\n\n\n<p>El reto para Lidl es que Espa\u00f1a ya es un campo de batalla muy competido. Los datos del regulador muestran que en diciembre de 2025 se superaron por primera vez los 63 millones de l\u00edneas m\u00f3viles, y que <a href=\"https:\/\/okdiario.com\/techy\/comunicado-de-movistar-plus-a-todos-sus-clientes-los-descodificadores-hd-ya-tienen-fecha-de-retirada-y-es-muy-pronto\/2956\/\">Movistar<\/a>, Vodafone y MasOrange concentraron la mayor parte del mercado, con Digi como cuarto actor relevante.<\/p>\n\n\n\n<p>Tambi\u00e9n hay una lectura econ\u00f3mica que explica por qu\u00e9 aqu\u00ed cuesta abrir hueco. En 2025, seg\u00fan cifras de la CNMC recogidas en abril de 2026, Movistar y Digi fueron los operadores que m\u00e1s mejoraron sus ingresos minoristas, con Digi creciendo con fuerza frente a rivales que retrocedieron o se estancaron.<\/p>\n\n\n\n<p>Por eso la pregunta real no es si Lidl puede \u201cexistir\u201d como OMV, sino si puede diferenciarse sin caer en una guerra de c\u00e9ntimos eterna. Si el servicio llega, lo que marcar\u00e1 la diferencia ser\u00e1 lo de siempre, <a href=\"https:\/\/okdiario.com\/techy\/los-expertos-coinciden-e-instan-a-poner-papel-de-aluminio-en-el-router-del-wi-fi-te-va-a-cambiar-la-vida\/2815\/\">cobertura<\/a> percibida, atenci\u00f3n al cliente y una oferta f\u00e1cil de entender. Sin sorpresas.<\/p>\n\n\n\n<p>La nota de prensa principal se ha publicado en <a href=\"https:\/\/www.businesswire.com\/news\/home\/20260413060283\/es\" target=\"_blank\" rel=\"noopener\"><em>Business<\/em><\/a><\/p>\n","protected":false},"excerpt":{"rendered":"<p>\u00bfY si la misma app con la que activas cupones para la compra tambi\u00e9n te sirve para contratar tu tarifa &#8230; <\/p>\n<p class=\"read-more-container\"><a title=\"Lidl desaf\u00eda a Digi y confirma su propia compa\u00f1\u00eda telef\u00f3nica: servicios de telefon\u00eda a precios low cost\" class=\"read-more button\" href=\"https:\/\/okdiario.com\/techy\/lidl-desafia-a-digi-y-confirma-su-propia-compania-telefonica-servicios-de-telefonia-a-precios-low-cost\/3165\/#more-3165\" aria-label=\"Leer m\u00e1s sobre Lidl desaf\u00eda a Digi y confirma su propia compa\u00f1\u00eda telef\u00f3nica: servicios de telefon\u00eda a precios low cost\">Read more<\/a><\/p>\n","protected":false},"author":3,"featured_media":3166,"comment_status":"open","ping_status":"","sticky":false,"template":"","format":"standard","meta":{"footnotes":""},"categories":[5],"tags":[],"class_list":["post-3165","post","type-post","status-publish","format-standard","has-post-thumbnail","hentry","category-actualidad","resize-featured-image"],"_links":{"self":[{"href":"https:\/\/okdiario.com\/techy\/wp-json\/wp\/v2\/posts\/3165","targetHints":{"allow":["GET"]}}],"collection":[{"href":"https:\/\/okdiario.com\/techy\/wp-json\/wp\/v2\/posts"}],"about":[{"href":"https:\/\/okdiario.com\/techy\/wp-json\/wp\/v2\/types\/post"}],"author":[{"embeddable":true,"href":"https:\/\/okdiario.com\/techy\/wp-json\/wp\/v2\/users\/3"}],"replies":[{"embeddable":true,"href":"https:\/\/okdiario.com\/techy\/wp-json\/wp\/v2\/comments?post=3165"}],"version-history":[{"count":1,"href":"https:\/\/okdiario.com\/techy\/wp-json\/wp\/v2\/posts\/3165\/revisions"}],"predecessor-version":[{"id":3167,"href":"https:\/\/okdiario.com\/techy\/wp-json\/wp\/v2\/posts\/3165\/revisions\/3167"}],"wp:featuredmedia":[{"embeddable":true,"href":"https:\/\/okdiario.com\/techy\/wp-json\/wp\/v2\/media\/3166"}],"wp:attachment":[{"href":"https:\/\/okdiario.com\/techy\/wp-json\/wp\/v2\/media?parent=3165"}],"wp:term":[{"taxonomy":"category","embeddable":true,"href":"https:\/\/okdiario.com\/techy\/wp-json\/wp\/v2\/categories?post=3165"},{"taxonomy":"post_tag","embeddable":true,"href":"https:\/\/okdiario.com\/techy\/wp-json\/wp\/v2\/tags?post=3165"}],"curies":[{"name":"wp","href":"https:\/\/api.w.org\/{rel}","templated":true}]}}