{"id":3111,"date":"2026-04-19T09:41:00","date_gmt":"2026-04-19T07:41:00","guid":{"rendered":"https:\/\/techy44.okdiario.com\/?p=3111"},"modified":"2026-04-17T12:47:04","modified_gmt":"2026-04-17T10:47:04","slug":"mark-zuckerberg-confirma-que-los-moviles-tienen-los-dias-contados-su-sustituto-esta-a-punto-de-llegar-y-parece-traido-del-futuro","status":"publish","type":"post","link":"https:\/\/okdiario.com\/techy\/mark-zuckerberg-confirma-que-los-moviles-tienen-los-dias-contados-su-sustituto-esta-a-punto-de-llegar-y-parece-traido-del-futuro\/3111\/","title":{"rendered":"Mark Zuckerberg confirma que los m\u00f3viles tienen los d\u00edas contados: su sustituto est\u00e1 a punto de llegar y parece tra\u00eddo del futuro"},"content":{"rendered":"\n<p>El m\u00f3vil se ha convertido en el mando a distancia de la vida diaria. Mensajes, mapas, fotos, m\u00fasica. Meta cree que ese centro de gravedad puede moverse a la cara, con gafas inteligentes que ense\u00f1an informaci\u00f3n sin bajar la mirada.<\/p>\n\n\n\n<p>La empresa de Mark Zuckerberg ha presentado una nueva generaci\u00f3n de gafas con pantalla y una pulsera que se maneja con gestos casi invisibles. La idea es hacer tareas cotidianas, como leer un <a href=\"https:\/\/okdiario.com\/techy\/whatsapp-anade-10-funciones-nuevas-en-2026-que-pueden-cambiar-la-forma-de-comunicarnos\/1883\/\">WhatsApp<\/a> o seguir una ruta, sin tener el tel\u00e9fono siempre en la mano. Suena c\u00f3modo, pero tambi\u00e9n abre dudas sobre comodidad, privacidad y dependencia real del m\u00f3vil.<\/p>\n\n\n\n<h2 class=\"wp-block-heading\">Qu\u00e9 ha anunciado Meta<\/h2>\n\n\n\n<p>El nuevo producto se llama Meta <a href=\"https:\/\/okdiario.com\/techy\/las-ray-ban-de-siempre-tienen-los-dias-contados-meta-confirma-que-llegan-los-cristales-graduados-para-sus-gafas-inteligentes\/2911\/\">Ray-Ban<\/a><a href=\"https:\/\/www.meta.com\/ai-glasses\/meta-ray-ban-display\/\" target=\"_blank\" rel=\"noopener\">Display<\/a> y llega acompa\u00f1ado de una pulsera de control llamada Meta Neural Band. La apuesta no es un casco ni unas gafas de realidad virtual, sino un formato que intenta parecerse a unas gafas normales.<\/p>\n\n\n\n<div class=\"gb-element-a00da4e5\">\n<div><div class=\"gb-looper-46613eed\">\n<div class=\"gb-loop-item gb-loop-item-a8390598 post-3046 post type-post status-publish format-standard has-post-thumbnail hentry category-inteligencia-artificial resize-featured-image\">\n<h4 class=\"gb-text gb-text-24a51617\">Lea tambi\u00e9n: <a href=\"https:\/\/okdiario.com\/techy\/no-confie-en-copilot-microsoft-manda-un-aviso-a-los-usuarios-sobre-su-ia-y-es-importante\/3046\/\">\u00abNo conf\u00ede en Copilot\u00bb: Microsoft manda un aviso a los usuarios sobre su IA y es importante<\/a><\/h4>\n<\/div>\n<\/div><\/div>\n<\/div>\n\n\n\n<p>Seg\u00fan el comunicado de Meta, las gafas incorporan una pantalla a color dentro de la lente, adem\u00e1s de micr\u00f3fonos, altavoces y c\u00e1mara, y se venden junto a la pulsera para controlar la interfaz con movimientos sutiles. En Estados Unidos parten de 799 d\u00f3lares, con llegada inicial a tiendas f\u00edsicas seleccionadas el 30 de septiembre de 2025 y una expansi\u00f3n prevista a Canad\u00e1, Francia, Italia y Reino Unido a principios de 2026.<\/p>\n\n\n\n<p>En la pr\u00e1ctica, el objetivo es que mires hacia arriba y sigas atento a lo que pasa delante de ti. Es una forma distinta de entender las \u201cgafas inteligentes\u201d, m\u00e1s cerca de un recordatorio r\u00e1pido que de una pantalla a tiempo completo.<\/p>\n\n\n\n<h2 class=\"wp-block-heading\">Una pantalla en la lente<\/h2>\n\n\n\n<p>La pantalla est\u00e1 pensada para aparecer cuando hace falta y desaparecer cuando no. Meta la coloca a un lado para no tapar la visi\u00f3n y la describe como una herramienta para interacciones cortas, no como \u201cponerte un tel\u00e9fono en la cara\u201d.<\/p>\n\n\n\n<div class=\"gb-element-2981805b\">\n<div><div class=\"gb-looper-f122feb6\">\n<div class=\"gb-loop-item gb-loop-item-e8ff38b9 post-3043 post type-post status-publish format-standard has-post-thumbnail hentry category-militar resize-featured-image\">\n<h4 class=\"gb-text gb-text-cc3f7e3f\">Lea tambi\u00e9n: <a href=\"https:\/\/okdiario.com\/techy\/estados-unidos-desafia-las-leyes-de-la-ingenieria-con-el-avion-batman-que-alcanza-velocidades-nunca-vistas-gracias-a-los-motores-turbofan\/3043\/\">Estados Unidos desaf\u00eda las leyes de la ingenier\u00eda con el avi\u00f3n &#8216;Batman&#8217; que alcanza velocidades nunca vistas gracias a los motores turbof\u00e1n<\/a><\/h4>\n<\/div>\n<\/div><\/div>\n<\/div>\n\n\n\n<p>\u00bfPara qu\u00e9 sirve una pantalla as\u00ed en el d\u00eda a d\u00eda? Para consultar notificaciones, ver <a href=\"https:\/\/okdiario.com\/techy\/los-mensajes-de-whatsapp-que-se-autodestruyen-estan-a-punto-de-llegar-lo-han-descubierto-en-la-beta-2-26-12-2-y-asi-funcionan\/2781\/\">mensajes<\/a>, revisar una foto antes de enviarla o seguir indicaciones al caminar, todo con una mirada r\u00e1pida. Si lo comparas con un smartwatch, la sensaci\u00f3n es parecida, pero en vez de mirar la mu\u00f1eca miras al frente.<\/p>\n\n\n\n<h2 class=\"wp-block-heading\">La pulsera Neural Band<\/h2>\n\n\n\n<p>La segunda pieza del anuncio es la pulsera. Neural Band traduce se\u00f1ales de la actividad <a href=\"https:\/\/www.meta.com\/es-es\/emerging-tech\/emg-wearable-technology\/\" target=\"_blank\" rel=\"noopener\">muscular<\/a> de la mu\u00f1eca en \u00f3rdenes para las gafas, de forma que puedas desplazarte por men\u00fas o seleccionar cosas con gestos peque\u00f1os, sin tocar la montura.<\/p>\n\n\n\n<p>La clave aqu\u00ed es que no \u201clee la mente\u201d. Funciona con se\u00f1ales del cuerpo, como las que se generan cuando mueves los dedos, aunque sea muy poco, y el sistema las interpreta como comandos digitales. Esto busca sustituir parte de lo que hoy hacemos con pantalla t\u00e1ctil, botones o una rueda.<\/p>\n\n\n\n<div class=\"gb-element-533b7dad\">\n<div><div class=\"gb-looper-8b4df217\">\n<div class=\"gb-loop-item gb-loop-item-106a5a3b post-3038 post type-post status-publish format-standard has-post-thumbnail hentry category-actualidad resize-featured-image\">\n<h4 class=\"gb-text gb-text-ba71c690\">Lea tambi\u00e9n: <a href=\"https:\/\/okdiario.com\/techy\/la-reflexion-de-steve-jobs-que-inspira-y-hace-reflexionar-mis-cosas-favoritas-de-la-vida-no-cuestan-dinero-esta-claro-que-el-recurso-mas-precioso-que-todos-tenemos-es-el-tiempo\/3038\/\">La reflexi\u00f3n de Steve Jobs que inspira y hace reflexionar: \u00abMis cosas favoritas de la vida no cuestan dinero. Est\u00e1 claro que el recurso m\u00e1s precioso que todos tenemos es el tiempo\u00bb<\/a><\/h4>\n<\/div>\n<\/div><\/div>\n<\/div>\n\n\n\n<p>Meta tambi\u00e9n ha destacado el enfoque de accesibilidad, porque estos gestos pueden ser m\u00e1s f\u00e1ciles que manipular una pantalla para algunas personas. Si esto se vuelve fiable de verdad, puede cambiar c\u00f3mo se controlan dispositivos en movimiento, por ejemplo andando por la calle o con las manos ocupadas.<\/p>\n\n\n\n<h2 class=\"wp-block-heading\">Lo que dice Zuckerberg sobre el futuro del m\u00f3vil<\/h2>\n\n\n\n<p>En llamadas con <a href=\"https:\/\/s21.q4cdn.com\/399680738\/files\/doc_financials\/2025\/q2\/META-Q2-2025-Earnings-Call-Transcript.pdf\" target=\"_blank\" rel=\"noopener\">inversores<\/a>, Zuckerberg lleva meses insistiendo en la misma idea. \u201cSigo pensando que las gafas van a ser el formato ideal para la IA, porque permiten que una IA vea lo que t\u00fa ves durante el d\u00eda, oiga lo que t\u00fa oyes y te hable\u201d, dijo al hablar de por qu\u00e9 una pantalla en las gafas puede \u201cdesbloquear\u201d m\u00e1s usos.<\/p>\n\n\n\n<p>En otra intervenci\u00f3n, fue m\u00e1s concreto con el calendario y con el tama\u00f1o del mercado. \u201cM\u00e1s de mil millones de personas en el mundo usan gafas hoy\u201d y, en su opini\u00f3n, \u201cparece muy probable\u201d que se conviertan en gafas con IA \u201cen los pr\u00f3ximos cinco a diez a\u00f1os\u201d, en un negocio que Meta trabaja con su socio EssilorLuxottica, el grupo detr\u00e1s de marcas como Ray-Ban.<\/p>\n\n\n\n<div class=\"gb-element-b701e4e2\">\n<div><div class=\"gb-looper-3fb5a94f\">\n<div class=\"gb-loop-item gb-loop-item-120292ac post-3034 post type-post status-publish format-standard has-post-thumbnail hentry category-informatica resize-featured-image\">\n<h4 class=\"gb-text gb-text-0bb1c784\">Lea tambi\u00e9n: <a href=\"https:\/\/okdiario.com\/techy\/tus-vecinos-se-podrian-estar-conectando-a-tu-wifi-pero-hay-una-forma-de-saberlo-y-lo-mas-importante-impedirlo\/3034\/\">Tus vecinos se podr\u00edan estar conectando a tu WiFi pero hay una forma de saberlo y lo m\u00e1s importante, impedirlo<\/a><\/h4>\n<\/div>\n<\/div><\/div>\n<\/div>\n\n\n\n<p>La visi\u00f3n tambi\u00e9n aparece en un texto firmado por \u201cMark\u201d en el que Meta habla de \u201csuperinteligencia personal\u201d, una IA que te acompa\u00f1e y entienda tu contexto. \u201cSi las tendencias contin\u00faan\u201d, escribe, \u201cdispositivos personales como las gafas\u201d que ven y oyen lo mismo que t\u00fa \u201cse convertir\u00e1n en nuestros dispositivos inform\u00e1ticos principales\u201d.<\/p>\n\n\n\n<h2 class=\"wp-block-heading\">Las dudas que vienen con unas gafas as\u00ed<\/h2>\n\n\n\n<p>No todo es tecnolog\u00eda y comodidad. En abril de 2026, una <a href=\"https:\/\/www.wired.com\/story\/meta-ray-ban-oakley-smart-glasses-no-face-recognition-civil-society\" target=\"_blank\" rel=\"noopener\">coalici\u00f3n<\/a> de m\u00e1s de 70 organizaciones de derechos civiles y privacidad pidi\u00f3 a Meta que abandone cualquier plan para integrar reconocimiento facial en gafas de consumo, por el riesgo de identificaci\u00f3n silenciosa en espacios p\u00fablicos. En ese contexto, un portavoz de Meta respondi\u00f3 que \u201cnuestros competidores ofrecen este tipo de reconocimiento facial, nosotros no\u201d y que, si alguna vez lo lanzaran, lo har\u00edan con un enfoque \u201cmuy cuidadoso\u201d.<\/p>\n\n\n\n<div class=\"gb-element-a406a36a\">\n<div><div class=\"gb-looper-2e6a390a\">\n<div class=\"gb-loop-item gb-loop-item-ccef4167 post-3031 post type-post status-publish format-standard has-post-thumbnail hentry category-juegos resize-featured-image\">\n<h4 class=\"gb-text gb-text-a4d8641a\">Lea tambi\u00e9n: <a href=\"https:\/\/okdiario.com\/techy\/nueva-filtracion-sobre-la-ps6-se-descubre-lo-que-sony-no-quiere-que-sepan-sus-competidores-y-en-xbox-ya-estan-temblando\/3031\/\">Nueva filtraci\u00f3n sobre la PS6: se descubre lo que Sony no quiere que sepan sus competidores y en Xbox ya est\u00e1n temblando<\/a><\/h4>\n<\/div>\n<\/div><\/div>\n<\/div>\n\n\n\n<p>Y luego est\u00e1 lo cotidiano, lo que no sale en los esl\u00f3ganes. El precio es alto para un producto de primera generaci\u00f3n, el uso tiene que ser realmente c\u00f3modo y la aceptaci\u00f3n social importa, porque nadie quiere sentirse observado en el metro o en un instituto por una <a href=\"https:\/\/okdiario.com\/techy\/las-gafas-inteligentes-son-cada-vez-mas-comunes-y-hay-un-truco-infalible-para-saber-si-te-estan-grabando-con-ellas\/2609\/\">c\u00e1mara<\/a> en una montura.<\/p>\n\n\n\n<p>Al final del d\u00eda, esto no significa que el <a href=\"https:\/\/okdiario.com\/techy\/si-aparece-un-punto-naranja-o-verde-en-tu-movil-cuidado-te-pueden-estar-espiando-sin-que-lo-sepas\/2715\/\">m\u00f3vil<\/a> desaparezca de golpe. Lo m\u00e1s realista, al menos por ahora, es que estas gafas intenten quitarle protagonismo al tel\u00e9fono en momentos concretos, como leer un mensaje, seguir un mapa o hacer una consulta r\u00e1pida, sin sacarlo del bolsillo cada dos minutos.<\/p>\n\n\n\n<p>El comunicado oficial se ha publicado en <a href=\"https:\/\/about.fb.com\/news\/2025\/09\/meta-ray-ban-display-ai-glasses-emg-wristband\/\" target=\"_blank\" rel=\"noopener\"><em>Meta Newsroom<\/em><\/a>.<\/p>\n","protected":false},"excerpt":{"rendered":"<p>El m\u00f3vil se ha convertido en el mando a distancia de la vida diaria. Mensajes, mapas, fotos, m\u00fasica. Meta cree &#8230; <\/p>\n<p class=\"read-more-container\"><a title=\"Mark Zuckerberg confirma que los m\u00f3viles tienen los d\u00edas contados: su sustituto est\u00e1 a punto de llegar y parece tra\u00eddo del futuro\" class=\"read-more button\" href=\"https:\/\/okdiario.com\/techy\/mark-zuckerberg-confirma-que-los-moviles-tienen-los-dias-contados-su-sustituto-esta-a-punto-de-llegar-y-parece-traido-del-futuro\/3111\/#more-3111\" aria-label=\"Leer m\u00e1s sobre Mark Zuckerberg confirma que los m\u00f3viles tienen los d\u00edas contados: su sustituto est\u00e1 a punto de llegar y parece tra\u00eddo del futuro\">Read more<\/a><\/p>\n","protected":false},"author":3,"featured_media":3112,"comment_status":"open","ping_status":"","sticky":false,"template":"","format":"standard","meta":{"footnotes":""},"categories":[4],"tags":[],"class_list":["post-3111","post","type-post","status-publish","format-standard","has-post-thumbnail","hentry","category-dispositivos","resize-featured-image"],"_links":{"self":[{"href":"https:\/\/okdiario.com\/techy\/wp-json\/wp\/v2\/posts\/3111","targetHints":{"allow":["GET"]}}],"collection":[{"href":"https:\/\/okdiario.com\/techy\/wp-json\/wp\/v2\/posts"}],"about":[{"href":"https:\/\/okdiario.com\/techy\/wp-json\/wp\/v2\/types\/post"}],"author":[{"embeddable":true,"href":"https:\/\/okdiario.com\/techy\/wp-json\/wp\/v2\/users\/3"}],"replies":[{"embeddable":true,"href":"https:\/\/okdiario.com\/techy\/wp-json\/wp\/v2\/comments?post=3111"}],"version-history":[{"count":1,"href":"https:\/\/okdiario.com\/techy\/wp-json\/wp\/v2\/posts\/3111\/revisions"}],"predecessor-version":[{"id":3113,"href":"https:\/\/okdiario.com\/techy\/wp-json\/wp\/v2\/posts\/3111\/revisions\/3113"}],"wp:featuredmedia":[{"embeddable":true,"href":"https:\/\/okdiario.com\/techy\/wp-json\/wp\/v2\/media\/3112"}],"wp:attachment":[{"href":"https:\/\/okdiario.com\/techy\/wp-json\/wp\/v2\/media?parent=3111"}],"wp:term":[{"taxonomy":"category","embeddable":true,"href":"https:\/\/okdiario.com\/techy\/wp-json\/wp\/v2\/categories?post=3111"},{"taxonomy":"post_tag","embeddable":true,"href":"https:\/\/okdiario.com\/techy\/wp-json\/wp\/v2\/tags?post=3111"}],"curies":[{"name":"wp","href":"https:\/\/api.w.org\/{rel}","templated":true}]}}