{"id":3095,"date":"2026-04-18T12:42:00","date_gmt":"2026-04-18T10:42:00","guid":{"rendered":"https:\/\/techy44.okdiario.com\/?p=3095"},"modified":"2026-04-15T15:19:59","modified_gmt":"2026-04-15T13:19:59","slug":"el-mundo-esta-cambiando-y-este-es-el-movimiento-que-lo-confirma-el-pais-que-pondra-la-mili-obligatoria-para-los-nacidos-a-partir-de-2008","status":"publish","type":"post","link":"https:\/\/okdiario.com\/techy\/el-mundo-esta-cambiando-y-este-es-el-movimiento-que-lo-confirma-el-pais-que-pondra-la-mili-obligatoria-para-los-nacidos-a-partir-de-2008\/3095\/","title":{"rendered":"El mundo est\u00e1 cambiando y \u00e9ste es el movimiento que lo confirma: el pa\u00eds que pondr\u00e1 la mili obligatoria para los nacidos a partir de 2008"},"content":{"rendered":"\n<p>En 2026, los nacidos en 2008 cumplen 18 a\u00f1os y, en <a href=\"https:\/\/okdiario.com\/techy\/se-llama-vicente-y-es-el-primer-robot-policia-de-colombia-identifica-patrones-anomalos-y-activa-los-protocolos-de-seguridad\/2731\/\">Colombia<\/a>, eso activa un tr\u00e1mite que muchos conocen de o\u00eddas, definir la situaci\u00f3n militar. En redes circula la idea de que \u201cles toca un a\u00f1o s\u00ed o s\u00ed\u201d y de que \u201ccobran un salario m\u00ednimo\u201d, pero la letra peque\u00f1a es m\u00e1s matizada.<\/p>\n\n\n\n<div class=\"gb-element-a00da4e5\">\n<div><div class=\"gb-looper-46613eed\">\n<div class=\"gb-loop-item gb-loop-item-a8390598 post-3028 post type-post status-publish format-standard has-post-thumbnail hentry category-dispositivos resize-featured-image\">\n<h4 class=\"gb-text gb-text-24a51617\">Lea tambi\u00e9n: <a href=\"https:\/\/okdiario.com\/techy\/la-ue-confirma-el-cambio-de-norma-adios-para-siempre-a-los-cargadores-de-los-portatiles-a-partir-de-este-mes-sera-obligatorio-el-cable-usb-c\/3028\/\">La UE confirma el cambio de norma: adi\u00f3s para siempre a los cargadores de los port\u00e1tiles, a partir de \u00e9ste mes ser\u00e1 obligatorio el cable USB-C<\/a><\/h4>\n<\/div>\n<\/div><\/div>\n<\/div>\n\n\n\n<p>La norma base es la Ley <a href=\"https:\/\/www.secretariasenado.gov.co\/senado\/basedoc\/ley_1861_2017.html\" target=\"_blank\" rel=\"noopener\">1861<\/a> de 2017, aprobada por el Congreso, que regula qui\u00e9n debe presentarse, c\u00f3mo se elige a los aptos y qu\u00e9 pasa con las exenciones. Y en 2024 lleg\u00f3 un cambio clave con la Ley 2384 de 2024, que subi\u00f3 la bonificaci\u00f3n mensual y fij\u00f3 nuevos pagos al terminar el servicio.<\/p>\n\n\n\n<h2 class=\"wp-block-heading\">Qu\u00e9 es definir la situaci\u00f3n militar<\/h2>\n\n\n\n<p>En la pr\u00e1ctica, definir la situaci\u00f3n <a href=\"https:\/\/okdiario.com\/techy\/francia-va-a-conquistar-europa-con-skydefender-el-sistema-capaz-de-detectar-misiles-a-5-000-km-de-distancia-y-con-capacidad-para-responder-en-segundos\/2598\/\">militar<\/a> es \u201ccerrar\u201d tu estado ante el Estado, se decide si entras a filas, quedas exento o te clasifican por falta de cupo u otra causa. La Ley 1861 describe el servicio como \u201cun deber constitucional\u201d que nace al cumplir la mayor\u00eda de edad y pone en marcha el proceso.<\/p>\n\n\n\n<p>Ojo, el tr\u00e1mite no significa que te incorporen autom\u00e1ticamente. Primero hay inscripci\u00f3n y evaluaciones m\u00e9dicas, y si hay m\u00e1s aptos que plazas, la ley prev\u00e9 un sorteo p\u00fablico y da prioridad a quien se presente como voluntario. Es justo el tipo de detalle que se pierde cuando un titular se comparte sin contexto.<\/p>\n\n\n\n<div class=\"gb-element-c06c3e53\">\n<div><div class=\"gb-looper-b8904214\">\n<div class=\"gb-loop-item gb-loop-item-dd5a89e5 post-3031 post type-post status-publish format-standard has-post-thumbnail hentry category-juegos resize-featured-image\">\n<h4 class=\"gb-text gb-text-e01ea335\">Lea tambi\u00e9n: <a href=\"https:\/\/okdiario.com\/techy\/nueva-filtracion-sobre-la-ps6-se-descubre-lo-que-sony-no-quiere-que-sepan-sus-competidores-y-en-xbox-ya-estan-temblando\/3031\/\">Nueva filtraci\u00f3n sobre la PS6: se descubre lo que Sony no quiere que sepan sus competidores y en Xbox ya est\u00e1n temblando<\/a><\/h4>\n<\/div>\n<\/div><\/div>\n<\/div>\n\n\n\n<p>La misma Ley 1861 tambi\u00e9n deja por escrito algo que suele generar miedo, proh\u00edbe \u201cdetenciones\u201d u operativos sorpresa para llevarse a j\u00f3venes que no se hayan presentado. Si alguien te lo vende como una redada inevitable, conviene desconfiar y contrastar.<\/p>\n\n\n\n<h2 class=\"wp-block-heading\"><strong>A qui\u00e9n afecta y qui\u00e9<\/strong>n puede quedar exento<\/h2>\n\n\n\n<p>Para los hombres, la obligaci\u00f3n de definir la situaci\u00f3n militar va desde los 18 hasta los 50 a\u00f1os. La incorporaci\u00f3n como conscripto, que es el joven que entra a prestar servicio, por lo general se hace entre los 18 y justo antes de cumplir 24.<\/p>\n\n\n\n<p>Las mujeres no est\u00e1n obligadas en condiciones normales y pueden presentarse de manera voluntaria, seg\u00fan la propia ley. Dicho esto, s\u00ed hay exenciones para hombres en casos concretos, por ejemplo discapacidad permanente, ser hijo \u00fanico, estar casado o ser padre, pertenecer a comunidades ind\u00edgenas en sus territorios o figurar como v\u00edctima registrada del conflicto armado. Tambi\u00e9n existe la objeci\u00f3n de conciencia, que es negarse por convicciones profundas y que se tramita con pruebas, no solo con decirlo.<\/p>\n\n\n\n<div class=\"gb-element-6eebb360\">\n<div><div class=\"gb-looper-aebc8b44\">\n<div class=\"gb-loop-item gb-loop-item-4f7c08e2 post-3017 post type-post status-publish format-standard has-post-thumbnail hentry category-actualidad resize-featured-image\">\n<h4 class=\"gb-text gb-text-ff54a48e\">Lea tambi\u00e9n: <a href=\"https:\/\/okdiario.com\/techy\/hace-17-anos-se-mudo-de-casa-y-lo-que-acaba-de-encontrar-confirma-que-el-antiguo-dueno-vivia-en-el-futuro-no-teniamos-ni-idea-de-que-existiera\/3017\/\">Hace 17 a\u00f1os se mud\u00f3 de casa y lo que acaba de encontrar confirma que el antiguo due\u00f1o viv\u00eda en el futuro: \u00abNo ten\u00edamos ni idea de que existiera\u00bb<\/a><\/h4>\n<\/div>\n<\/div><\/div>\n<\/div>\n\n\n\n<p>Estar exento no significa \u201cno hacer nada\u201d y ya est\u00e1. Lo habitual es que tengas que demostrarlo con documentos y pasar por el distrito militar para quedar clasificado, que es la salida oficial del proceso sin prestar servicio.<\/p>\n\n\n\n<h2 class=\"wp-block-heading\">Cu\u00e1nto dura el servicio y qu\u00e9 se hace<\/h2>\n\n\n\n<p>La duraci\u00f3n general del servicio militar obligatorio se fija en 18 meses, pero para quienes ya terminaron el colegio como bachilleres el periodo se mantiene en 12 meses. No es un matiz menor, cambia el calendario de estudios, trabajo y vida familiar.<\/p>\n\n\n\n<p>\u00bfY qu\u00e9 se hace durante ese a\u00f1o? Depende de la unidad y de las necesidades del <a href=\"https:\/\/okdiario.com\/techy\/la-lista-de-los-ejercitos-mas-poderosos-de-europa-el-puesto-de-espana-es-mas-preocupante-de-lo-que-pensabamos\/2899\/\">Ej\u00e9rcito<\/a> o de la Polic\u00eda, pero suele incluir tareas de apoyo, vigilancia en instalaciones, log\u00edstica y actividades comunitarias. En la <a href=\"https:\/\/www.medellin.gov.co\/es\/sala-de-prensa\/noticias\/ejercito-nacional-abre-la-primera-convocatoria-de-servicio-militar-2026-para-jovenes-de-todo-el-pais\/\" target=\"_blank\" rel=\"noopener\">convocatoria<\/a> oficial de febrero de 2026, por ejemplo, se hablaba de conservaci\u00f3n ambiental, seguridad vial, atenci\u00f3n humanitaria y trabajo administrativo.<\/p>\n\n\n\n<div class=\"gb-element-84c98d0a\">\n<div><div class=\"gb-looper-2bc6b5e9\">\n<div class=\"gb-loop-item gb-loop-item-6e425a97 post-3014 post type-post status-publish format-standard has-post-thumbnail hentry category-ciberseguridad resize-featured-image\">\n<h4 class=\"gb-text gb-text-a51d6659\">Lea tambi\u00e9n: <a href=\"https:\/\/okdiario.com\/techy\/alerta-de-ciberseguridad-en-los-moviles-android-un-virus-ha-infectado-23-millones-de-moviles-y-esta-robando-datos-de-whatsapp\/3014\/\">Alerta de ciberseguridad en los m\u00f3viles Android: un virus ha infectado 2,3 millones de m\u00f3viles y est\u00e1 robando datos de WhatsApp<\/a><\/h4>\n<\/div>\n<\/div><\/div>\n<\/div>\n\n\n\n<p>No todo es \u201cir al frente\u201d, aunque s\u00ed hay disciplina, entrenamiento b\u00e1sico y rutinas exigentes. Por eso, antes de dar por hecho lo peor o lo mejor, lo m\u00e1s sensato es preguntar qu\u00e9 tipo de cupo se ofrece en tu zona y qu\u00e9 funciones se est\u00e1n asignando en ese contingente.<\/p>\n\n\n\n<h2 class=\"wp-block-heading\">Dinero y beneficios en 2026<\/h2>\n\n\n\n<p>Lo que recibe un conscripto no se llama salario en sentido estricto. La Ley 2384 lo define como una \u201cbonificaci\u00f3n mensual sin car\u00e1cter salarial\u201d, que pas\u00f3 a fijarse en el 50 % del salario m\u00ednimo, luego en el 70 % y con el objetivo de llegar al 100 % en un plazo de hasta dos a\u00f1os desde su vigencia. En otras palabras, el titular de \u201csalario m\u00ednimo\u201d no sale de la nada, pero depende del calendario legal y de c\u00f3mo se aplique.<\/p>\n\n\n\n<p>En la pr\u00e1ctica, algunas convocatorias de 2026 ya anunciaban una bonificaci\u00f3n mensual equivalente a un salario m\u00ednimo legal mensual vigente, y daban una cifra concreta de 1.750.905 pesos colombianos al mes. Adem\u00e1s del dinero, se ofrece alojamiento, alimentaci\u00f3n y atenci\u00f3n en salud durante el tiempo de servicio, junto con otros apoyos que var\u00edan por convocatoria.<\/p>\n\n\n\n<div class=\"gb-element-eb2d9a9a\">\n<div><div class=\"gb-looper-13abdd02\">\n<div class=\"gb-loop-item gb-loop-item-3addc545 post-3006 post type-post status-publish format-standard has-post-thumbnail hentry category-juegos resize-featured-image\">\n<h4 class=\"gb-text gb-text-14e2907b\">Lea tambi\u00e9n: <a href=\"https:\/\/okdiario.com\/techy\/solo-cuesta-25-euros-pero-ha-superado-a-resident-evil-requiem-en-la-tienda-de-steam-en-marzo-es-el-mejor-juego-de-cartas\/3006\/\">S\u00f3lo cuesta 25 euros pero ha superado a Resident Evil Requiem en la tienda de Steam en marzo: es el mejor juego de cartas<\/a><\/h4>\n<\/div>\n<\/div><\/div>\n<\/div>\n\n\n\n<p>Al licenciarse, la Ley 2384 tambi\u00e9n prev\u00e9 un pago para \u201cdotaci\u00f3n civil\u201d equivalente a un salario m\u00ednimo y una bonificaci\u00f3n final de 1,5 salarios m\u00ednimos. Dicho de forma llana, hay dos ingresos de salida pensados para el regreso a casa, aunque no sustituyen autom\u00e1ticamente un empleo estable.<\/p>\n\n\n\n<h2 class=\"wp-block-heading\">C\u00f3mo comprobar tu caso sin perderte en rumores<\/h2>\n\n\n\n<p>Si eres de la cohorte de 2008 y quieres saber qu\u00e9 te toca, la v\u00eda m\u00e1s segura es ir a canales oficiales y no a audios reenviados. La gu\u00eda del <a href=\"https:\/\/www.minjusticia.gov.co\/programas-co\/LegalApp\/Paginas\/Que-debo-hacer-para-definir-mi-situacion-militar.aspx\" target=\"_blank\" rel=\"noopener\">Ministerio<\/a> de Justicia y del Derecho recomienda acudir a los distritos militares o iniciar el registro en el portal de la <a href=\"https:\/\/incorporacion.libretamilitar.mil.co\/auth\/register\" target=\"_blank\" rel=\"noopener\">libreta<\/a> militar, donde se suben documentos y se asigna cita.<\/p>\n\n\n\n<div class=\"gb-element-bfc5db65\">\n<div><div class=\"gb-looper-587d7404\">\n<div class=\"gb-loop-item gb-loop-item-79c0b0ef post-2983 post type-post status-publish format-standard has-post-thumbnail hentry category-dispositivos resize-featured-image\">\n<h4 class=\"gb-text gb-text-86d6c7fb\">Lea tambi\u00e9n: <a href=\"https:\/\/okdiario.com\/techy\/ni-oppo-ni-samsung-el-movil-que-llevan-los-astronautas-de-artemis-ii-para-hacer-fotos-desde-el-espacio\/2983\/\">Ni Oppo ni Samsung: el m\u00f3vil que llevan los astronautas de Artemis II para hacer fotos desde el espacio<\/a><\/h4>\n<\/div>\n<\/div><\/div>\n<\/div>\n\n\n\n<p>Llegar tarde puede salir caro. Esa misma gu\u00eda recuerda que no presentarse a una concentraci\u00f3n en la fecha indicada puede conllevar una multa equivalente a un salario m\u00ednimo por cada a\u00f1o de retraso, con un tope de cinco salarios m\u00ednimos. Tambi\u00e9n aclara que, si terminas incorporado, esa multa puede quedar sin efecto.<\/p>\n\n\n\n<p>Para dudas m\u00e1s concretas, como si aplicas a una exenci\u00f3n o qu\u00e9 justificantes sirven, suele ayudar contactar con el Comando de Reclutamiento y Control de Reservas del Ej\u00e9rcito, que aparece en convocatorias oficiales. Otra pista \u00fatil es consultar <a href=\"https:\/\/www.reclutamiento.mil.co\" target=\"_blank\" rel=\"noopener\">reclutamiento.mil.co<\/a>, donde se centralizan puntos de informaci\u00f3n y orientaci\u00f3n.<\/p>\n\n\n\n<p>La norma oficial ha sido publicada en <a href=\"https:\/\/www.funcionpublica.gov.co\/eva\/gestornormativo\/norma.php?i=82973\" target=\"_blank\" rel=\"noopener\"><em>Gestor Normativo de Funci\u00f3n P\u00fablica<\/em><\/a>.<\/p>\n","protected":false},"excerpt":{"rendered":"<p>En 2026, los nacidos en 2008 cumplen 18 a\u00f1os y, en Colombia, eso activa un tr\u00e1mite que muchos conocen de &#8230; <\/p>\n<p class=\"read-more-container\"><a title=\"El mundo est\u00e1 cambiando y \u00e9ste es el movimiento que lo confirma: el pa\u00eds que pondr\u00e1 la mili obligatoria para los nacidos a partir de 2008\" class=\"read-more button\" href=\"https:\/\/okdiario.com\/techy\/el-mundo-esta-cambiando-y-este-es-el-movimiento-que-lo-confirma-el-pais-que-pondra-la-mili-obligatoria-para-los-nacidos-a-partir-de-2008\/3095\/#more-3095\" aria-label=\"Leer m\u00e1s sobre El mundo est\u00e1 cambiando y \u00e9ste es el movimiento que lo confirma: el pa\u00eds que pondr\u00e1 la mili obligatoria para los nacidos a partir de 2008\">Read more<\/a><\/p>\n","protected":false},"author":3,"featured_media":3096,"comment_status":"open","ping_status":"","sticky":false,"template":"","format":"standard","meta":{"footnotes":""},"categories":[19],"tags":[],"class_list":["post-3095","post","type-post","status-publish","format-standard","has-post-thumbnail","hentry","category-militar","resize-featured-image"],"_links":{"self":[{"href":"https:\/\/okdiario.com\/techy\/wp-json\/wp\/v2\/posts\/3095","targetHints":{"allow":["GET"]}}],"collection":[{"href":"https:\/\/okdiario.com\/techy\/wp-json\/wp\/v2\/posts"}],"about":[{"href":"https:\/\/okdiario.com\/techy\/wp-json\/wp\/v2\/types\/post"}],"author":[{"embeddable":true,"href":"https:\/\/okdiario.com\/techy\/wp-json\/wp\/v2\/users\/3"}],"replies":[{"embeddable":true,"href":"https:\/\/okdiario.com\/techy\/wp-json\/wp\/v2\/comments?post=3095"}],"version-history":[{"count":1,"href":"https:\/\/okdiario.com\/techy\/wp-json\/wp\/v2\/posts\/3095\/revisions"}],"predecessor-version":[{"id":3097,"href":"https:\/\/okdiario.com\/techy\/wp-json\/wp\/v2\/posts\/3095\/revisions\/3097"}],"wp:featuredmedia":[{"embeddable":true,"href":"https:\/\/okdiario.com\/techy\/wp-json\/wp\/v2\/media\/3096"}],"wp:attachment":[{"href":"https:\/\/okdiario.com\/techy\/wp-json\/wp\/v2\/media?parent=3095"}],"wp:term":[{"taxonomy":"category","embeddable":true,"href":"https:\/\/okdiario.com\/techy\/wp-json\/wp\/v2\/categories?post=3095"},{"taxonomy":"post_tag","embeddable":true,"href":"https:\/\/okdiario.com\/techy\/wp-json\/wp\/v2\/tags?post=3095"}],"curies":[{"name":"wp","href":"https:\/\/api.w.org\/{rel}","templated":true}]}}