{"id":3083,"date":"2026-04-17T18:31:00","date_gmt":"2026-04-17T16:31:00","guid":{"rendered":"https:\/\/techy44.okdiario.com\/?p=3083"},"modified":"2026-04-15T14:57:21","modified_gmt":"2026-04-15T12:57:21","slug":"estados-unidos-despliega-un-portaaviones-de-propulsion-nuclear-de-97-000-toneladas-que-se-dirige-a-sudamerica","status":"publish","type":"post","link":"https:\/\/okdiario.com\/techy\/estados-unidos-despliega-un-portaaviones-de-propulsion-nuclear-de-97-000-toneladas-que-se-dirige-a-sudamerica\/3083\/","title":{"rendered":"Estados Unidos despliega un portaaviones de propulsi\u00f3n nuclear de 97.000 toneladas que se dirige a Sudam\u00e9rica"},"content":{"rendered":"\n<p>El <a href=\"https:\/\/okdiario.com\/techy\/europa-desafia-a-eeuu-construyendo-el-portaaviones-mas-grande-del-continente-80-000-toneladas-y-310-metros-de-tecnologia-y-capacidad-aerea\/2836\/\">portaaviones<\/a> nuclear USS Nimitz, el m\u00e1s veterano en servicio activo de la Marina de Estados Unidos, ha salido de Naval Base Kitsap-Bremerton, en Washington, para lo que la propia Armada describe como su \u00faltima partida desde esa base. Con un desplazamiento de alrededor de 100.000 <a href=\"https:\/\/www.airpac.navy.mil\/Organization\/Distinguished-Visitor-Info\/Important-Links-and-Info\/\" target=\"_blank\" rel=\"noopener\">toneladas<\/a>, es uno de los mayores buques de guerra del mundo seg\u00fan una rese\u00f1a oficial.<\/p>\n\n\n\n<p>La salida ocurri\u00f3 el 7 de marzo de 2026 y el destino del traslado es Naval Station Norfolk, en Virginia, como recoge una nota de la U.S. <a href=\"https:\/\/www.airpac.navy.mil\/News\/Article\/4429073\/uss-nimitz-conducts-milestone-departure-from-naval-base-kitsap\/\" target=\"_blank\" rel=\"noopener\">Navy<\/a>. A partir de ah\u00ed empieza la gran pregunta para el p\u00fablico general. \u00bfQu\u00e9 hace un \u201caeropuerto flotante\u201d tan grande cruzando aguas de Centro y <a href=\"https:\/\/okdiario.com\/techy\/estados-unidos-rompe-con-todo-construye-una-base-naval-en-america-latina-que-desafia-el-panorama-militar\/2890\/\">Sudam\u00e9rica<\/a>, lejos de sus despliegues m\u00e1s habituales?<\/p>\n\n\n\n<h2 class=\"wp-block-heading\">La \u00faltima salida de Bremerton<\/h2>\n\n\n\n<p>La U.S. Navy explica el hito en una nota firmada por el teniente Paul Fletcher, de Naval Air Force, U.S. Pacific Fleet. El texto recuerda que el Nimitz fue puesto en servicio el 3 de mayo de 1975 y que su marcha cierra una etapa de d\u00e9cadas vinculada al noroeste del Pac\u00edfico.<\/p>\n\n\n\n<div class=\"gb-element-a00da4e5\">\n<div><div class=\"gb-looper-46613eed\">\n<div class=\"gb-loop-item gb-loop-item-a8390598 post-3031 post type-post status-publish format-standard has-post-thumbnail hentry category-juegos resize-featured-image\">\n<h4 class=\"gb-text gb-text-24a51617\">Lea tambi\u00e9n: <a href=\"https:\/\/okdiario.com\/techy\/nueva-filtracion-sobre-la-ps6-se-descubre-lo-que-sony-no-quiere-que-sepan-sus-competidores-y-en-xbox-ya-estan-temblando\/3031\/\">Nueva filtraci\u00f3n sobre la PS6: se descubre lo que Sony no quiere que sepan sus competidores y en Xbox ya est\u00e1n temblando<\/a><\/h4>\n<\/div>\n<\/div><\/div>\n<\/div>\n\n\n\n<p>El capit\u00e1n Joseph Furco, comandante del buque, puso el acento en la parte humana. \u201cEste barco y su tripulaci\u00f3n no podr\u00edan estar m\u00e1s agradecidos a la gente del estado de Washington por d\u00e9cadas de hospitalidad, amistad y confianza\u201d, dijo. La frase suena a despedida de barrio, pero aqu\u00ed viene de una base naval y un buque enorme.<\/p>\n\n\n\n<h2 class=\"wp-block-heading\">Qu\u00e9 es un grupo de ataque de portaaviones<\/h2>\n\n\n\n<p>Un portaaviones no se entiende sin su \u201cgrupo de ataque\u201d, que es una flota pensada para protegerlo y darle alcance. En Southern Seas 2026, el Nimitz navega con escoltas como el destructor USS Gridley, que act\u00faan como capa de vigilancia y defensa alrededor del barco principal.<\/p>\n\n\n\n<div class=\"gb-element-7571a364\">\n<div><div class=\"gb-looper-b2858eaa\">\n<div class=\"gb-loop-item gb-loop-item-a67d3547 post-3014 post type-post status-publish format-standard has-post-thumbnail hentry category-ciberseguridad resize-featured-image\">\n<h4 class=\"gb-text gb-text-55f4f2c5\">Lea tambi\u00e9n: <a href=\"https:\/\/okdiario.com\/techy\/alerta-de-ciberseguridad-en-los-moviles-android-un-virus-ha-infectado-23-millones-de-moviles-y-esta-robando-datos-de-whatsapp\/3014\/\">Alerta de ciberseguridad en los m\u00f3viles Android: un virus ha infectado 2,3 millones de m\u00f3viles y est\u00e1 robando datos de WhatsApp<\/a><\/h4>\n<\/div>\n<\/div><\/div>\n<\/div>\n\n\n\n<p>Tambi\u00e9n importa lo que lleva encima. El despliegue incluye la Carrier Air Wing 17, con cazas F\/A-18E\/F, aviones de guerra electr\u00f3nica EA-18G, aeronaves log\u00edsticas C-2A y helic\u00f3pteros MH-60, seg\u00fan el anuncio oficial. Traducido a lenguaje cotidiano, es un equipo que puede atacar, vigilar, mover material y apoyar rescates sin depender de una pista en tierra.<\/p>\n\n\n\n<h2 class=\"wp-block-heading\">Southern Seas 2026 y las escalas previstas<\/h2>\n\n\n\n<p>El despliegue est\u00e1 anunciado en un comunicado de U.S. Naval Forces Southern Command y la Cuarta Flota fechado el 23 de marzo de 2026. La U.S. Navy afirma que el Nimitz y el USS Gridley circunnavegar\u00e1n Sudam\u00e9rica y har\u00e1n ejercicios de paso, operaciones en el mar e intercambios de especialistas con fuerzas socias.<\/p>\n\n\n\n<div class=\"gb-element-abd0847a\">\n<div><div class=\"gb-looper-ca383236\">\n<div class=\"gb-loop-item gb-loop-item-ad7b82ba post-3024 post type-post status-publish format-standard has-post-thumbnail hentry category-informatica resize-featured-image\">\n<h4 class=\"gb-text gb-text-71015f03\">Lea tambi\u00e9n: <a href=\"https:\/\/okdiario.com\/techy\/en-1994-un-programador-creo-una-interfaz-temporal-para-windows-pero-han-pasado-mas-de-30-anos-y-fue-tan-brillante-que-la-seguimos-usando\/3024\/\">En 1994 un programador cre\u00f3 una interfaz \u00abtemporal\u00bb para Windows pero han pasado m\u00e1s de 30 a\u00f1os y fue tan brillante que la seguimos usando<\/a><\/h4>\n<\/div>\n<\/div><\/div>\n<\/div>\n\n\n\n<p>Seg\u00fan ese plan, hay actividades con Argentina, Brasil, Chile, Colombia, Ecuador, Per\u00fa, M\u00e9xico, El Salvador, Guatemala y Uruguay, adem\u00e1s de escalas en puertos de Brasil, Chile, Panam\u00e1 y Jamaica. El contraalmirante Carlos Sardiello, al mando de U.S. Naval Forces Southern Command y la Cuarta Flota, asegur\u00f3 que Southern Seas 2026 \u201cofrece una oportunidad \u00fanica para mejorar la interoperabilidad\u201d con socios regionales.<\/p>\n\n\n\n<h2 class=\"wp-block-heading\">Entrenar juntos sin hablar el mismo \u201cidioma\u201d<\/h2>\n\n\n\n<p>La palabra <a href=\"https:\/\/okdiario.com\/techy\/zarpa-el-s-81-isaac-peral-asi-es-el-submarino-mas-moderno-de-la-armada-y-su-primer-despliegue-en-una-mision-otan-en-2026\/2324\/\">interoperabilidad<\/a> suena t\u00e9cnica, pero la idea es simple. Significa que barcos y aviones de distintos pa\u00edses puedan coordinarse r\u00e1pido, con radios compatibles, procedimientos parecidos y una cadena de mando clara cuando hay una emergencia. Nadie quiere descubrir un malentendido cuando el mar est\u00e1 revuelto o hay una b\u00fasqueda y rescate en marcha.<\/p>\n\n\n\n<div class=\"gb-element-ffe6df43\">\n<div><div class=\"gb-looper-aadc8ec3\">\n<div class=\"gb-loop-item gb-loop-item-63ceb8dd post-3024 post type-post status-publish format-standard has-post-thumbnail hentry category-informatica resize-featured-image\">\n<h4 class=\"gb-text gb-text-fddf13bd\">Lea tambi\u00e9n: <a href=\"https:\/\/okdiario.com\/techy\/en-1994-un-programador-creo-una-interfaz-temporal-para-windows-pero-han-pasado-mas-de-30-anos-y-fue-tan-brillante-que-la-seguimos-usando\/3024\/\">En 1994 un programador cre\u00f3 una interfaz \u00abtemporal\u00bb para Windows pero han pasado m\u00e1s de 30 a\u00f1os y fue tan brillante que la seguimos usando<\/a><\/h4>\n<\/div>\n<\/div><\/div>\n<\/div>\n\n\n\n<p>Este tipo de despliegues suele conectarse con maniobras ya conocidas en el continente, como UNITAS, que la <a href=\"https:\/\/okdiario.com\/techy\/la-marina-de-eeuu-abandono-el-proyecto-durante-anos-pero-ahora-lo-ha-retomado-vuelve-a-probar-los-canones-de-riel-electromagneticos-que-aceleran-proyectiles\/2660\/\">Marina<\/a> de Estados Unidos describe como el ejercicio mar\u00edtimo multinacional anual m\u00e1s antiguo del mundo. La U.S. Navy no ha concretado qu\u00e9 fases coincidir\u00e1n con el Nimitz, pero el objetivo general es el mismo, practicar ahora para no improvisar luego.<\/p>\n\n\n\n<h2 class=\"wp-block-heading\">La log\u00edstica detr\u00e1s de un viaje tan largo<\/h2>\n\n\n\n<p>Que el Nimitz sea nuclear no significa que el d\u00eda a d\u00eda sea \u201cgratis\u201d en suministros. Sus reactores le dan energ\u00eda para navegar durante largos periodos, pero el ala a\u00e9rea necesita combustible y a bordo se consumen repuestos y comida cada d\u00eda. Piensa en un instituto entero funcionando dentro de un barco, pero a cientos de kil\u00f3metros de la costa.<\/p>\n\n\n\n<div class=\"gb-element-a7dc0df9\">\n<div><div class=\"gb-looper-bc167090\">\n<div class=\"gb-loop-item gb-loop-item-513cab52 post-3028 post type-post status-publish format-standard has-post-thumbnail hentry category-dispositivos resize-featured-image\">\n<h4 class=\"gb-text gb-text-f77499d7\">Lea tambi\u00e9n: <a href=\"https:\/\/okdiario.com\/techy\/la-ue-confirma-el-cambio-de-norma-adios-para-siempre-a-los-cargadores-de-los-portatiles-a-partir-de-este-mes-sera-obligatorio-el-cable-usb-c\/3028\/\">La UE confirma el cambio de norma: adi\u00f3s para siempre a los cargadores de los port\u00e1tiles, a partir de \u00e9ste mes ser\u00e1 obligatorio el cable USB-C<\/a><\/h4>\n<\/div>\n<\/div><\/div>\n<\/div>\n\n\n\n<p>Ah\u00ed entra el Military Sealift Command, que opera buques de apoyo para reabastecer a la flota en el mar. La propia U.S. Navy explica que sus petroleros permiten transferir combustible a barcos y tambi\u00e9n combustible de aviaci\u00f3n para portaaviones. Es una maniobra de precisi\u00f3n, con dos buques navegando en paralelo mientras pasan mangueras y carga.<\/p>\n\n\n\n<h2 class=\"wp-block-heading\">Qu\u00e9 implica retirar un portaaviones nuclear<\/h2>\n\n\n\n<p>El viaje hacia Norfolk abre la puerta al siguiente cap\u00edtulo, la retirada. Desactivar un portaaviones nuclear no es aparcarlo, implica retirar el combustible nuclear y desmontar sistemas y electr\u00f3nica, un trabajo que por lo general se alarga durante a\u00f1os. Por eso, este traslado se interpreta como el inicio de una transici\u00f3n m\u00e1s que como un final instant\u00e1neo.<\/p>\n\n\n\n<p>Esa transici\u00f3n ya aparece en documentos oficiales del Pent\u00e1gono, con anuncios de contrato sobre planificaci\u00f3n y mejoras de instalaciones para la \u201cretirada de combustible e inactivaci\u00f3n\u201d de portaaviones de la clase Nimitz. Es el tipo de letra peque\u00f1a que anticipa lo que vendr\u00e1 cuando se apaguen los focos del puente de mando, como se ve en este anuncio de <a href=\"https:\/\/www.defense.gov\/News\/Contracts\/Contract\/Article\/4013440\/\" target=\"_blank\" rel=\"noopener\">contratos<\/a> del Departamento de Defensa.<\/p>\n\n\n\n<p>El comunicado oficial se ha publicado en la <a href=\"https:\/\/www.navy.mil\/Press-Office\/News-Stories\/display-news\/Article\/4440992\/us-4th-fleet-announces-southern-seas-2026-deployment\/\" target=\"_blank\" rel=\"noopener\"><em>U.S. Navy<\/em><\/a>.<\/p>\n","protected":false},"excerpt":{"rendered":"<p>El portaaviones nuclear USS Nimitz, el m\u00e1s veterano en servicio activo de la Marina de Estados Unidos, ha salido de &#8230; <\/p>\n<p class=\"read-more-container\"><a title=\"Estados Unidos despliega un portaaviones de propulsi\u00f3n nuclear de 97.000 toneladas que se dirige a Sudam\u00e9rica\" class=\"read-more button\" href=\"https:\/\/okdiario.com\/techy\/estados-unidos-despliega-un-portaaviones-de-propulsion-nuclear-de-97-000-toneladas-que-se-dirige-a-sudamerica\/3083\/#more-3083\" aria-label=\"Leer m\u00e1s sobre Estados Unidos despliega un portaaviones de propulsi\u00f3n nuclear de 97.000 toneladas que se dirige a Sudam\u00e9rica\">Read more<\/a><\/p>\n","protected":false},"author":3,"featured_media":3084,"comment_status":"open","ping_status":"","sticky":false,"template":"","format":"standard","meta":{"footnotes":""},"categories":[19],"tags":[],"class_list":["post-3083","post","type-post","status-publish","format-standard","has-post-thumbnail","hentry","category-militar","resize-featured-image"],"_links":{"self":[{"href":"https:\/\/okdiario.com\/techy\/wp-json\/wp\/v2\/posts\/3083","targetHints":{"allow":["GET"]}}],"collection":[{"href":"https:\/\/okdiario.com\/techy\/wp-json\/wp\/v2\/posts"}],"about":[{"href":"https:\/\/okdiario.com\/techy\/wp-json\/wp\/v2\/types\/post"}],"author":[{"embeddable":true,"href":"https:\/\/okdiario.com\/techy\/wp-json\/wp\/v2\/users\/3"}],"replies":[{"embeddable":true,"href":"https:\/\/okdiario.com\/techy\/wp-json\/wp\/v2\/comments?post=3083"}],"version-history":[{"count":1,"href":"https:\/\/okdiario.com\/techy\/wp-json\/wp\/v2\/posts\/3083\/revisions"}],"predecessor-version":[{"id":3085,"href":"https:\/\/okdiario.com\/techy\/wp-json\/wp\/v2\/posts\/3083\/revisions\/3085"}],"wp:featuredmedia":[{"embeddable":true,"href":"https:\/\/okdiario.com\/techy\/wp-json\/wp\/v2\/media\/3084"}],"wp:attachment":[{"href":"https:\/\/okdiario.com\/techy\/wp-json\/wp\/v2\/media?parent=3083"}],"wp:term":[{"taxonomy":"category","embeddable":true,"href":"https:\/\/okdiario.com\/techy\/wp-json\/wp\/v2\/categories?post=3083"},{"taxonomy":"post_tag","embeddable":true,"href":"https:\/\/okdiario.com\/techy\/wp-json\/wp\/v2\/tags?post=3083"}],"curies":[{"name":"wp","href":"https:\/\/api.w.org\/{rel}","templated":true}]}}