{"id":3067,"date":"2026-04-17T08:01:00","date_gmt":"2026-04-17T06:01:00","guid":{"rendered":"https:\/\/techy44.okdiario.com\/?p=3067"},"modified":"2026-04-15T13:48:44","modified_gmt":"2026-04-15T11:48:44","slug":"giro-inaudito-en-espana-la-armada-va-a-construir-un-portaaviones-inspirado-en-el-charles-de-gaulle-con-capacidad-para-30-aviones","status":"publish","type":"post","link":"https:\/\/okdiario.com\/techy\/giro-inaudito-en-espana-la-armada-va-a-construir-un-portaaviones-inspirado-en-el-charles-de-gaulle-con-capacidad-para-30-aviones\/3067\/","title":{"rendered":"Giro inaudito en Espa\u00f1a: la Armada va a construir un portaaviones inspirado en el Charles De Gaulle con capacidad para 30 aviones"},"content":{"rendered":"\n<p>Espa\u00f1a podr\u00eda dar un salto importante en aviaci\u00f3n embarcada. La <a href=\"https:\/\/armada.defensa.gob.es\/\" target=\"_blank\" rel=\"noopener\">Armada<\/a> ha encargado a <a href=\"https:\/\/www.navantia.es\/es\/quienes-somos\/navantia-en-breve\/\" target=\"_blank\" rel=\"noopener\">Navantia<\/a> un estudio de viabilidad para un portaviones convencional, inspirado en el franc\u00e9s Charles de Gaulle y con capacidad para operar \u00abentre 20 y 30\u00bb aviones de combate de \u00faltima generaci\u00f3n, seg\u00fan inform\u00f3 la agencia EFE.<\/p>\n\n\n\n<p>La clave est\u00e1 en el matiz de \u00abestudio\u00bb. No hay un buque aprobado ni un dise\u00f1o cerrado, al menos p\u00fablicamente, pero la idea ya se est\u00e1 midiendo sobre planos, costes y necesidades reales. \u00bfHasta d\u00f3nde puede llegar esa <a href=\"https:\/\/okdiario.com\/techy\/alianza-historica-espana-e-italia-construyen-un-buque-de-guerra-que-cambia-la-defensa-naval-mundial\/2893\/\">modernizaci\u00f3n<\/a> si Espa\u00f1a quiere sostener misiones largas con un grupo naval completo alrededor?<\/p>\n\n\n\n<h2 class=\"wp-block-heading\">Un encargo a Navantia<\/h2>\n\n\n\n<p>Un estudio de viabilidad es, en la pr\u00e1ctica, una prueba de realidad. Sirve para poner n\u00fameros sobre la mesa y responder a preguntas b\u00e1sicas, como cu\u00e1nto podr\u00eda medir el buque, cu\u00e1nta gente har\u00eda falta para operarlo y qu\u00e9 infraestructura necesitar\u00eda para mantenerse en marcha durante a\u00f1os.<\/p>\n\n\n\n<div class=\"gb-element-a00da4e5\">\n<div><div class=\"gb-looper-46613eed\">\n<div class=\"gb-loop-item gb-loop-item-a8390598 post-3031 post type-post status-publish format-standard has-post-thumbnail hentry category-juegos resize-featured-image\">\n<h4 class=\"gb-text gb-text-24a51617\">Lea tambi\u00e9n: <a href=\"https:\/\/okdiario.com\/techy\/nueva-filtracion-sobre-la-ps6-se-descubre-lo-que-sony-no-quiere-que-sepan-sus-competidores-y-en-xbox-ya-estan-temblando\/3031\/\">Nueva filtraci\u00f3n sobre la PS6: se descubre lo que Sony no quiere que sepan sus competidores y en Xbox ya est\u00e1n temblando<\/a><\/h4>\n<\/div>\n<\/div><\/div>\n<\/div>\n\n\n\n<p>Tambi\u00e9n obliga a elegir prioridades. Un portaviones no es solo una cubierta donde aterrizan aviones, es un sistema entero que incluye mantenimiento, mando, defensa propia y log\u00edstica para que todo funcione sin parar.<\/p>\n\n\n\n<p>Y, sobre todo, marca l\u00edmites. A veces el resultado no es un \u00abs\u00ed\u00bb rotundo, sino un \u00abs\u00ed, pero\u00bb que depende de presupuesto, calendario y de si el pa\u00eds est\u00e1 dispuesto a sostenerlo durante d\u00e9cadas.<\/p>\n\n\n\n<h2 class=\"wp-block-heading\">Un \u00abaeropuerto\u00bb en el mar<\/h2>\n\n\n\n<p>Cuando se habla de <a href=\"https:\/\/dle.rae.es\/portaaviones\" target=\"_blank\" rel=\"noopener\">portaviones<\/a> convencional, la imagen m\u00e1s \u00fatil es sencilla. Es como un aeropuerto flotante en el que los aviones despegan rodando por la pista, no solo con despegue vertical o muy corto.<\/p>\n\n\n\n<p>Eso cambia muchas cosas. Para operar con seguridad, por lo general hacen falta sistemas que ayuden al despegue y al aterrizaje, adem\u00e1s de una cubierta amplia y un ritmo de trabajo muy coordinado para mover aeronaves, combustible y equipos sin errores.<\/p>\n\n\n\n<div class=\"gb-element-9da0f484\">\n<div><div class=\"gb-looper-8537775f\">\n<div class=\"gb-loop-item gb-loop-item-18018d2b post-3024 post type-post status-publish format-standard has-post-thumbnail hentry category-informatica resize-featured-image\">\n<h4 class=\"gb-text gb-text-79f7b407\">Lea tambi\u00e9n: <a href=\"https:\/\/okdiario.com\/techy\/en-1994-un-programador-creo-una-interfaz-temporal-para-windows-pero-han-pasado-mas-de-30-anos-y-fue-tan-brillante-que-la-seguimos-usando\/3024\/\">En 1994 un programador cre\u00f3 una interfaz \u00abtemporal\u00bb para Windows pero han pasado m\u00e1s de 30 a\u00f1os y fue tan brillante que la seguimos usando<\/a><\/h4>\n<\/div>\n<\/div><\/div>\n<\/div>\n\n\n\n<p>En la pr\u00e1ctica, significa m\u00e1s opciones a futuro. Pero tambi\u00e9n m\u00e1s exigencia, porque el margen de fallo en cubierta es m\u00ednimo y el mar no espera a que todo salga perfecto.<\/p>\n\n\n\n<h2 class=\"wp-block-heading\">M\u00e1s all\u00e1 del Juan Carlos I<\/h2>\n\n\n\n<p>Hoy, el gran referente de la flota es el buque anfibio portaeronaves Juan Carlos I (L 61). Seg\u00fan la ficha oficial de la Armada, mide 231 metros de eslora y desplaza 26.000 toneladas, con un dise\u00f1o pensado para operar como plataforma multiprop\u00f3sito.<\/p>\n\n\n\n<p>Ese tipo de buque es muy flexible. Puede mover tropas, embarcaciones y helic\u00f3pteros, y en momentos concretos actuar como base a\u00e9rea limitada, algo \u00fatil en misiones muy distintas, desde despliegues a ayuda humanitaria.<\/p>\n\n\n\n<div class=\"gb-element-1733e94c\">\n<div><div class=\"gb-looper-fa17495c\">\n<div class=\"gb-loop-item gb-loop-item-8b00196d post-3017 post type-post status-publish format-standard has-post-thumbnail hentry category-actualidad resize-featured-image\">\n<h4 class=\"gb-text gb-text-5160ec41\">Lea tambi\u00e9n: <a href=\"https:\/\/okdiario.com\/techy\/hace-17-anos-se-mudo-de-casa-y-lo-que-acaba-de-encontrar-confirma-que-el-antiguo-dueno-vivia-en-el-futuro-no-teniamos-ni-idea-de-que-existiera\/3017\/\">Hace 17 a\u00f1os se mud\u00f3 de casa y lo que acaba de encontrar confirma que el antiguo due\u00f1o viv\u00eda en el futuro: \u00abNo ten\u00edamos ni idea de que existiera\u00bb<\/a><\/h4>\n<\/div>\n<\/div><\/div>\n<\/div>\n\n\n\n<p>El debate ahora apunta a una flota m\u00e1s escalonada. Por un lado, un nuevo buque anfibio similar al Juan Carlos I y, por otro, un portaviones convencional dedicado, si el estudio concluye que encaja en la Espa\u00f1a de la d\u00e9cada de 2030.<\/p>\n\n\n\n<h2 class=\"wp-block-heading\">El espejo franc\u00e9s<\/h2>\n\n\n\n<p>La referencia m\u00e1s repetida es el Charles de Gaulle, el gran portaviones franc\u00e9s. Mide unos 261 metros y ronda las 42.500 toneladas, y su ala a\u00e9rea suele moverse \u00abentre 20 y 30\u00bb aeronaves seg\u00fan la misi\u00f3n, de acuerdo con informaci\u00f3n divulgada en <a href=\"https:\/\/okdiario.com\/techy\/europa-desafia-a-eeuu-construyendo-el-portaaviones-mas-grande-del-continente-80-000-toneladas-y-310-metros-de-tecnologia-y-capacidad-aerea\/2836\/\">Europa<\/a> y en publicaciones francesas.<\/p>\n\n\n\n<p>La diferencia m\u00e1s clara es la propulsi\u00f3n. El Charles de Gaulle es nuclear, lo que le da una gran autonom\u00eda operativa, pero tambi\u00e9n implica una complejidad enorme en mantenimiento, personal especializado y cadena de apoyo.<\/p>\n\n\n\n<div class=\"gb-element-dbd51cf1\">\n<div><div class=\"gb-looper-09c2f618\">\n<div class=\"gb-loop-item gb-loop-item-0e2f067e post-3014 post type-post status-publish format-standard has-post-thumbnail hentry category-ciberseguridad resize-featured-image\">\n<h4 class=\"gb-text gb-text-c8f77fe7\">Lea tambi\u00e9n: <a href=\"https:\/\/okdiario.com\/techy\/alerta-de-ciberseguridad-en-los-moviles-android-un-virus-ha-infectado-23-millones-de-moviles-y-esta-robando-datos-de-whatsapp\/3014\/\">Alerta de ciberseguridad en los m\u00f3viles Android: un virus ha infectado 2,3 millones de m\u00f3viles y est\u00e1 robando datos de WhatsApp<\/a><\/h4>\n<\/div>\n<\/div><\/div>\n<\/div>\n\n\n\n<p>En el caso espa\u00f1ol, la propuesta que se est\u00e1 estudiando parte de una propulsi\u00f3n convencional. Eso suele simplificar la construcci\u00f3n y la operaci\u00f3n, pero obliga a planificar repostajes, buques de apoyo y escalas con m\u00e1s frecuencia.<\/p>\n\n\n\n<h2 class=\"wp-block-heading\">La vida en cubierta<\/h2>\n\n\n\n<p>Decir \u00ab20 o 30 <a href=\"https:\/\/okdiario.com\/techy\/para-2040-espana-va-a-retirar-todos-sus-caza-f-18-y-tiene-un-plan-para-sustituirlos-nuevos-cazas-con-misiles-y-radar-de-barrido-electronico\/2842\/\">cazas<\/a>\u00bb suena a cifra redonda, pero detr\u00e1s hay vida real. Significa tener una mini base a\u00e9rea que se mueve, con aviones que necesitan revisiones constantes, repuestos, combustible, armamento y personal que lo coordine todo a toda hora.<\/p>\n\n\n\n<p>Adem\u00e1s, un portaviones casi nunca va solo. Normalmente se integra en un grupo de escolta con fragatas, <a href=\"https:\/\/okdiario.com\/techy\/zarpa-el-s-81-isaac-peral-asi-es-el-submarino-mas-moderno-de-la-armada-y-su-primer-despliegue-en-una-mision-otan-en-2026\/2324\/\">submarinos<\/a> y un buque log\u00edstico que alimente al conjunto, porque un despliegue largo se gana tanto con la cubierta de vuelo como con la cadena de suministros.<\/p>\n\n\n\n<div class=\"gb-element-f2305bc5\">\n<div><div class=\"gb-looper-1e93de31\">\n<div class=\"gb-loop-item gb-loop-item-b83c0282 post-2950 post type-post status-publish format-standard has-post-thumbnail hentry category-ciberseguridad resize-featured-image\">\n<h4 class=\"gb-text gb-text-fb67a005\">Lea tambi\u00e9n: <a href=\"https:\/\/okdiario.com\/techy\/alerta-critica-de-seguridad-en-iphone-apple-confirma-los-ataques-a-estas-versiones-de-ios-y-la-solucion-es-mas-sencilla-de-lo-que-parece\/2950\/\">Alerta cr\u00edtica de seguridad en iPhone: Apple confirma los ataques a estas versiones de iOS y la soluci\u00f3n es m\u00e1s sencilla de lo que parece<\/a><\/h4>\n<\/div>\n<\/div><\/div>\n<\/div>\n\n\n\n<p>Aqu\u00ed aparece un factor menos vistoso, pero decisivo, el personal. En un an\u00e1lisis oficial sobre la visi\u00f3n estrat\u00e9gica \u00abArmada 2050\u00bb, el autor Augusto Conte de los R\u00edos subraya que el plan pone el foco en capacidades, tecnolog\u00eda, recursos y, sobre todo, en cuidar y dimensionar a la plantilla para sostener el modelo en el tiempo.<\/p>\n\n\n\n<h2 class=\"wp-block-heading\">Lo que falta por decidir<\/h2>\n\n\n\n<p>El gran freno no suele ser el dibujo del barco, sino el conjunto de decisiones que vienen despu\u00e9s. Un portaviones implica elegir qu\u00e9 tipo de aviaci\u00f3n embarcada se quiere, evitar dependencias excesivas de un \u00fanico modelo y asegurar financiaci\u00f3n estable durante muchos a\u00f1os, algo que diversas <a href=\"https:\/\/elpais.com\/espana\/2025-06-25\/la-armada-encarga-un-estudio-para-construir-el-primer-portaviones-convencional-espanol.html\" target=\"_blank\" rel=\"noopener\">fuentes<\/a> han descrito como un proyecto \u00abembrionario\u00bb y de recorrido largo.<\/p>\n\n\n\n<p>Tambi\u00e9n est\u00e1 la parte industrial. Navantia tendr\u00eda un papel central en cualquier escenario, pero el salto de un estudio a una construcci\u00f3n real exige contratos, prioridades claras y una planificaci\u00f3n compatible con otros programas navales que ya compiten por recursos.<\/p>\n\n\n\n<p>De momento, lo m\u00e1s honesto es mirarlo como lo que es. Un intento de responder a una pregunta muy concreta, si Espa\u00f1a quiere proyectar poder a\u00e9reo desde el mar durante d\u00e9cadas, qu\u00e9 barco necesita y qu\u00e9 precio est\u00e1 dispuesta a pagar.<\/p>\n\n\n\n<p>La informaci\u00f3n principal se ha publicado en <a href=\"https:\/\/efe.com\/espana\/2025-06-25\/portaaviones-armada-espanola-ejercito\/\" target=\"_blank\" rel=\"noopener\"><em>EFE<\/em><\/a>.<\/p>\n","protected":false},"excerpt":{"rendered":"<p>Espa\u00f1a podr\u00eda dar un salto importante en aviaci\u00f3n embarcada. La Armada ha encargado a Navantia un estudio de viabilidad para &#8230; <\/p>\n<p class=\"read-more-container\"><a title=\"Giro inaudito en Espa\u00f1a: la Armada va a construir un portaaviones inspirado en el Charles De Gaulle con capacidad para 30 aviones\" class=\"read-more button\" href=\"https:\/\/okdiario.com\/techy\/giro-inaudito-en-espana-la-armada-va-a-construir-un-portaaviones-inspirado-en-el-charles-de-gaulle-con-capacidad-para-30-aviones\/3067\/#more-3067\" aria-label=\"Leer m\u00e1s sobre Giro inaudito en Espa\u00f1a: la Armada va a construir un portaaviones inspirado en el Charles De Gaulle con capacidad para 30 aviones\">Read more<\/a><\/p>\n","protected":false},"author":7,"featured_media":3068,"comment_status":"open","ping_status":"","sticky":false,"template":"","format":"standard","meta":{"footnotes":""},"categories":[19],"tags":[],"class_list":["post-3067","post","type-post","status-publish","format-standard","has-post-thumbnail","hentry","category-militar","resize-featured-image"],"_links":{"self":[{"href":"https:\/\/okdiario.com\/techy\/wp-json\/wp\/v2\/posts\/3067","targetHints":{"allow":["GET"]}}],"collection":[{"href":"https:\/\/okdiario.com\/techy\/wp-json\/wp\/v2\/posts"}],"about":[{"href":"https:\/\/okdiario.com\/techy\/wp-json\/wp\/v2\/types\/post"}],"author":[{"embeddable":true,"href":"https:\/\/okdiario.com\/techy\/wp-json\/wp\/v2\/users\/7"}],"replies":[{"embeddable":true,"href":"https:\/\/okdiario.com\/techy\/wp-json\/wp\/v2\/comments?post=3067"}],"version-history":[{"count":1,"href":"https:\/\/okdiario.com\/techy\/wp-json\/wp\/v2\/posts\/3067\/revisions"}],"predecessor-version":[{"id":3069,"href":"https:\/\/okdiario.com\/techy\/wp-json\/wp\/v2\/posts\/3067\/revisions\/3069"}],"wp:featuredmedia":[{"embeddable":true,"href":"https:\/\/okdiario.com\/techy\/wp-json\/wp\/v2\/media\/3068"}],"wp:attachment":[{"href":"https:\/\/okdiario.com\/techy\/wp-json\/wp\/v2\/media?parent=3067"}],"wp:term":[{"taxonomy":"category","embeddable":true,"href":"https:\/\/okdiario.com\/techy\/wp-json\/wp\/v2\/categories?post=3067"},{"taxonomy":"post_tag","embeddable":true,"href":"https:\/\/okdiario.com\/techy\/wp-json\/wp\/v2\/tags?post=3067"}],"curies":[{"name":"wp","href":"https:\/\/api.w.org\/{rel}","templated":true}]}}