{"id":3060,"date":"2026-04-16T18:44:00","date_gmt":"2026-04-16T16:44:00","guid":{"rendered":"https:\/\/techy44.okdiario.com\/?p=3060"},"modified":"2026-04-15T13:36:59","modified_gmt":"2026-04-15T11:36:59","slug":"los-nacidos-entre-1981-y-2009-tendran-que-pedir-permiso-al-ejercito-para-salir-del-pais-el-gobierno-de-alemania-lo-hace-oficial","status":"publish","type":"post","link":"https:\/\/okdiario.com\/techy\/los-nacidos-entre-1981-y-2009-tendran-que-pedir-permiso-al-ejercito-para-salir-del-pais-el-gobierno-de-alemania-lo-hace-oficial\/3060\/","title":{"rendered":"Los nacidos entre 1981 y 2009 tendr\u00e1n que pedir permiso al Ej\u00e9rcito para salir del pa\u00eds: el Gobierno de Alemania lo hace oficial"},"content":{"rendered":"\n<p>Desde el 1 de enero de 2026, una <a href=\"https:\/\/www.bundesregierung.de\/breg-de\/aktuelles\/neuer-wehrdienst-gesetzentwurf-2381580\" target=\"_blank\" rel=\"noopener\">reforma<\/a> del servicio militar en Alemania ha reactivado una obligaci\u00f3n poco conocida. Los hombres alemanes de 17 a 45 a\u00f1os deben obtener autorizaci\u00f3n de la Bundeswehr si quieren salir de Alemania durante m\u00e1s de tres meses.<\/p>\n\n\n\n<p>\u00bfQu\u00e9 pasa si te vas un semestre a estudiar fuera o aceptas un trabajo temporal en otro pa\u00eds? El Ministerio de Defensa dice que quiere simplificar el tr\u00e1mite y prepara una instrucci\u00f3n interna para que el permiso \u201cse considere concedido\u201d mientras el servicio sea voluntario. Hasta que esa aclaraci\u00f3n llegue por escrito, la regla sigue en el centro de la <a href=\"https:\/\/www.zdfheute.de\/politik\/deutschland\/pistorius-wehrpflicht-ausreise-gesetz-100.html\" target=\"_blank\" rel=\"noopener\">discusi\u00f3n<\/a>.<\/p>\n\n\n\n<h2 class=\"wp-block-heading\">La regla clave<\/h2>\n\n\n\n<p>La misma ley que impone la autorizaci\u00f3n tambi\u00e9n marca un l\u00edmite a c\u00f3mo deber\u00eda aplicarse. Indica que el permiso debe concederse para el periodo en el que esa persona no sea susceptible de ser llamada a filas.<\/p>\n\n\n\n<div class=\"gb-element-a00da4e5\">\n<div><div class=\"gb-looper-46613eed\">\n<div class=\"gb-loop-item gb-loop-item-a8390598 post-3031 post type-post status-publish format-standard has-post-thumbnail hentry category-juegos resize-featured-image\">\n<h4 class=\"gb-text gb-text-24a51617\">Lea tambi\u00e9n: <a href=\"https:\/\/okdiario.com\/techy\/nueva-filtracion-sobre-la-ps6-se-descubre-lo-que-sony-no-quiere-que-sepan-sus-competidores-y-en-xbox-ya-estan-temblando\/3031\/\">Nueva filtraci\u00f3n sobre la PS6: se descubre lo que Sony no quiere que sepan sus competidores y en Xbox ya est\u00e1n temblando<\/a><\/h4>\n<\/div>\n<\/div><\/div>\n<\/div>\n\n\n\n<p>Dicho de otro modo, el texto sugiere que el tr\u00e1mite no est\u00e1 pensado para bloquear vidas en el extranjero por defecto. Est\u00e1 pensado para que el Ej\u00e9rcito sepa d\u00f3nde est\u00e1s y pueda contactar contigo si cambia el contexto.<\/p>\n\n\n\n<h2 class=\"wp-block-heading\">Por qu\u00e9 ha saltado ahora<\/h2>\n\n\n\n<p>El <a href=\"https:\/\/www.bundestag.de\/dokumente\/textarchiv\/2025\/kw49-de-wehrdienst-1128220\" target=\"_blank\" rel=\"noopener\">Bundestag<\/a>, el parlamento alem\u00e1n, aprob\u00f3 la reforma en diciembre de 2025 tras un debate pol\u00edtico muy ajustado. El paquete legal se present\u00f3 como un \u201cnuevo servicio\u201d para ganar voluntarios y para reconstruir una reserva m\u00e1s grande.<\/p>\n\n\n\n<div class=\"gb-element-aab55907\">\n<div><div class=\"gb-looper-99e78a2c\">\n<div class=\"gb-loop-item gb-loop-item-7376edf8 post-3028 post type-post status-publish format-standard has-post-thumbnail hentry category-dispositivos resize-featured-image\">\n<h4 class=\"gb-text gb-text-78badef1\">Lea tambi\u00e9n: <a href=\"https:\/\/okdiario.com\/techy\/la-ue-confirma-el-cambio-de-norma-adios-para-siempre-a-los-cargadores-de-los-portatiles-a-partir-de-este-mes-sera-obligatorio-el-cable-usb-c\/3028\/\">La UE confirma el cambio de norma: adi\u00f3s para siempre a los cargadores de los port\u00e1tiles, a partir de \u00e9ste mes ser\u00e1 obligatorio el cable USB-C<\/a><\/h4>\n<\/div>\n<\/div><\/div>\n<\/div>\n\n\n\n<p>La pol\u00e9mica se dispar\u00f3 a principios de abril de 2026, cuando la obligaci\u00f3n de pedir permiso para estancias largas se difundi\u00f3 en redes y empez\u00f3 a llegar a consultas de ciudadanos. En ese momento tom\u00f3 fuerza la duda m\u00e1s repetida, por qu\u00e9 pedir un permiso formal para algo que, en teor\u00eda, se va a conceder casi siempre.<\/p>\n\n\n\n<h2 class=\"wp-block-heading\">Qu\u00e9 pretende Defensa<\/h2>\n\n\n\n<p>El Ministerio de Defensa explica que su prioridad es mejorar la capacidad de crecer si hay una crisis, incluso sin esperar a una declaraci\u00f3n formal de emergencia. Para lograrlo, necesita saber a qui\u00e9n podr\u00eda recurrir y qu\u00e9 preparaci\u00f3n tiene cada joven, algo que depende de registros y de evaluaciones.<\/p>\n\n\n\n<div class=\"gb-element-7a4f78f8\">\n<div><div class=\"gb-looper-6d3c288c\">\n<div class=\"gb-loop-item gb-loop-item-1a4b0331 post-3024 post type-post status-publish format-standard has-post-thumbnail hentry category-informatica resize-featured-image\">\n<h4 class=\"gb-text gb-text-f17dbeb9\">Lea tambi\u00e9n: <a href=\"https:\/\/okdiario.com\/techy\/en-1994-un-programador-creo-una-interfaz-temporal-para-windows-pero-han-pasado-mas-de-30-anos-y-fue-tan-brillante-que-la-seguimos-usando\/3024\/\">En 1994 un programador cre\u00f3 una interfaz \u00abtemporal\u00bb para Windows pero han pasado m\u00e1s de 30 a\u00f1os y fue tan brillante que la seguimos usando<\/a><\/h4>\n<\/div>\n<\/div><\/div>\n<\/div>\n\n\n\n<p>Boris Pistorius, ministro de Defensa, ha defendido este modelo como un paso previo para que el sistema no improvise cuando ya sea tarde. En la pr\u00e1ctica, el objetivo es preparar la estructura administrativa ahora, aunque el servicio siga siendo voluntario.<\/p>\n\n\n\n<h2 class=\"wp-block-heading\">Registro y revisi\u00f3n m\u00e9dica<\/h2>\n\n\n\n<p>La Bundeswehr detalla que el plan arranca con <a href=\"https:\/\/www.bundeswehr.de\/de\/menschen-karrieren\/neuer-wehrdienst\/fragebogen\" target=\"_blank\" rel=\"noopener\">cuestionarios<\/a> para quienes cumplen 18 a\u00f1os. La respuesta ser\u00e1 obligatoria para los hombres y voluntaria para las mujeres, y despu\u00e9s se abrir\u00e1 la puerta al servicio para quien quiera presentarse.<\/p>\n\n\n\n<div class=\"gb-element-99bbde68\">\n<div><div class=\"gb-looper-bc4aea3c\">\n<div class=\"gb-loop-item gb-loop-item-0ae09312 post-3017 post type-post status-publish format-standard has-post-thumbnail hentry category-actualidad resize-featured-image\">\n<h4 class=\"gb-text gb-text-3aeb2187\">Lea tambi\u00e9n: <a href=\"https:\/\/okdiario.com\/techy\/hace-17-anos-se-mudo-de-casa-y-lo-que-acaba-de-encontrar-confirma-que-el-antiguo-dueno-vivia-en-el-futuro-no-teniamos-ni-idea-de-que-existiera\/3017\/\">Hace 17 a\u00f1os se mud\u00f3 de casa y lo que acaba de encontrar confirma que el antiguo due\u00f1o viv\u00eda en el futuro: \u00abNo ten\u00edamos ni idea de que existiera\u00bb<\/a><\/h4>\n<\/div>\n<\/div><\/div>\n<\/div>\n\n\n\n<p>La misma hoja de ruta incluye una revisi\u00f3n m\u00e9dica obligatoria para los hombres nacidos desde 2008, con despliegue gradual. En lenguaje llano, es una evaluaci\u00f3n para saber si alguien est\u00e1 en condiciones de servir y en qu\u00e9 funciones encajar\u00eda mejor.<\/p>\n\n\n\n<h2 class=\"wp-block-heading\">Voluntario hoy, obligatorio ma\u00f1ana<\/h2>\n\n\n\n<p>El Gobierno federal insiste en que, por ahora, esto no es una vuelta autom\u00e1tica a la mili. La idea es sumar personal con voluntarios y con incentivos, y usar la informaci\u00f3n recopilada para planificar mejor la reserva.<\/p>\n\n\n\n<div class=\"gb-element-929aa396\">\n<div><div class=\"gb-looper-17f77295\">\n<div class=\"gb-loop-item gb-loop-item-2224b2c6 post-3003 post type-post status-publish format-standard has-post-thumbnail hentry category-juegos resize-featured-image\">\n<h4 class=\"gb-text gb-text-5f138ddd\">Lea tambi\u00e9n: <a href=\"https:\/\/okdiario.com\/techy\/hace-anos-fue-el-rumor-mas-grande-de-la-historia-de-pokemon-pero-hoy-se-confirma-que-es-100-real-el-truco-de-mew-y-el-camion-funciona\/3003\/\">Hace a\u00f1os fue el rumor m\u00e1s grande de la historia de Pok\u00e9mon, pero hoy se confirma que es 100% real: el truco de Mew y el cami\u00f3n funciona<\/a><\/h4>\n<\/div>\n<\/div><\/div>\n<\/div>\n\n\n\n<p>Pero la reforma deja una salida de emergencia. El dise\u00f1o incluye la posibilidad de activar una obligaci\u00f3n por necesidad si la situaci\u00f3n de <a href=\"https:\/\/okdiario.com\/techy\/adios-a-moviles-militares-y-hola-a-apple-en-salas-sensibles-iphone-y-ipad-con-ios-26-ya-pueden-manejar-informacion-nato-restricted-y-es-un-bombazo-alemania-evaluo-la-seguridad-y-ah\/2109\/\">seguridad<\/a> o la falta de personal lo exige, siempre a trav\u00e9s de una nueva ley aprobada por el Bundestag.<\/p>\n\n\n\n<h2 class=\"wp-block-heading\">El objetivo de fondo<\/h2>\n\n\n\n<p>Detr\u00e1s de esta discusi\u00f3n hay n\u00fameros muy concretos y presi\u00f3n por cumplir metas de defensa. El Ejecutivo alem\u00e1n apunta a llegar a 260.000 militares activos y 200.000 reservistas hacia 2035, con la <a href=\"https:\/\/okdiario.com\/techy\/zarpa-el-s-81-isaac-peral-asi-es-el-submarino-mas-moderno-de-la-armada-y-su-primer-despliegue-en-una-mision-otan-en-2026\/2324\/\">OTAN<\/a> como referencia de capacidades.<\/p>\n\n\n\n<p>En este contexto, Friedrich Merz ha defendido en el Bundestag que Alemania necesita una Bundeswehr \u201cconvencionalmente\u201d m\u00e1s fuerte. En una comparecencia del Gobierno, tambi\u00e9n ha descrito a Rusia como una amenaza duradera para la seguridad europea.<\/p>\n\n\n\n<p>El texto oficial se ha publicado en el <a href=\"https:\/\/www.recht.bund.de\/bgbl\/1\/2025\/370\/regelungstext.pdf?__blob=publicationFile&amp;v=3\" target=\"_blank\" rel=\"noopener\"><em>Bundesgesetzblatt<\/em><\/a>,<\/p>\n","protected":false},"excerpt":{"rendered":"<p>Desde el 1 de enero de 2026, una reforma del servicio militar en Alemania ha reactivado una obligaci\u00f3n poco conocida. &#8230; <\/p>\n<p class=\"read-more-container\"><a title=\"Los nacidos entre 1981 y 2009 tendr\u00e1n que pedir permiso al Ej\u00e9rcito para salir del pa\u00eds: el Gobierno de Alemania lo hace oficial\" class=\"read-more button\" href=\"https:\/\/okdiario.com\/techy\/los-nacidos-entre-1981-y-2009-tendran-que-pedir-permiso-al-ejercito-para-salir-del-pais-el-gobierno-de-alemania-lo-hace-oficial\/3060\/#more-3060\" aria-label=\"Leer m\u00e1s sobre Los nacidos entre 1981 y 2009 tendr\u00e1n que pedir permiso al Ej\u00e9rcito para salir del pa\u00eds: el Gobierno de Alemania lo hace oficial\">Read more<\/a><\/p>\n","protected":false},"author":3,"featured_media":3061,"comment_status":"open","ping_status":"","sticky":false,"template":"","format":"standard","meta":{"footnotes":""},"categories":[19],"tags":[],"class_list":["post-3060","post","type-post","status-publish","format-standard","has-post-thumbnail","hentry","category-militar","resize-featured-image"],"_links":{"self":[{"href":"https:\/\/okdiario.com\/techy\/wp-json\/wp\/v2\/posts\/3060","targetHints":{"allow":["GET"]}}],"collection":[{"href":"https:\/\/okdiario.com\/techy\/wp-json\/wp\/v2\/posts"}],"about":[{"href":"https:\/\/okdiario.com\/techy\/wp-json\/wp\/v2\/types\/post"}],"author":[{"embeddable":true,"href":"https:\/\/okdiario.com\/techy\/wp-json\/wp\/v2\/users\/3"}],"replies":[{"embeddable":true,"href":"https:\/\/okdiario.com\/techy\/wp-json\/wp\/v2\/comments?post=3060"}],"version-history":[{"count":1,"href":"https:\/\/okdiario.com\/techy\/wp-json\/wp\/v2\/posts\/3060\/revisions"}],"predecessor-version":[{"id":3062,"href":"https:\/\/okdiario.com\/techy\/wp-json\/wp\/v2\/posts\/3060\/revisions\/3062"}],"wp:featuredmedia":[{"embeddable":true,"href":"https:\/\/okdiario.com\/techy\/wp-json\/wp\/v2\/media\/3061"}],"wp:attachment":[{"href":"https:\/\/okdiario.com\/techy\/wp-json\/wp\/v2\/media?parent=3060"}],"wp:term":[{"taxonomy":"category","embeddable":true,"href":"https:\/\/okdiario.com\/techy\/wp-json\/wp\/v2\/categories?post=3060"},{"taxonomy":"post_tag","embeddable":true,"href":"https:\/\/okdiario.com\/techy\/wp-json\/wp\/v2\/tags?post=3060"}],"curies":[{"name":"wp","href":"https:\/\/api.w.org\/{rel}","templated":true}]}}