{"id":3028,"date":"2026-04-15T09:47:00","date_gmt":"2026-04-15T07:47:00","guid":{"rendered":"https:\/\/techy44.okdiario.com\/?p=3028"},"modified":"2026-04-13T16:29:34","modified_gmt":"2026-04-13T14:29:34","slug":"la-ue-confirma-el-cambio-de-norma-adios-para-siempre-a-los-cargadores-de-los-portatiles-a-partir-de-este-mes-sera-obligatorio-el-cable-usb-c","status":"publish","type":"post","link":"https:\/\/okdiario.com\/techy\/la-ue-confirma-el-cambio-de-norma-adios-para-siempre-a-los-cargadores-de-los-portatiles-a-partir-de-este-mes-sera-obligatorio-el-cable-usb-c\/3028\/","title":{"rendered":"La UE confirma el cambio de norma: adi\u00f3s para siempre a los cargadores de los port\u00e1tiles, a partir de \u00e9ste mes ser\u00e1 obligatorio el cable USB-C"},"content":{"rendered":"\n<p>El 28 de abril de 2026 marca un antes y un despu\u00e9s para quien compre un ordenador port\u00e1til nuevo en la Uni\u00f3n Europea. Desde ese d\u00eda, los port\u00e1tiles vendidos en el mercado europeo deber\u00e1n poder cargarse por cable a trav\u00e9s de <a href=\"https:\/\/okdiario.com\/techy\/la-ue-lo-acaba-de-hacer-obligatorio-y-ya-esta-pensando-en-su-fin-el-usb-c-podria-tener-los-dias-contados-y-su-sustituto-es-mucho-mas-practico\/2646\/\">USB-C<\/a>.<\/p>\n\n\n\n<p>La consecuencia m\u00e1s visible puede estar en la caja. La norma no proh\u00edbe incluir el cargador, pero s\u00ed empuja a separar la venta del port\u00e1til y la del adaptador de corriente, algo que ya ha pasado en m\u00f3viles y que ahora se asoma a los ordenadores.<\/p>\n\n\n\n<h2 class=\"wp-block-heading\">Qu\u00e9 cambia el 28 de abril<\/h2>\n\n\n\n<p>La obligaci\u00f3n nace de la Directiva UE 2022\/2380, aprobada por el Parlamento Europeo y el <a href=\"https:\/\/www.consilium.europa.eu\/es\/press\/press-releases\/2022\/10\/24\/common-charger-eu-ministers-give-final-approval-to-one-size-fits-all-charging-port\/\" target=\"_blank\" rel=\"noopener\">Consejo<\/a>, que fija plazos distintos seg\u00fan el tipo de dispositivo. Desde el 28 de diciembre de 2024 ya afecta a m\u00f3viles y otros aparatos port\u00e1tiles, como tabletas, auriculares o c\u00e1maras, y el salto a los <a href=\"https:\/\/okdiario.com\/techy\/la-cuenta-atras-ha-comenzado-y-apple-lo-confirma-la-lista-de-los-iphone-ipad-y-portatiles-afectados\/2754\/\">port\u00e1tiles<\/a> llega el 28 de abril de 2026.<\/p>\n\n\n\n<div class=\"gb-element-a00da4e5\">\n<div><div class=\"gb-looper-46613eed\">\n<div class=\"gb-loop-item gb-loop-item-a8390598 post-2971 post type-post status-publish format-standard has-post-thumbnail hentry category-militar resize-featured-image\">\n<h4 class=\"gb-text gb-text-24a51617\">Lea tambi\u00e9n: <a href=\"https:\/\/okdiario.com\/techy\/japon-incorpora-el-submarino-silencioso-mas-avanzado-y-enciende-las-alarmas-en-el-resto-del-mundo-no-es-solo-para-defensa\/2971\/\">Jap\u00f3n incorpora el submarino silencioso m\u00e1s avanzado y enciende las alarmas en el resto del mundo: no es s\u00f3lo para defensa<\/a><\/h4>\n<\/div>\n<\/div><\/div>\n<\/div>\n\n\n\n<p>La regla es para productos nuevos puestos a la venta a partir de esas fechas, no para los que ya tienes en casa. Si tu port\u00e1til actual usa un conector propio, no pasa nada, no hay retirada ni obligaci\u00f3n de cambiarlo de golpe.<\/p>\n\n\n\n<h2 class=\"wp-block-heading\">Por qu\u00e9 la UE se meti\u00f3 en el enchufe<\/h2>\n\n\n\n<p>Durante a\u00f1os, el mercado fue una especie de jungla de conectores. Micro USB, Lightning, clavijas redondas de tama\u00f1os distintos y sistemas magn\u00e9ticos como MagSafe han convivido dejando el mismo resultado, un caj\u00f3n lleno de <a href=\"https:\/\/okdiario.com\/techy\/la-ue-lo-acaba-de-obligatorio-pero-el-usb-c-tiene-los-dias-contados-desde-que-probe-el-usb4-no-he-vuelto-a-usar-cables-baratos\/2810\/\">cables<\/a> que no siempre sirven.<\/p>\n\n\n\n<div class=\"gb-element-d0d5488e\">\n<div><div class=\"gb-looper-85caa36f\">\n<div class=\"gb-loop-item gb-loop-item-bb3a0523 post-2991 post type-post status-publish format-standard has-post-thumbnail hentry category-informatica resize-featured-image\">\n<h4 class=\"gb-text gb-text-ace08400\">Lea tambi\u00e9n: <a href=\"https:\/\/okdiario.com\/techy\/si-tu-movil-android-va-lento-solo-tienes-que-borrar-el-cache-y-asi-es-como-tienes-que-hacerlo\/2991\/\">Si tu m\u00f3vil Android va lento s\u00f3lo tienes que borrar el cach\u00e9 y as\u00ed es como tienes que hacerlo<\/a><\/h4>\n<\/div>\n<\/div><\/div>\n<\/div>\n\n\n\n<p>La Comisi\u00f3n Europea llevaba tiempo probando acuerdos voluntarios con la industria, pero en 2021 admiti\u00f3 que el enfoque no cerraba el problema del todo. En ese contexto, Margrethe Vestager resumi\u00f3 el enfado del usuario con \u00abEuropean consumers were frustrated long enough about incompatible chargers piling up in their drawers\u00bb. Thierry Breton lo remat\u00f3 con un \u00abWe are putting an end to that\u00bb, y la propia Comisi\u00f3n hablaba de unas 11.000 toneladas al a\u00f1o de cargadores que acaban como residuo.<\/p>\n\n\n\n<h2 class=\"wp-block-heading\">El cargador puede venir aparte<\/h2>\n\n\n\n<p>La idea clave se llama venta separada, que en la pr\u00e1ctica significa que puedes comprar un dispositivo sin cargador nuevo. La Comisi\u00f3n calcula que esta l\u00f3gica, si se generaliza, puede recortar casi mil toneladas de residuos electr\u00f3nicos al a\u00f1o y ahorrar al menos 250 millones de euros anuales en compras de cargadores que no har\u00edan falta.<\/p>\n\n\n\n<div class=\"gb-element-f42a0a9f\">\n<div><div class=\"gb-looper-dadbfd64\">\n<div class=\"gb-loop-item gb-loop-item-c4311d11 post-2977 post type-post status-publish format-standard has-post-thumbnail hentry category-informatica resize-featured-image\">\n<h4 class=\"gb-text gb-text-92d642b8\">Lea tambi\u00e9n: <a href=\"https:\/\/okdiario.com\/techy\/los-expertos-piden-que-apagues-el-router-unos-minutos-todos-los-dias-y-esta-es-la-razon-el-simple-gesto-que-te-cambia-la-vida\/2977\/\">Los expertos piden que apagues el router unos minutos todos los d\u00edas y \u00e9sta es la raz\u00f3n: el simple gesto que te cambia la vida<\/a><\/h4>\n<\/div>\n<\/div><\/div>\n<\/div>\n\n\n\n<p>Esto no obliga a todas las marcas a quitar el cargador de todas las cajas, pero s\u00ed les exige ofrecer una opci\u00f3n sin \u00e9l. Y cuando una tienda intenta simplificar log\u00edstica, almac\u00e9n y embalaje, suele preferir un solo formato para todo, aunque eso signifique vender el adaptador como accesorio aparte.<\/p>\n\n\n\n<h2 class=\"wp-block-heading\">USB Power Delivery explicado sin jerga<\/h2>\n\n\n\n<p>Para que USB-C sea algo m\u00e1s que un puerto con forma conocida, hace falta un est\u00e1ndar com\u00fan de carga r\u00e1pida. USB Power Delivery funciona como un \u00abidioma\u00bb entre el cargador y el port\u00e1til, donde ambos acuerdan cu\u00e1nta energ\u00eda es segura y necesaria para cargar sin riesgos.<\/p>\n\n\n\n<div class=\"gb-element-92ac4888\">\n<div><div class=\"gb-looper-2d5d9b23\">\n<div class=\"gb-loop-item gb-loop-item-8c391c50 post-2983 post type-post status-publish format-standard has-post-thumbnail hentry category-dispositivos resize-featured-image\">\n<h4 class=\"gb-text gb-text-79659d89\">Lea tambi\u00e9n: <a href=\"https:\/\/okdiario.com\/techy\/ni-oppo-ni-samsung-el-movil-que-llevan-los-astronautas-de-artemis-ii-para-hacer-fotos-desde-el-espacio\/2983\/\">Ni Oppo ni Samsung: el m\u00f3vil que llevan los astronautas de Artemis II para hacer fotos desde el espacio<\/a><\/h4>\n<\/div>\n<\/div><\/div>\n<\/div>\n\n\n\n<p>La Uni\u00f3n Europea exige USB Power Delivery en los equipos que pueden cargarse por cable por encima de quince vatios para que un cargador compatible de cualquier marca funcione bien. En un <a href=\"https:\/\/data.europa.eu\/eli\/reg\/2023\/1717\/spa\" target=\"_blank\" rel=\"noopener\">reglamento<\/a> delegado de 2023, la Comisi\u00f3n actualiz\u00f3 las referencias t\u00e9cnicas y confirm\u00f3 ese umbral.<\/p>\n\n\n\n<p>En paralelo, el propio ecosistema USB ha ido ampliando el techo de potencia. La organizaci\u00f3n <a href=\"https:\/\/www.usb.org\/usb-charger-pd\" target=\"_blank\" rel=\"noopener\">USB<\/a> Implementers Forum explica que USB Power Delivery permite llegar hasta 240 vatios en USB-C con cables y equipos preparados para ello.<\/p>\n\n\n\n<h2 class=\"wp-block-heading\">Lo que debes mirar antes de comprar<\/h2>\n\n\n\n<p>Aqu\u00ed viene el matiz que muchos compradores notar\u00e1n en el bolsillo. Un m\u00f3vil suele apa\u00f1arse con un cargador modesto, pero en port\u00e1tiles hablamos a menudo de potencias del orden de 65 a 100 vatios, seg\u00fan el modelo.<\/p>\n\n\n\n<div class=\"gb-element-17d9492f\">\n<div><div class=\"gb-looper-1710b43e\">\n<div class=\"gb-loop-item gb-loop-item-8db8cf03 post-2914 post type-post status-publish format-standard has-post-thumbnail hentry category-informatica resize-featured-image\">\n<h4 class=\"gb-text gb-text-4650222b\">Lea tambi\u00e9n: <a href=\"https:\/\/okdiario.com\/techy\/12-aplicaciones-que-no-conocias-y-te-van-a-cambiar-la-vida-si-tienes-un-mac-actualizadas-en-2026\/2914\/\">12 aplicaciones que no conoc\u00edas y te van a cambiar la vida si tienes un Mac: actualizadas en 2026<\/a><\/h4>\n<\/div>\n<\/div><\/div>\n<\/div>\n\n\n\n<p>\u00bfTienes ya un cargador USB-C potente en el escritorio o en la mochila? Entonces puede que el cambio apenas se note. Pero si empiezas desde cero, comprar un adaptador con potencia suficiente puede suponer un gasto extra de decenas de euros, seg\u00fan la marca y la calidad del cargador.<\/p>\n\n\n\n<p>La norma intenta reducir esa sorpresa con informaci\u00f3n obligatoria, como un dibujo que indica si el cargador viene incluido y una etiqueta sobre el rendimiento de carga. Aun as\u00ed, conviene mirar dos veces antes de pagar y hacerse la pregunta simple, \u00abtengo un cargador capaz de alimentar este port\u00e1til\u00bb.<\/p>\n\n\n\n<h2 class=\"wp-block-heading\">Los port\u00e1tiles m\u00e1s potentes no encajan del todo<\/h2>\n\n\n\n<p>El techo de hasta 240 vatios puede quedarse corto para algunos equipos muy exigentes, sobre todo en gamas orientadas a juegos o a trabajo pesado. En esos casos, puede seguir siendo com\u00fan ver dos caminos, USB-C para uso ligero y un conector dedicado para cuando el ordenador necesita toda su potencia.<\/p>\n\n\n\n<p>Para la mayor\u00eda de usuarios, el cambio va hacia la comodidad, menos cables distintos y m\u00e1s reutilizaci\u00f3n de cargadores. Pero el periodo de transici\u00f3n puede traer peque\u00f1as fricciones, y la m\u00e1s cotidiana es la de siempre, abrir la caja y descubrir que falta algo.La directiva principal se ha publicado en el <a href=\"https:\/\/eur-lex.europa.eu\/eli\/dir\/2022\/2380\/oj\/spa\" target=\"_blank\" rel=\"noopener\"><em>Diario Oficial de la Uni\u00f3n Europea<\/em><\/a>.<\/p>\n","protected":false},"excerpt":{"rendered":"<p>El 28 de abril de 2026 marca un antes y un despu\u00e9s para quien compre un ordenador port\u00e1til nuevo en &#8230; <\/p>\n<p class=\"read-more-container\"><a title=\"La UE confirma el cambio de norma: adi\u00f3s para siempre a los cargadores de los port\u00e1tiles, a partir de \u00e9ste mes ser\u00e1 obligatorio el cable USB-C\" class=\"read-more button\" href=\"https:\/\/okdiario.com\/techy\/la-ue-confirma-el-cambio-de-norma-adios-para-siempre-a-los-cargadores-de-los-portatiles-a-partir-de-este-mes-sera-obligatorio-el-cable-usb-c\/3028\/#more-3028\" aria-label=\"Leer m\u00e1s sobre La UE confirma el cambio de norma: adi\u00f3s para siempre a los cargadores de los port\u00e1tiles, a partir de \u00e9ste mes ser\u00e1 obligatorio el cable USB-C\">Read more<\/a><\/p>\n","protected":false},"author":7,"featured_media":3029,"comment_status":"open","ping_status":"","sticky":false,"template":"","format":"standard","meta":{"footnotes":""},"categories":[4],"tags":[],"class_list":["post-3028","post","type-post","status-publish","format-standard","has-post-thumbnail","hentry","category-dispositivos","resize-featured-image"],"_links":{"self":[{"href":"https:\/\/okdiario.com\/techy\/wp-json\/wp\/v2\/posts\/3028","targetHints":{"allow":["GET"]}}],"collection":[{"href":"https:\/\/okdiario.com\/techy\/wp-json\/wp\/v2\/posts"}],"about":[{"href":"https:\/\/okdiario.com\/techy\/wp-json\/wp\/v2\/types\/post"}],"author":[{"embeddable":true,"href":"https:\/\/okdiario.com\/techy\/wp-json\/wp\/v2\/users\/7"}],"replies":[{"embeddable":true,"href":"https:\/\/okdiario.com\/techy\/wp-json\/wp\/v2\/comments?post=3028"}],"version-history":[{"count":1,"href":"https:\/\/okdiario.com\/techy\/wp-json\/wp\/v2\/posts\/3028\/revisions"}],"predecessor-version":[{"id":3030,"href":"https:\/\/okdiario.com\/techy\/wp-json\/wp\/v2\/posts\/3028\/revisions\/3030"}],"wp:featuredmedia":[{"embeddable":true,"href":"https:\/\/okdiario.com\/techy\/wp-json\/wp\/v2\/media\/3029"}],"wp:attachment":[{"href":"https:\/\/okdiario.com\/techy\/wp-json\/wp\/v2\/media?parent=3028"}],"wp:term":[{"taxonomy":"category","embeddable":true,"href":"https:\/\/okdiario.com\/techy\/wp-json\/wp\/v2\/categories?post=3028"},{"taxonomy":"post_tag","embeddable":true,"href":"https:\/\/okdiario.com\/techy\/wp-json\/wp\/v2\/tags?post=3028"}],"curies":[{"name":"wp","href":"https:\/\/api.w.org\/{rel}","templated":true}]}}