{"id":2941,"date":"2026-04-11T08:12:00","date_gmt":"2026-04-11T06:12:00","guid":{"rendered":"https:\/\/techy44.okdiario.com\/?p=2941"},"modified":"2026-04-09T16:36:18","modified_gmt":"2026-04-09T14:36:18","slug":"tcl-lo-confirma-va-a-destrozar-a-sony-y-a-samsung-con-el-televisor-mini-led-de-288-hz-y-10-000-nits-que-esta-a-punto-de-llegar-a-espana","status":"publish","type":"post","link":"https:\/\/okdiario.com\/techy\/tcl-lo-confirma-va-a-destrozar-a-sony-y-a-samsung-con-el-televisor-mini-led-de-288-hz-y-10-000-nits-que-esta-a-punto-de-llegar-a-espana\/2941\/","title":{"rendered":"TCL lo confirma: va a destrozar a Sony y a Samsung con el televisor Mini LED de 288 Hz y 10.000 nits que est\u00e1 a punto de llegar a Espa\u00f1a"},"content":{"rendered":"\n<p>TCL empieza a ense\u00f1ar m\u00fasculo en la gama alta con la X11L, una <a href=\"https:\/\/okdiario.com\/techy\/los-televisores-de-siempre-tienen-los-dias-contados-lo-que-esta-preparando-china-ya-hace-temblar-a-todos\/2351\/\">tele<\/a> 4K Mini LED que ya se deja comprar en Europa en tama\u00f1os de 75, 85 y 98 pulgadas. En Italia aparece en preventa con entrega prevista para el 10 de abril de 2026 y precios que no disimulan su ambici\u00f3n.<\/p>\n\n\n\n<p>La versi\u00f3n de 75 pulgadas figura por 3.999,90 euros, la de 85 pulgadas por 5.699,90 euros y la de 98 pulgadas por 8.999,90 euros. Espa\u00f1a todav\u00eda no tiene fecha oficial, pero ese calendario europeo suele ser la pista m\u00e1s clara de cu\u00e1ndo llegar\u00e1 aqu\u00ed.<\/p>\n\n\n\n<h2 class=\"wp-block-heading\">Una apuesta premium<\/h2>\n\n\n\n<p>La X11L no es \u201cuna tele m\u00e1s\u201d dentro del cat\u00e1logo de TCL. En su presentaci\u00f3n del <a href=\"https:\/\/www.tcl.com\/es\/es\/ces\" target=\"_blank\" rel=\"noopener\">CES<\/a> 2026, la compa\u00f1\u00eda la describe como el primer televisor con \u201cSQD-Mini LED\u201d y pone el foco en tres ideas f\u00e1ciles de entender, m\u00e1s control de luz, m\u00e1s brillo y un dise\u00f1o m\u00e1s fino.<\/p>\n\n\n\n<div class=\"gb-element-a00da4e5\">\n<div><div class=\"gb-looper-46613eed\">\n<div class=\"gb-loop-item gb-loop-item-a8390598 post-2914 post type-post status-publish format-standard has-post-thumbnail hentry category-informatica resize-featured-image\">\n<h4 class=\"gb-text gb-text-24a51617\">Lea tambi\u00e9n: <a href=\"https:\/\/okdiario.com\/techy\/12-aplicaciones-que-no-conocias-y-te-van-a-cambiar-la-vida-si-tienes-un-mac-actualizadas-en-2026\/2914\/\">12 aplicaciones que no conoc\u00edas y te van a cambiar la vida si tienes un Mac: actualizadas en 2026<\/a><\/h4>\n<\/div>\n<\/div><\/div>\n<\/div>\n\n\n\n<p>Tambi\u00e9n hay nombres conocidos detr\u00e1s de la ficha. TCL cita el panel \u201cWHVA 2.0\u201d de CSOT, su filial de pantallas, y un sistema de sonido \u201cAudio by Bang &amp; Olufsen\u201d desarrollado junto al equipo de la marca danesa.<\/p>\n\n\n\n<h2 class=\"wp-block-heading\">Qu\u00e9 significa Mini LED<\/h2>\n\n\n\n<p>Mini LED no es magia, es miniaturizaci\u00f3n. En la pr\u00e1ctica, la tele usa una retroiluminaci\u00f3n de tipo QD-Mini LED con muchos puntos de luz peque\u00f1os detr\u00e1s de la pantalla y los regula por zonas, como si un estadio pudiera encender focos por sectores en vez de iluminarlo todo a la vez.<\/p>\n\n\n\n<div class=\"gb-element-202ab567\">\n<div><div class=\"gb-looper-9a58255e\">\n<div class=\"gb-loop-item gb-loop-item-760e253f post-2896 post type-post status-publish format-standard has-post-thumbnail hentry category-militar resize-featured-image\">\n<h4 class=\"gb-text gb-text-2133f8a4\">Lea tambi\u00e9n: <a href=\"https:\/\/okdiario.com\/techy\/francia-desafia-el-panorama-mundial-con-un-portaaviones-gigante-de-propulsion-nuclear-con-eslora-de-310-metros-y-capacidad-para-1100-personas\/2896\/\">Francia desaf\u00eda el panorama mundial con un portaaviones gigante de propulsi\u00f3n nuclear con eslora de 310 metros y capacidad para 1100 personas<\/a><\/h4>\n<\/div>\n<\/div><\/div>\n<\/div>\n\n\n\n<p>TCL explica que su enfoque convierte esas zonas en una \u201cPrecise Dimming Series\u201d, una forma de decir que busca un control m\u00e1s fino de luces y sombras. Es la parte que deber\u00eda reducir halos en escenas oscuras y mejorar el contraste en cine, deporte y juegos.<\/p>\n\n\n\n<h2 class=\"wp-block-heading\">Brillo y zonas sin tecnicismos<\/h2>\n\n\n\n<p>Aqu\u00ed aparece el n\u00famero que m\u00e1s titulares genera, hasta 10.000 nits de pico HDR. Los nits son una medida de brillo y, dicho r\u00e1pido, marcan lo intenso que puede verse un reflejo en una ventana o una explosi\u00f3n en pantalla sin que todo se convierta en una mancha blanca.<\/p>\n\n\n\n<div class=\"gb-element-c7d7b072\">\n<div><div class=\"gb-looper-efdef87e\">\n<div class=\"gb-loop-item gb-loop-item-b2b44a53 post-2911 post type-post status-publish format-standard has-post-thumbnail hentry category-dispositivos resize-featured-image\">\n<h4 class=\"gb-text gb-text-a3cd6190\">Lea tambi\u00e9n: <a href=\"https:\/\/okdiario.com\/techy\/las-ray-ban-de-siempre-tienen-los-dias-contados-meta-confirma-que-llegan-los-cristales-graduados-para-sus-gafas-inteligentes\/2911\/\">Las Ray-Ban de siempre tienen los d\u00edas contados: Meta confirma que llegan los cristales graduados para sus gafas inteligentes<\/a><\/h4>\n<\/div>\n<\/div><\/div>\n<\/div>\n\n\n\n<p>El otro n\u00famero grande son las zonas de atenuaci\u00f3n, con hasta 20.736 en el modelo de 98 pulgadas. Suena exagerado, pero la idea es simple, cuantas m\u00e1s zonas, m\u00e1s f\u00e1cil es oscurecer un rinc\u00f3n de la imagen sin apagar lo que pasa al lado.<\/p>\n\n\n\n<h2 class=\"wp-block-heading\">Color y formatos HDR<\/h2>\n\n\n\n<p>TCL tambi\u00e9n afirma una cobertura \u201cde hasta el 100%\u201d del espacio de color BT.2020, una referencia t\u00e9cnica usada en v\u00eddeo HDR para hablar de un rango de colores muy amplio. En un sal\u00f3n, la promesa se traduce en tonos m\u00e1s vivos cuando el contenido est\u00e1 bien masterizado.<\/p>\n\n\n\n<div class=\"gb-element-c7a25cd1\">\n<div><div class=\"gb-looper-c0a68e4a\">\n<div class=\"gb-loop-item gb-loop-item-2f187211 post-2863 post type-post status-publish format-standard has-post-thumbnail hentry category-juegos resize-featured-image\">\n<h4 class=\"gb-text gb-text-e4020597\">Lea tambi\u00e9n: <a href=\"https:\/\/okdiario.com\/techy\/steam-lo-hace-oficial-confirma-el-cambio-en-el-sistema-de-precios-y-la-norma-afecta-a-35-divisas\/2863\/\">Steam lo hace oficial: confirma el cambio en el sistema de precios y la norma afecta a 35 divisas<\/a><\/h4>\n<\/div>\n<\/div><\/div>\n<\/div>\n\n\n\n<p>En la ficha italiana se listan Dolby Vision y Dolby Vision IQ, adem\u00e1s de HDR10 y HLG. Que est\u00e9n todos ayuda a que Netflix, una <a href=\"https:\/\/okdiario.com\/techy\/playstation-6-podria-no-llegar-en-2027-y-el-motivo-no-es-un-juego-ni-una-estrategia-de-sony-es-la-guerra-por-la-memoria-que-esta-provocando-la-ia\/34\/\">consola<\/a> o un reproductor no te obliguen a \u201cpelearte\u201d con modos distintos cada vez que cambias de fuente.<\/p>\n\n\n\n<h2 class=\"wp-block-heading\">Gaming a 288 Hz<\/h2>\n\n\n\n<p>La base es un panel de 144 Hz, pensado para movimiento fluido. La web europea de TCL a\u00f1ade un modo \u201c288 VRR Game Accelerator\u201d y especifica que el salto a 288 Hz depende de conectarla a una fuente <a href=\"https:\/\/okdiario.com\/techy\/a-muchos-les-sobra-un-puerto-hdmi-en-su-televisor-y-no-saben-que-hacer-con-el-pero-es-un-tesoro-oculto-que-convierte-la-tele-en-un-centro-multifuncion-muy-potente\/2509\/\">HDMI<\/a> compatible, mientras que toda la ruta de se\u00f1al admite 4K a 144 Hz.<\/p>\n\n\n\n<p>VRR es \u201ctasa de refresco variable\u201d y su utilidad se nota en cuanto un juego baja o sube de fotogramas. En vez de ver tirones o cortes, la tele ajusta su ritmo para acompasarse, algo parecido a sincronizar dos canciones para que el ritmo no se descontrole.<\/p>\n\n\n\n<h2 class=\"wp-block-heading\">Google TV y conexiones<\/h2>\n\n\n\n<p>En el d\u00eda a d\u00eda, la X11L llega con Google TV y opciones de env\u00edo de pantalla como Apple AirPlay 2 y Google Cast. Eso facilita el uso t\u00edpico de casa, pasar un v\u00eddeo del m\u00f3vil a la tele o compartir una pesta\u00f1a del port\u00e1til sin <a href=\"https:\/\/okdiario.com\/techy\/los-cables-hdmi-estan-a-punto-de-desaparecer-porque-tienen-un-sustituto-que-lo-cambia-todo-mas-eficaz-y-comodo\/2681\/\">cables<\/a>.<\/p>\n\n\n\n<div class=\"gb-element-4ea23fcb\">\n<div><div class=\"gb-looper-5d5e687e\">\n<div class=\"gb-loop-item gb-loop-item-e5941119 post-2893 post type-post status-publish format-standard has-post-thumbnail hentry category-militar resize-featured-image\">\n<h4 class=\"gb-text gb-text-de0b5a32\">Lea tambi\u00e9n: <a href=\"https:\/\/okdiario.com\/techy\/alianza-historica-espana-e-italia-construyen-un-buque-de-guerra-que-cambia-la-defensa-naval-mundial\/2893\/\">Alianza hist\u00f3rica: Espa\u00f1a e Italia construyen un buque de guerra que cambia la defensa naval mundial<\/a><\/h4>\n<\/div>\n<\/div><\/div>\n<\/div>\n\n\n\n<p>En conectividad, TCL detalla en su ficha de Norteam\u00e9rica que la X11L incluye cuatro HDMI 2.1 y soporte de eARC para barras de sonido compatibles. Aun as\u00ed, la marca avisa de que funciones y especificaciones pueden variar por tama\u00f1o y regi\u00f3n, as\u00ed que conviene esperar a la ficha oficial para Espa\u00f1a antes de dar nada por cerrado.<\/p>\n\n\n\n<h2 class=\"wp-block-heading\">Precios en Italia y pista para Espa\u00f1a<\/h2>\n\n\n\n<p>Los precios italianos la colocan en el tramo premium, con la sensaci\u00f3n de \u201cesto no es para todos los bolsillos\u201d. A cambio, TCL quiere vender una idea muy concreta, una gran pantalla pensada para HDR y para jugar sin renunciar a la fluidez.<\/p>\n\n\n\n<p>La pregunta ahora es cu\u00e1ndo llega a Espa\u00f1a y a qu\u00e9 precio real, con promociones de lanzamiento incluidas. Si el patr\u00f3n europeo se mantiene, abril de 2026 parece una ventana razonable, pero la confirmaci\u00f3n final deber\u00eda venir de TCL o de sus distribuidores locales.<\/p>\n\n\n\n<p>La ficha oficial se ha publicado en TCL <a href=\"https:\/\/www.tcl.com\/eu\/en\/tvs\/x11l\" target=\"_blank\" rel=\"noopener\"><em>Europe<\/em><\/a>.<\/p>\n","protected":false},"excerpt":{"rendered":"<p>TCL empieza a ense\u00f1ar m\u00fasculo en la gama alta con la X11L, una tele 4K Mini LED que ya se &#8230; <\/p>\n<p class=\"read-more-container\"><a title=\"TCL lo confirma: va a destrozar a Sony y a Samsung con el televisor Mini LED de 288 Hz y 10.000 nits que est\u00e1 a punto de llegar a Espa\u00f1a\" class=\"read-more button\" href=\"https:\/\/okdiario.com\/techy\/tcl-lo-confirma-va-a-destrozar-a-sony-y-a-samsung-con-el-televisor-mini-led-de-288-hz-y-10-000-nits-que-esta-a-punto-de-llegar-a-espana\/2941\/#more-2941\" aria-label=\"Leer m\u00e1s sobre TCL lo confirma: va a destrozar a Sony y a Samsung con el televisor Mini LED de 288 Hz y 10.000 nits que est\u00e1 a punto de llegar a Espa\u00f1a\">Read more<\/a><\/p>\n","protected":false},"author":7,"featured_media":2942,"comment_status":"open","ping_status":"","sticky":false,"template":"","format":"standard","meta":{"footnotes":""},"categories":[4],"tags":[],"class_list":["post-2941","post","type-post","status-publish","format-standard","has-post-thumbnail","hentry","category-dispositivos","resize-featured-image"],"_links":{"self":[{"href":"https:\/\/okdiario.com\/techy\/wp-json\/wp\/v2\/posts\/2941","targetHints":{"allow":["GET"]}}],"collection":[{"href":"https:\/\/okdiario.com\/techy\/wp-json\/wp\/v2\/posts"}],"about":[{"href":"https:\/\/okdiario.com\/techy\/wp-json\/wp\/v2\/types\/post"}],"author":[{"embeddable":true,"href":"https:\/\/okdiario.com\/techy\/wp-json\/wp\/v2\/users\/7"}],"replies":[{"embeddable":true,"href":"https:\/\/okdiario.com\/techy\/wp-json\/wp\/v2\/comments?post=2941"}],"version-history":[{"count":1,"href":"https:\/\/okdiario.com\/techy\/wp-json\/wp\/v2\/posts\/2941\/revisions"}],"predecessor-version":[{"id":2943,"href":"https:\/\/okdiario.com\/techy\/wp-json\/wp\/v2\/posts\/2941\/revisions\/2943"}],"wp:featuredmedia":[{"embeddable":true,"href":"https:\/\/okdiario.com\/techy\/wp-json\/wp\/v2\/media\/2942"}],"wp:attachment":[{"href":"https:\/\/okdiario.com\/techy\/wp-json\/wp\/v2\/media?parent=2941"}],"wp:term":[{"taxonomy":"category","embeddable":true,"href":"https:\/\/okdiario.com\/techy\/wp-json\/wp\/v2\/categories?post=2941"},{"taxonomy":"post_tag","embeddable":true,"href":"https:\/\/okdiario.com\/techy\/wp-json\/wp\/v2\/tags?post=2941"}],"curies":[{"name":"wp","href":"https:\/\/api.w.org\/{rel}","templated":true}]}}