{"id":2911,"date":"2026-04-09T12:51:00","date_gmt":"2026-04-09T10:51:00","guid":{"rendered":"https:\/\/techy44.okdiario.com\/?p=2911"},"modified":"2026-04-08T15:56:48","modified_gmt":"2026-04-08T13:56:48","slug":"las-ray-ban-de-siempre-tienen-los-dias-contados-meta-confirma-que-llegan-los-cristales-graduados-para-sus-gafas-inteligentes","status":"publish","type":"post","link":"https:\/\/okdiario.com\/techy\/las-ray-ban-de-siempre-tienen-los-dias-contados-meta-confirma-que-llegan-los-cristales-graduados-para-sus-gafas-inteligentes\/2911\/","title":{"rendered":"Las Ray-Ban de siempre tienen los d\u00edas contados: Meta confirma que llegan los cristales graduados para sus gafas inteligentes"},"content":{"rendered":"\n<p>Si llevas gafas a diario, las gafas inteligentes suelen tener un problema b\u00e1sico, no est\u00e1n pensadas para tu graduaci\u00f3n. Meta y EssilorLuxottica, el grupo detr\u00e1s de Ray-Ban, han presentado una nueva l\u00ednea llamada Ray-Ban Meta Optics, dise\u00f1ada desde el principio para montarse con lentes graduadas. Llegar\u00e1 a tiendas y \u00f3pticas a partir del 14 de abril de 2026, con un precio de entrada sugerido de 469 euros.<\/p>\n\n\n\n<p>La apuesta encaja con el discurso de Mark Zuckerberg, fundador y CEO de Meta, que ve las gafas como el pr\u00f3ximo gran dispositivo. En una llamada de resultados dijo \u00abIt&#8217;s hard to imagine a world in several years where most glasses that people wear aren&#8217;t AI glasses\u00bb al hablar de gafas con IA, abreviatura de inteligencia artificial. La diferencia ahora es que intenta convencer a quien no se quita las gafas ni para salir a comprar pan.<\/p>\n\n\n\n<h2 class=\"wp-block-heading\">Dos monturas nuevas<\/h2>\n\n\n\n<p>La colecci\u00f3n se estrena con dos monturas. Blayzer Optics (Gen 2) es rectangular y se vender\u00e1 en dos tallas. Scriber Optics (Gen 2) es m\u00e1s redondeada, pensada para un look cl\u00e1sico.<\/p>\n\n\n\n<p>El comunicado de EssilorLuxottica sit\u00faa la preventa en Estados Unidos el 31 de marzo y la llegada a tiendas el 14 de abril. Ese despliegue incluye Espa\u00f1a dentro de su red de venta, adem\u00e1s de otros pa\u00edses de Europa y Am\u00e9rica. El precio de entrada que publica la compa\u00f1\u00eda es 499 d\u00f3lares en Estados Unidos y 469 euros en Europa.<\/p>\n\n\n\n<div class=\"gb-element-a00da4e5\">\n<div><div class=\"gb-looper-46613eed\">\n<div class=\"gb-loop-item gb-loop-item-a8390598 post-2869 post type-post status-publish format-standard has-post-thumbnail hentry category-informatica resize-featured-image\">\n<h4 class=\"gb-text gb-text-24a51617\">Lea tambi\u00e9n: <a href=\"https:\/\/okdiario.com\/techy\/el-internet-de-ahora-tiene-los-dias-contados-japon-crea-un-cable-troncal-de-fibra-optica-que-transmite-4-veces-mas-ancho-de-banda-con-el-mismo-grosor\/2869\/\">El internet de ahora tiene los d\u00edas contados: Jap\u00f3n crea un cable troncal de fibra \u00f3ptica que transmite 4 veces m\u00e1s ancho de banda con el mismo grosor<\/a><\/h4>\n<\/div>\n<\/div><\/div>\n<\/div>\n\n\n\n<p>El canal de venta es una pista importante. Se podr\u00e1n comprar en Ray-Ban.com y en tiendas Ray-Ban, pero tambi\u00e9n en \u00f3pticas de la red de EssilorLuxottica y en Meta.com. Al final del d\u00eda, el mensaje es simple, que estas gafas se prueban y se ajustan como unas gafas normales.<\/p>\n\n\n\n<h2 class=\"wp-block-heading\">Un dise\u00f1o pensado para la graduaci\u00f3n<\/h2>\n\n\n\n<p>Meta dice que sus nuevos modelos est\u00e1n pensados para \u00aball-day wear\u00bb, uso de todo el d\u00eda, y para soportar casi todas las graduaciones. Es un cambio de enfoque respecto a a\u00f1adir una lente a posteriori. La idea es que la montura no se sienta como un aparato pegado a la cara.<\/p>\n\n\n\n<p>Para lograrlo, la montura se vuelve m\u00e1s ajustable de lo que suele ser en electr\u00f3nica. EssilorLuxottica menciona bisagras con m\u00e1s recorrido, almohadillas nasales intercambiables y puntas de patilla que se pueden ajustar en la \u00f3ptica. Son detalles peque\u00f1os, pero cualquiera que haya tenido marcas en la nariz sabe por qu\u00e9 importan.<\/p>\n\n\n\n<div class=\"gb-element-5c99d9c0\">\n<div><div class=\"gb-looper-b863215d\">\n<div class=\"gb-loop-item gb-loop-item-d7beead4 post-2893 post type-post status-publish format-standard has-post-thumbnail hentry category-militar resize-featured-image\">\n<h4 class=\"gb-text gb-text-a248edfb\">Lea tambi\u00e9n: <a href=\"https:\/\/okdiario.com\/techy\/alianza-historica-espana-e-italia-construyen-un-buque-de-guerra-que-cambia-la-defensa-naval-mundial\/2893\/\">Alianza hist\u00f3rica: Espa\u00f1a e Italia construyen un buque de guerra que cambia la defensa naval mundial<\/a><\/h4>\n<\/div>\n<\/div><\/div>\n<\/div>\n\n\n\n<p>Tambi\u00e9n abre la puerta a distintos tipos de lentes. El comunicado habla de lentes de visi\u00f3n simple y lentes progresivas, las que mezclan cerca y lejos en una sola lente. Y tambi\u00e9n de lentes fotocrom\u00e1ticas como Transitions, que se oscurecen al sol y se aclaran en interior.<\/p>\n\n\n\n<h2 class=\"wp-block-heading\">Qu\u00e9 hace Meta AI<\/h2>\n\n\n\n<p>En estas Ray-Ban Meta, la IA es un asistente de voz. Ray-Ban describe preguntas r\u00e1pidas para ideas de recetas, recordatorios como d\u00f3nde aparcaste y explicaciones sobre lugares mientras viajas. En el comunicado, EssilorLuxottica a\u00f1ade un bot\u00f3n dedicado para activar Meta AI con una pulsaci\u00f3n.<\/p>\n\n\n\n<div class=\"gb-element-9545503c\">\n<div><div class=\"gb-looper-e7f750d7\">\n<div class=\"gb-loop-item gb-loop-item-cae7a4a8 post-2896 post type-post status-publish format-standard has-post-thumbnail hentry category-militar resize-featured-image\">\n<h4 class=\"gb-text gb-text-268ff0e3\">Lea tambi\u00e9n: <a href=\"https:\/\/okdiario.com\/techy\/francia-desafia-el-panorama-mundial-con-un-portaaviones-gigante-de-propulsion-nuclear-con-eslora-de-310-metros-y-capacidad-para-1100-personas\/2896\/\">Francia desaf\u00eda el panorama mundial con un portaaviones gigante de propulsi\u00f3n nuclear con eslora de 310 metros y capacidad para 1100 personas<\/a><\/h4>\n<\/div>\n<\/div><\/div>\n<\/div>\n\n\n\n<p>Otra funci\u00f3n destacada es la traducci\u00f3n en vivo. Ray-Ban habla de conversaciones en seis idiomas sin necesidad de Wi-Fi, y el grupo apunta a m\u00e1s idiomas en pr\u00f3ximas actualizaciones. Meta tambi\u00e9n ha anunciado extras de software como res\u00famenes de <a href=\"https:\/\/okdiario.com\/techy\/por-que-no-te-deja-de-aparecer-un-circulo-azul-en-whatsapp-y-como-quitar-para-siempre-meta-ai\/2592\/\">WhatsApp<\/a> y un registro de comida por voz o foto, que se ir\u00e1n desplegando seg\u00fan el mercado y el programa de acceso.<\/p>\n\n\n\n<h2 class=\"wp-block-heading\">C\u00e1mara, audio y bater\u00eda<\/h2>\n\n\n\n<p>La parte inteligente tambi\u00e9n est\u00e1 en la <a href=\"https:\/\/okdiario.com\/techy\/las-gafas-inteligentes-son-cada-vez-mas-comunes-y-hay-un-truco-infalible-para-saber-si-te-estan-grabando-con-ellas\/2609\/\">c\u00e1mara<\/a> y el sonido. EssilorLuxottica habla de fotos y v\u00eddeos desde tu punto de vista y de escuchar m\u00fasica y podcasts. En la p\u00e1gina de Ray-Ban aparecen una c\u00e1mara de 12 megap\u00edxeles, v\u00eddeo en 3K y un sistema de micr\u00f3fonos pensado para llamadas m\u00e1s claras.<\/p>\n\n\n\n<div class=\"gb-element-5bcc9148\">\n<div><div class=\"gb-looper-e35b4a5a\">\n<div class=\"gb-loop-item gb-loop-item-f02e418a post-2890 post type-post status-publish format-standard has-post-thumbnail hentry category-militar resize-featured-image\">\n<h4 class=\"gb-text gb-text-ba0502e7\">Lea tambi\u00e9n: <a href=\"https:\/\/okdiario.com\/techy\/estados-unidos-rompe-con-todo-construye-una-base-naval-en-america-latina-que-desafia-el-panorama-militar\/2890\/\">Estados Unidos rompe con todo: construye una base naval en Am\u00e9rica Latina que desaf\u00eda el panorama militar<\/a><\/h4>\n<\/div>\n<\/div><\/div>\n<\/div>\n\n\n\n<p>La autonom\u00eda intenta estar a la altura del uso diario. Ray-Ban indica m\u00e1s de 8 horas de bater\u00eda con una carga y un estuche que a\u00f1ade unas horas extra con una carga r\u00e1pida de 20 minutos. Si el producto quiere sustituir a la c\u00e1mara del m\u00f3vil en momentos r\u00e1pidos, no puede vivir enchufado.<\/p>\n\n\n\n<h2 class=\"wp-block-heading\">La carrera por las gafas con IA<\/h2>\n\n\n\n<p>Zuckerberg lleva tiempo defendiendo que las <a href=\"https:\/\/okdiario.com\/techy\/biel-glasses-acaba-de-crear-las-gafas-inteligentes-que-van-a-jubilar-a-las-ray-ban-porque-incluyen-tecnologia-de-realidad-mixta\/2512\/\">gafas<\/a> son la interfaz m\u00e1s natural para la IA, porque pueden ver y o\u00edr lo mismo que t\u00fa. En su llamada de resultados describi\u00f3 unas gafas que \u00absee what you see\u00bb y \u00abhear what you hear\u00bb, con ayuda constante durante el d\u00eda. En ese marco, optimizar la graduaci\u00f3n no es un detalle, es la puerta de entrada a mucha m\u00e1s gente.<\/p>\n\n\n\n<p>En el lado de EssilorLuxottica, la apuesta se entiende como un salto hacia el mercado \u00f3ptico tradicional. Francesco Milleri y Paul du Saillant dijeron que han estado \u00abbuilding an AI glasses category from the ground up\u00bb y que ahora quieren ampliar distribuci\u00f3n y p\u00fablico. Si este movimiento cuaja, las pr\u00f3ximas gafas que te grad\u00faes podr\u00edan venir con c\u00e1mara y asistente de voz de serie.<\/p>\n\n\n\n<div class=\"gb-element-eaac7c04\">\n<div><div class=\"gb-looper-b25a1b57\">\n<div class=\"gb-loop-item gb-loop-item-1851e8aa post-2886 post type-post status-publish format-standard has-post-thumbnail hentry category-militar resize-featured-image\">\n<h4 class=\"gb-text gb-text-16b261e2\">Lea tambi\u00e9n: <a href=\"https:\/\/okdiario.com\/techy\/corea-del-norte-crea-un-arma-letal-de-2-500-kilotones-capaz-de-alcanzar-estados-unidos-supera-cualquier-escudo-antimisiles\/2886\/\">Corea del Norte crea un arma letal de 2.500 kilotones capaz de alcanzar Estados Unidos: supera cualquier escudo antimisiles<\/a><\/h4>\n<\/div>\n<\/div><\/div>\n<\/div>\n\n\n\n<p>La nota de prensa principal se ha publicado en <a href=\"https:\/\/www.essilorluxottica.com\/en\/newsroom\/press-releases\/essilorluxottica-and-meta-expand-ai-glasses-portfolio\/\" target=\"_blank\" rel=\"noopener\"><em>EssilorLuxottica<\/em><\/a>.<\/p>\n\n\n\n<p>Foto: ray-ban.com<\/p>\n","protected":false},"excerpt":{"rendered":"<p>Si llevas gafas a diario, las gafas inteligentes suelen tener un problema b\u00e1sico, no est\u00e1n pensadas para tu graduaci\u00f3n. Meta &#8230; <\/p>\n<p class=\"read-more-container\"><a title=\"Las Ray-Ban de siempre tienen los d\u00edas contados: Meta confirma que llegan los cristales graduados para sus gafas inteligentes\" class=\"read-more button\" href=\"https:\/\/okdiario.com\/techy\/las-ray-ban-de-siempre-tienen-los-dias-contados-meta-confirma-que-llegan-los-cristales-graduados-para-sus-gafas-inteligentes\/2911\/#more-2911\" aria-label=\"Leer m\u00e1s sobre Las Ray-Ban de siempre tienen los d\u00edas contados: Meta confirma que llegan los cristales graduados para sus gafas inteligentes\">Read more<\/a><\/p>\n","protected":false},"author":3,"featured_media":2912,"comment_status":"open","ping_status":"","sticky":false,"template":"","format":"standard","meta":{"footnotes":""},"categories":[4],"tags":[],"class_list":["post-2911","post","type-post","status-publish","format-standard","has-post-thumbnail","hentry","category-dispositivos","resize-featured-image"],"_links":{"self":[{"href":"https:\/\/okdiario.com\/techy\/wp-json\/wp\/v2\/posts\/2911","targetHints":{"allow":["GET"]}}],"collection":[{"href":"https:\/\/okdiario.com\/techy\/wp-json\/wp\/v2\/posts"}],"about":[{"href":"https:\/\/okdiario.com\/techy\/wp-json\/wp\/v2\/types\/post"}],"author":[{"embeddable":true,"href":"https:\/\/okdiario.com\/techy\/wp-json\/wp\/v2\/users\/3"}],"replies":[{"embeddable":true,"href":"https:\/\/okdiario.com\/techy\/wp-json\/wp\/v2\/comments?post=2911"}],"version-history":[{"count":1,"href":"https:\/\/okdiario.com\/techy\/wp-json\/wp\/v2\/posts\/2911\/revisions"}],"predecessor-version":[{"id":2913,"href":"https:\/\/okdiario.com\/techy\/wp-json\/wp\/v2\/posts\/2911\/revisions\/2913"}],"wp:featuredmedia":[{"embeddable":true,"href":"https:\/\/okdiario.com\/techy\/wp-json\/wp\/v2\/media\/2912"}],"wp:attachment":[{"href":"https:\/\/okdiario.com\/techy\/wp-json\/wp\/v2\/media?parent=2911"}],"wp:term":[{"taxonomy":"category","embeddable":true,"href":"https:\/\/okdiario.com\/techy\/wp-json\/wp\/v2\/categories?post=2911"},{"taxonomy":"post_tag","embeddable":true,"href":"https:\/\/okdiario.com\/techy\/wp-json\/wp\/v2\/tags?post=2911"}],"curies":[{"name":"wp","href":"https:\/\/api.w.org\/{rel}","templated":true}]}}