{"id":2754,"date":"2026-03-30T08:01:00","date_gmt":"2026-03-30T06:01:00","guid":{"rendered":"https:\/\/techy44.okdiario.com\/?p=2754"},"modified":"2026-03-27T19:31:39","modified_gmt":"2026-03-27T18:31:39","slug":"la-cuenta-atras-ha-comenzado-y-apple-lo-confirma-la-lista-de-los-iphone-ipad-y-portatiles-afectados","status":"publish","type":"post","link":"https:\/\/okdiario.com\/techy\/la-cuenta-atras-ha-comenzado-y-apple-lo-confirma-la-lista-de-los-iphone-ipad-y-portatiles-afectados\/2754\/","title":{"rendered":"La cuenta atr\u00e1s ha comenzado y Apple lo confirma: la lista de los iPhone, iPad y port\u00e1tiles afectados"},"content":{"rendered":"\n<p>En la primera semana de marzo de 2026, Apple movi\u00f3 fichas en su cat\u00e1logo. Mientras presentaba nuevos productos, tambi\u00e9n retir\u00f3 de la tienda oficial varios modelos anteriores, incluidos algunos bastante recientes.<\/p>\n\n\n\n<p>La conclusi\u00f3n importante para el usuario es sencilla. Desde el momento en que un modelo deja de venderse oficialmente, empieza a contar el tiempo hasta que Apple puede etiquetarlo como \u201cvintage\u201d, una categor\u00eda que afecta sobre todo a reparaciones y piezas de repuesto.<\/p>\n\n\n\n<h2 class=\"wp-block-heading\"><strong>Los 15 modelos retirados<\/strong><\/h2>\n\n\n\n<p>El cambio se hizo visible en la tienda online alrededor del 6 de marzo de 2026. No es raro, Apple suele renovar el escaparate cuando llega una nueva generaci\u00f3n, pero esta vez llama la atenci\u00f3n porque hay productos de 2025 y 2024, e incluso un <a href=\"https:\/\/okdiario.com\/techy\/terremoto-tecnologico-en-el-mundo-lo-que-acaba-de-hacer-apple-es-la-revolucion-mas-grande-desde-el-iphone\/2413\/\">MacBook<\/a> Pro que llevaba unos seis meses en el mercado.<\/p>\n\n\n\n<p>En la lista aparecen el iPhone 16e con chip A18, los <a href=\"https:\/\/okdiario.com\/techy\/adios-a-moviles-militares-y-hola-a-apple-en-salas-sensibles-iphone-y-ipad-con-ios-26-ya-pueden-manejar-informacion-nato-restricted-y-es-un-bombazo-alemania-evaluo-la-seguridad-y-ah\/2109\/\">iPad<\/a> Air con M3 de 11 y 13 pulgadas y los MacBook Air con M4 de 13 y 15 pulgadas, todos de 2025. Tambi\u00e9n figura un MacBook Pro de 13 pulgadas con chip M5 y 512 GB, adem\u00e1s de los MacBook Pro con M4 Pro y M4 Max de 14 y 16 pulgadas de 2024.<\/p>\n\n\n\n<div class=\"gb-element-a00da4e5\">\n<div><div class=\"gb-looper-46613eed\">\n<div class=\"gb-loop-item gb-loop-item-a8390598 post-2706 post type-post status-publish format-standard has-post-thumbnail hentry category-dispositivos resize-featured-image\">\n<h4 class=\"gb-text gb-text-24a51617\">Lea tambi\u00e9n: <a href=\"https:\/\/okdiario.com\/techy\/los-auriculares-de-cable-estan-volviendo-y-van-a-destronar-al-bluetooth-la-razon-es-clara-y-hasta-la-bbc-lo-dice\/2706\/\">Los auriculares de cable est\u00e1n volviendo y van a destronar al Bluetooth: la raz\u00f3n es clara y hasta la BBC lo dice<\/a><\/h4>\n<\/div>\n<\/div><\/div>\n<\/div>\n\n\n\n<p>El recorte incluye adem\u00e1s el Mac Studio con M3 Ultra y 512 GB de memoria, el Studio Display con chip A13 Bionic y el Pro Display XDR de 2019 con su Pro Stand y el adaptador de montaje VESA. En la pr\u00e1ctica, muchos de estos modelos dejan sitio a los nuevos anuncios de marzo y pasan a ser \u201cla generaci\u00f3n anterior\u201d, aunque todav\u00eda pueden aparecer en distribuidores y ofertas puntuales.<\/p>\n\n\n\n<h2 class=\"wp-block-heading\">Qu\u00e9 significa \u201cvintage\u201d y qu\u00e9 cambia<\/h2>\n\n\n\n<p>Aqu\u00ed conviene separar dos cosas que a menudo se mezclan. Que Apple retire un producto del cat\u00e1logo no significa que \u201cse quede obsoleto\u201d de golpe, ni que vaya a dejar de funcionar ma\u00f1ana. Para quien lo usa a diario, el cambio es m\u00e1s silencioso y llega por fases.<\/p>\n\n\n\n<div class=\"gb-element-24858ec7\">\n<div><div class=\"gb-looper-445b247c\">\n<div class=\"gb-loop-item gb-loop-item-99ee35fc post-2703 post type-post status-publish format-standard has-post-thumbnail hentry category-actualidad resize-featured-image\">\n<h4 class=\"gb-text gb-text-b5297185\">Lea tambi\u00e9n: <a href=\"https:\/\/okdiario.com\/techy\/un-joven-desafia-las-leyes-de-la-fisica-con-un-dron-casero-submarino-que-funciona-de-forma-autonoma-12-horas-y-va-a-cambiar-la-exploracion-marina\/2703\/\">Un joven desaf\u00eda las leyes de la f\u00edsica con un dron casero submarino que funciona de forma aut\u00f3noma 12 horas y va a cambiar la exploraci\u00f3n marina<\/a><\/h4>\n<\/div>\n<\/div><\/div>\n<\/div>\n\n\n\n<p>Apple define un producto \u201cvintage\u201d cuando dej\u00f3 de distribuirse para la venta hace m\u00e1s de cinco a\u00f1os y menos de siete. Despu\u00e9s llega la etiqueta \u201cobsolete\u201d, que se aplica cuando han pasado m\u00e1s de siete a\u00f1os desde esa \u00faltima distribuci\u00f3n, y ah\u00ed el soporte de hardware puede desaparecer del todo.<\/p>\n\n\n\n<p>En medio hay matices muy terrenales, como si el taller tiene piezas para tu modelo o no. Apple explica que el acceso a \u201cservicio y piezas\u201d suele estar disponible durante al menos cinco a\u00f1os y, en muchos casos, hasta siete, siempre que haya componentes, y tambi\u00e9n menciona una red de m\u00e1s de 5.000 puntos de reparaci\u00f3n certificados. En Francia, adem\u00e1s, la compa\u00f1\u00eda indica que ciertas compras nuevas tienen derecho a piezas y servicio durante siete a\u00f1os por requisitos legales.<\/p>\n\n\n\n<h2 class=\"wp-block-heading\">Reventa y programas de cambio<\/h2>\n\n\n\n<p>Cuando un modelo desaparece de la tienda oficial, su valor \u201cde segunda mano\u201d suele ajustarse. A veces baja por simple percepci\u00f3n, y otras sube un poco si hay escasez, pero lo normal es que el mercado premie m\u00e1s a lo reci\u00e9n lanzado. Si estabas pensando en cambiar, este es el tipo de momento en el que mucha gente se lo replantea.<\/p>\n\n\n\n<div class=\"gb-element-35991711\">\n<div><div class=\"gb-looper-cc576a1a\">\n<div class=\"gb-loop-item gb-loop-item-fe4c7b50 post-2700 post type-post status-publish format-standard has-post-thumbnail hentry category-inteligencia-artificial resize-featured-image\">\n<h4 class=\"gb-text gb-text-e8cbafe3\">Lea tambi\u00e9n: <a href=\"https:\/\/okdiario.com\/techy\/no-tenias-ni-idea-pero-los-ultimos-15-anos-hemos-estado-trabajando-para-google-sin-saberlo-y-gano-5-millones-de-dolares-por-dia\/2700\/\">No ten\u00edas ni idea pero los \u00faltimos 15 a\u00f1os hemos estado trabajando para Google sin saberlo y gan\u00f3 5 millones de d\u00f3lares por d\u00eda<\/a><\/h4>\n<\/div>\n<\/div><\/div>\n<\/div>\n\n\n\n<p>Apple empuja una v\u00eda muy concreta, Apple Trade In, que permite entregar un dispositivo a cambio de un descuento para comprar uno nuevo. En una actualizaci\u00f3n publicada el 11 de marzo de 2026, la propia compa\u00f1\u00eda puso ejemplos de descuento en Espa\u00f1a, como hasta 100 euros por un iPhone 11 o hasta 215 euros por un iPhone 13, aunque el importe final depende del estado y del modelo.<\/p>\n\n\n\n<p>Fuera del canal oficial, los n\u00fameros var\u00edan mucho, pero los estudios de recompra suelen coincidir en una idea, \u201cla depreciaci\u00f3n es r\u00e1pida al principio\u201d. Un an\u00e1lisis de SellCell, basado en datos de reventa y trade-in, muestra que buena parte de la ca\u00edda de valor se concentra en los primeros meses y que el comportamiento cambia bastante entre generaciones.<\/p>\n\n\n\n<h2 class=\"wp-block-heading\">Si lo vas a seguir usando<\/h2>\n\n\n\n<p>Si tu <a href=\"https:\/\/okdiario.com\/techy\/los-fanaticos-de-apple-no-dan-credito-pero-el-iphone-plegable-esta-a-punto-de-salir-al-mercado-y-viene-para-revolucionar-el-mundo-de-los-moviles\/2657\/\">iPhone<\/a>, iPad o Mac va bien, no hay ninguna obligaci\u00f3n real de cambiarlo solo porque Apple lo haya retirado del cat\u00e1logo. Lo importante es entender el contexto y tomar decisiones pr\u00e1cticas, no dejarse llevar por el ruido de la \u201clista\u201d.<\/p>\n\n\n\n<p>En la pr\u00e1ctica, eso significa cuidar el dispositivo como si fuera a acompa\u00f1arte mucho tiempo. Una funda decente, un protector de pantalla y un poco de mimo evitan golpes tontos que luego son caros cuando las piezas empiezan a escasear.<\/p>\n\n\n\n<div class=\"gb-element-dbc6315f\">\n<div><div class=\"gb-looper-06ad36a1\">\n<div class=\"gb-loop-item gb-loop-item-1c86bcd7 post-2697 post type-post status-publish format-standard has-post-thumbnail hentry category-actualidad resize-featured-image\">\n<h4 class=\"gb-text gb-text-2c97a0f5\">Lea tambi\u00e9n: <a href=\"https:\/\/okdiario.com\/techy\/estados-unidos-acaba-de-comenzar-la-construccion-de-un-reactor-nuclear-situado-a-1-800-metros-bajo-tierra\/2697\/\">Estados Unidos acaba de comenzar la construcci\u00f3n de un reactor nuclear situado a 1.800 metros bajo tierra<\/a><\/h4>\n<\/div>\n<\/div><\/div>\n<\/div>\n\n\n\n<p>Tambi\u00e9n ayuda tener un plan B. Copias de seguridad, <a href=\"https:\/\/okdiario.com\/techy\/los-usuarios-de-iphone-estan-en-serio-peligro-un-grupo-de-espias-podria-haber-robado-un-programa-del-gobierno-de-eeuu-para-hackear-moviles\/2407\/\">actualizaciones<\/a> al d\u00eda y una revisi\u00f3n de bater\u00eda antes de que empiece a dar guerra son decisiones aburridas, s\u00ed, pero salen rentables.&nbsp;<\/p>\n\n\n\n<p>La pol\u00edtica oficial sobre productos \u201cvintage\u201d y \u201cobsolete\u201d se ha publicado en <a href=\"https:\/\/support.apple.com\/es-es\/102772\" target=\"_blank\" rel=\"noopener\"><em>Apple Support<\/em><\/a>.<\/p>\n","protected":false},"excerpt":{"rendered":"<p>En la primera semana de marzo de 2026, Apple movi\u00f3 fichas en su cat\u00e1logo. Mientras presentaba nuevos productos, tambi\u00e9n retir\u00f3 &#8230; <\/p>\n<p class=\"read-more-container\"><a title=\"La cuenta atr\u00e1s ha comenzado y Apple lo confirma: la lista de los iPhone, iPad y port\u00e1tiles afectados\" class=\"read-more button\" href=\"https:\/\/okdiario.com\/techy\/la-cuenta-atras-ha-comenzado-y-apple-lo-confirma-la-lista-de-los-iphone-ipad-y-portatiles-afectados\/2754\/#more-2754\" aria-label=\"Leer m\u00e1s sobre La cuenta atr\u00e1s ha comenzado y Apple lo confirma: la lista de los iPhone, iPad y port\u00e1tiles afectados\">Read more<\/a><\/p>\n","protected":false},"author":7,"featured_media":2755,"comment_status":"open","ping_status":"","sticky":false,"template":"","format":"standard","meta":{"footnotes":""},"categories":[4],"tags":[],"class_list":["post-2754","post","type-post","status-publish","format-standard","has-post-thumbnail","hentry","category-dispositivos","resize-featured-image"],"_links":{"self":[{"href":"https:\/\/okdiario.com\/techy\/wp-json\/wp\/v2\/posts\/2754","targetHints":{"allow":["GET"]}}],"collection":[{"href":"https:\/\/okdiario.com\/techy\/wp-json\/wp\/v2\/posts"}],"about":[{"href":"https:\/\/okdiario.com\/techy\/wp-json\/wp\/v2\/types\/post"}],"author":[{"embeddable":true,"href":"https:\/\/okdiario.com\/techy\/wp-json\/wp\/v2\/users\/7"}],"replies":[{"embeddable":true,"href":"https:\/\/okdiario.com\/techy\/wp-json\/wp\/v2\/comments?post=2754"}],"version-history":[{"count":1,"href":"https:\/\/okdiario.com\/techy\/wp-json\/wp\/v2\/posts\/2754\/revisions"}],"predecessor-version":[{"id":2756,"href":"https:\/\/okdiario.com\/techy\/wp-json\/wp\/v2\/posts\/2754\/revisions\/2756"}],"wp:featuredmedia":[{"embeddable":true,"href":"https:\/\/okdiario.com\/techy\/wp-json\/wp\/v2\/media\/2755"}],"wp:attachment":[{"href":"https:\/\/okdiario.com\/techy\/wp-json\/wp\/v2\/media?parent=2754"}],"wp:term":[{"taxonomy":"category","embeddable":true,"href":"https:\/\/okdiario.com\/techy\/wp-json\/wp\/v2\/categories?post=2754"},{"taxonomy":"post_tag","embeddable":true,"href":"https:\/\/okdiario.com\/techy\/wp-json\/wp\/v2\/tags?post=2754"}],"curies":[{"name":"wp","href":"https:\/\/api.w.org\/{rel}","templated":true}]}}