{"id":2657,"date":"2026-03-25T08:01:00","date_gmt":"2026-03-25T07:01:00","guid":{"rendered":"https:\/\/techy44.okdiario.com\/?p=2657"},"modified":"2026-03-24T13:22:47","modified_gmt":"2026-03-24T12:22:47","slug":"los-fanaticos-de-apple-no-dan-credito-pero-el-iphone-plegable-esta-a-punto-de-salir-al-mercado-y-viene-para-revolucionar-el-mundo-de-los-moviles","status":"publish","type":"post","link":"https:\/\/okdiario.com\/techy\/los-fanaticos-de-apple-no-dan-credito-pero-el-iphone-plegable-esta-a-punto-de-salir-al-mercado-y-viene-para-revolucionar-el-mundo-de-los-moviles\/2657\/","title":{"rendered":"Los fan\u00e1ticos de Apple no dan cr\u00e9dito pero el iPhone plegable est\u00e1 a punto de salir al mercado y viene para revolucionar el mundo de los m\u00f3viles"},"content":{"rendered":"\n<p>\u00bfPara qu\u00e9 sirve un m\u00f3vil que se abre si, al final, hace lo mismo que uno normal? Esa es la duda que intentan despejar las \u00faltimas filtraciones sobre el primer plegable de Apple, al que varias fuentes ya llaman <a href=\"https:\/\/www.theverge.com\/tech\/893429\/iphone-fold-rumor-ipad-multitasking-face-id-rumor\" target=\"_blank\" rel=\"noopener\">iPhone Fold<\/a>. La pista m\u00e1s fuerte lleg\u00f3 el 11 de marzo, cuando Mark Gurman adelant\u00f3 que, una vez abierto, adoptar\u00eda una interfaz cercana a la del iPad y permitir\u00eda ver apps lado a lado.<\/p>\n\n\n\n<div class=\"gb-element-381e017c\">\n<div><div class=\"gb-looper-731ef92c\">\n<div class=\"gb-loop-item gb-loop-item-fbcdd013 post-2640 post type-post status-publish format-standard has-post-thumbnail hentry category-dispositivos resize-featured-image\">\n<h4 class=\"gb-text gb-text-e9c16ba7\">Lea tambi\u00e9n: <a href=\"https:\/\/okdiario.com\/techy\/parece-igual-pero-el-iphone-18-pro-va-a-marcar-un-punto-de-inflexion-en-apple-tecnologia-clase-y-personalidad\/2640\/\">Parece igual pero el iPhone 18 Pro va a marcar un punto de inflexi\u00f3n en Apple: tecnolog\u00eda, clase y personalidad<\/a><\/h4>\n<\/div>\n<\/div><\/div>\n<\/div>\n\n\n\n<p>La idea tiene l\u00f3gica. En los iPad, Apple ya permite usar ventanas y colocar dos apps una junto a otra, algo clave para leer, tomar notas o trabajar sin ir saltando de pantalla en pantalla. Si ese enfoque llega al plegable, Apple intentar\u00eda que el formato grande sirva de verdad en el d\u00eda a d\u00eda y no se quede en puro escaparate.<\/p>\n\n\n\n<h2 class=\"wp-block-heading\">Un formato m\u00e1s ancho para aprovechar la pantalla<\/h2>\n\n\n\n<p>Las filtraciones apuntan a un panel interior con formato cuatro a tres, m\u00e1s ancho y menos alargado que el de la mayor\u00eda de m\u00f3viles actuales. En palabras sencillas, ser\u00eda una pantalla con aire de libreta peque\u00f1a, m\u00e1s cercana a un iPad mini que a un tel\u00e9fono convencional. Apple sit\u00faa el iPad mini actual en 8,3 pulgadas, y Ming-Chi Kuo lleva tiempo se\u00f1alando unas 7,8 pulgadas para el panel interior del plegable y unas 5,5 para la pantalla exterior.<\/p>\n\n\n\n<div class=\"gb-element-db96d549\">\n<div><div class=\"gb-looper-763f76b8\">\n<div class=\"gb-loop-item gb-loop-item-0c93d590 post-2636 post type-post status-publish format-standard has-post-thumbnail hentry category-dispositivos resize-featured-image\">\n<h4 class=\"gb-text gb-text-fdc19b03\">Lea tambi\u00e9n: <a href=\"https:\/\/okdiario.com\/techy\/adios-a-las-televisiones-de-siempre-estan-usando-espana-como-laboratorio-de-pruebas-y-vas-a-tener-anuncios-hasta-en-la-sopa\/2636\/\">Adi\u00f3s a las televisiones de siempre: est\u00e1n usando Espa\u00f1a como laboratorio de pruebas y vas a tener anuncios hasta en la sopa<\/a><\/h4>\n<\/div>\n<\/div><\/div>\n<\/div>\n\n\n\n<p>Ese detalle importa porque el software de un plegable vive o muere ah\u00ed. Seg\u00fan la misma filtraci\u00f3n, el terminal mostrar\u00eda dise\u00f1os parecidos a los del iPad y permitir\u00eda dos apps a la vez, pero no llegar\u00eda al nivel completo de iPadOS ni ejecutar\u00eda las apps nativas del iPad. En la pr\u00e1ctica, Apple buscar\u00eda un punto intermedio entre un <a href=\"https:\/\/okdiario.com\/techy\/adios-al-iphone-mas-cerca-que-nunca-xiaomi-prepara-en-el-mwc-2026-un-puente-hacia-ios-que-podria-hacerte-vivir-en-apple-sin-usar-apple\/1966\/\">iPhone<\/a> grande y una mini tablet que cabe en el bolsillo.<\/p>\n\n\n\n<h2 class=\"wp-block-heading\">Multitarea, Touch ID y dos c\u00e1maras traseras<\/h2>\n\n\n\n<p>Las filtraciones tambi\u00e9n dibujan un dispositivo distinto a los iPhone Pro actuales. Gurman y los res\u00famenes t\u00e9cnicos m\u00e1s recientes apuntan a una doble c\u00e1mara trasera, una c\u00e1mara interna perforada en la pantalla y Touch ID en el bot\u00f3n de encendido, en lugar de Face ID. Touch ID es el sistema de huella dactilar de Apple, y la compa\u00f1\u00eda ya lo usa en el bot\u00f3n superior de varios iPad.<\/p>\n\n\n\n<div class=\"gb-element-9e78f99d\">\n<div><div class=\"gb-looper-f94a4c72\">\n<div class=\"gb-loop-item gb-loop-item-09104494 post-2633 post type-post status-publish format-standard has-post-thumbnail hentry category-inteligencia-artificial resize-featured-image\">\n<h4 class=\"gb-text gb-text-a47d0d97\">Lea tambi\u00e9n: <a href=\"https:\/\/okdiario.com\/techy\/aprisco-esta-buscando-con-urgencia-un-terreno-de-100-000-m2-en-asturias-para-instalar-el-gran-almacen-de-ia-que-va-a-crear-700-empleos-en-la-region\/2633\/\">Aprisco est\u00e1 buscando con urgencia un terreno de 100.000 m2 en Asturias para instalar el gran almac\u00e9n de IA que va a crear 700 empleos en la regi\u00f3n<\/a><\/h4>\n<\/div>\n<\/div><\/div>\n<\/div>\n\n\n\n<p>Ese cambio no ser\u00eda menor. Si Apple recupera la huella en un producto tan premium, no ser\u00eda por nostalgia, sino por espacio, ya que la parte frontal de un plegable fino obliga a recortar componentes. Tambi\u00e9n se ha dicho que mantendr\u00eda <a href=\"https:\/\/support.apple.com\/es-es\/guide\/iphone\/iph28f50d10d\/ios\" target=\"_blank\" rel=\"noopener\">Dynamic Island<\/a>, la funci\u00f3n que Apple usa para mostrar avisos y actividades en directo en la parte superior de la pantalla.<\/p>\n\n\n\n<h2 class=\"wp-block-heading\">Lo que a\u00fan est\u00e1 en el aire<\/h2>\n\n\n\n<p>Aqu\u00ed conviene pisar el freno. Apple no ha confirmado el nombre comercial, as\u00ed que iPhone Fold e iPhone Ultra siguen siendo etiquetas de la rumorolog\u00eda, y la fecha tampoco est\u00e1 cerrada del todo. <a href=\"https:\/\/www.reuters.com\/business\/apple-prioritize-premium-iphone-launches-2026-nikkei-asia-reports-2026-01-30\/\" target=\"_blank\" rel=\"noopener\">Reuters<\/a> recogi\u00f3 en enero que la compa\u00f1\u00eda prioriza su primer iPhone plegable para la segunda mitad de 2026, mientras otros analistas a\u00fan dejan margen para un retraso hasta 2027.<\/p>\n\n\n\n<div class=\"gb-element-a00da4e5\">\n<div><div class=\"gb-looper-46613eed\">\n<div class=\"gb-loop-item gb-loop-item-a8390598 post-2623 post type-post status-publish format-standard has-post-thumbnail hentry category-juegos resize-featured-image\">\n<h4 class=\"gb-text gb-text-24a51617\">Lea tambi\u00e9n: <a href=\"https:\/\/okdiario.com\/techy\/este-videojuego-es-una-mezcla-entre-pokemon-zelda-y-palword-y-ha-desatado-la-polemica-porque-nintendo-podria-tomar-cartas-en-asunto\/2623\/\">Este videojuego es una mezcla entre Pok\u00e9mon, Zelda y Palword y ha desatado la pol\u00e9mica porque Nintendo podr\u00eda tomar cartas en asunto<\/a><\/h4>\n<\/div>\n<\/div><\/div>\n<\/div>\n\n\n\n<p>Al final del d\u00eda, la pista m\u00e1s reveladora no es si el pliegue ser\u00e1 casi invisible o si el chasis medir\u00e1 muy poco abierto. Lo que de verdad puede decidir el \u00e9xito del primer plegable de Apple es algo bastante m\u00e1s cotidiano, que al abrirlo se sienta \u00fatil para leer, escribir, comparar y trabajar, como ocurre en un iPad, pero sin dejar de ser un iPhone cuando vuelve al bolsillo.<\/p>\n\n\n\n<p>La informaci\u00f3n principal se ha publicado en<em> <a href=\"https:\/\/www.bloomberg.com\/news\/articles\/2026-03-11\/apple-s-foldable-iphone-to-feature-ipad-like-interface-when-opened\" target=\"_blank\" rel=\"noopener\">Bloomberg<\/a><\/em>.<\/p>\n","protected":false},"excerpt":{"rendered":"<p>\u00bfPara qu\u00e9 sirve un m\u00f3vil que se abre si, al final, hace lo mismo que uno normal? Esa es la &#8230; <\/p>\n<p class=\"read-more-container\"><a title=\"Los fan\u00e1ticos de Apple no dan cr\u00e9dito pero el iPhone plegable est\u00e1 a punto de salir al mercado y viene para revolucionar el mundo de los m\u00f3viles\" class=\"read-more button\" href=\"https:\/\/okdiario.com\/techy\/los-fanaticos-de-apple-no-dan-credito-pero-el-iphone-plegable-esta-a-punto-de-salir-al-mercado-y-viene-para-revolucionar-el-mundo-de-los-moviles\/2657\/#more-2657\" aria-label=\"Leer m\u00e1s sobre Los fan\u00e1ticos de Apple no dan cr\u00e9dito pero el iPhone plegable est\u00e1 a punto de salir al mercado y viene para revolucionar el mundo de los m\u00f3viles\">Read more<\/a><\/p>\n","protected":false},"author":3,"featured_media":2658,"comment_status":"open","ping_status":"","sticky":false,"template":"","format":"standard","meta":{"footnotes":""},"categories":[4],"tags":[],"class_list":["post-2657","post","type-post","status-publish","format-standard","has-post-thumbnail","hentry","category-dispositivos","resize-featured-image"],"_links":{"self":[{"href":"https:\/\/okdiario.com\/techy\/wp-json\/wp\/v2\/posts\/2657","targetHints":{"allow":["GET"]}}],"collection":[{"href":"https:\/\/okdiario.com\/techy\/wp-json\/wp\/v2\/posts"}],"about":[{"href":"https:\/\/okdiario.com\/techy\/wp-json\/wp\/v2\/types\/post"}],"author":[{"embeddable":true,"href":"https:\/\/okdiario.com\/techy\/wp-json\/wp\/v2\/users\/3"}],"replies":[{"embeddable":true,"href":"https:\/\/okdiario.com\/techy\/wp-json\/wp\/v2\/comments?post=2657"}],"version-history":[{"count":1,"href":"https:\/\/okdiario.com\/techy\/wp-json\/wp\/v2\/posts\/2657\/revisions"}],"predecessor-version":[{"id":2659,"href":"https:\/\/okdiario.com\/techy\/wp-json\/wp\/v2\/posts\/2657\/revisions\/2659"}],"wp:featuredmedia":[{"embeddable":true,"href":"https:\/\/okdiario.com\/techy\/wp-json\/wp\/v2\/media\/2658"}],"wp:attachment":[{"href":"https:\/\/okdiario.com\/techy\/wp-json\/wp\/v2\/media?parent=2657"}],"wp:term":[{"taxonomy":"category","embeddable":true,"href":"https:\/\/okdiario.com\/techy\/wp-json\/wp\/v2\/categories?post=2657"},{"taxonomy":"post_tag","embeddable":true,"href":"https:\/\/okdiario.com\/techy\/wp-json\/wp\/v2\/tags?post=2657"}],"curies":[{"name":"wp","href":"https:\/\/api.w.org\/{rel}","templated":true}]}}