{"id":2649,"date":"2026-03-24T20:42:00","date_gmt":"2026-03-24T19:42:00","guid":{"rendered":"https:\/\/techy44.okdiario.com\/?p=2649"},"modified":"2026-03-23T14:02:56","modified_gmt":"2026-03-23T13:02:56","slug":"al-5g-le-queda-menos-tiempo-del-que-pensabas-porque-el-6g-esta-a-punto-de-aterrizar-y-lo-ha-confirmado-la-comision-europea","status":"publish","type":"post","link":"https:\/\/okdiario.com\/techy\/al-5g-le-queda-menos-tiempo-del-que-pensabas-porque-el-6g-esta-a-punto-de-aterrizar-y-lo-ha-confirmado-la-comision-europea\/2649\/","title":{"rendered":"Al 5G le queda menos tiempo del que pensabas porque el 6G est\u00e1 a punto de aterrizar y lo ha confirmado la Comisi\u00f3n Europea"},"content":{"rendered":"\n<p>Mientras el 5G sigue despleg\u00e1ndose en Europa, Bruselas ya trabaja en lo que viene despu\u00e9s. El Radio Spectrum Policy Group, el \u00f3rgano que asesora a la Comisi\u00f3n Europea en pol\u00edtica del espectro, sit\u00faa la banda superior de <a href=\"https:\/\/radio-spectrum-policy-group.ec.europa.eu\/document\/download\/1436dce2-8160-470e-9db0-0b70ec9e7a74_en?filename=RSPG25-018final-Draft-RSPG_Opinion_Upper_6GHz.pdf&amp;prefLang=et\" target=\"_blank\" rel=\"noopener\">6 GHz<\/a> como la \u00abbanda principal\u00bb para introducir el 6G en Europa con horizonte en 2030.<\/p>\n\n\n\n<div class=\"gb-element-a00da4e5\">\n<div><div class=\"gb-looper-46613eed\">\n<div class=\"gb-loop-item gb-loop-item-a8390598 post-2595 post type-post status-publish format-standard has-post-thumbnail hentry category-juegos resize-featured-image\">\n<h4 class=\"gb-text gb-text-24a51617\">Lea tambi\u00e9n: <a href=\"https:\/\/okdiario.com\/techy\/no-lo-vimos-venir-pero-los-juegos-de-aventuras-graficas-con-estetica-noventera-vuelven-a-estar-de-moda-y-este-ambientado-en-el-madrid-de-1960-mezcla-misterio-y-comedia\/2595\/\">No lo vimos venir pero los juegos de aventuras gr\u00e1ficas con est\u00e9tica noventera vuelven a estar de moda y este ambientado en el Madrid de 1960 mezcla misterio y comedia<\/a><\/h4>\n<\/div>\n<\/div><\/div>\n<\/div>\n\n\n\n<p>\u00bfSignifica eso que el 5G ya tiene fecha de caducidad? Todav\u00eda no. En la pr\u00e1ctica, el 5G y el <a href=\"https:\/\/www.3gpp.org\/technologies\/rel-18\" target=\"_blank\" rel=\"noopener\">5G Advanced<\/a> seguir\u00e1n siendo el puente durante varios a\u00f1os, mientras 3GPP termina los estudios previos y convierte el 6G en un est\u00e1ndar con reglas t\u00e9cnicas completas.<\/p>\n\n\n\n<h2 class=\"wp-block-heading\">La banda de 6 GHz es la gran apuesta europea<\/h2>\n\n\n\n<p>Una banda de frecuencias es, dicho de forma simple, el carril por el que viaja la se\u00f1al. La hoja de ruta europea para el 6G coloca el foco en el tramo de 6425 a 7125 MHz, con al menos 540 MHz continuos para mover m\u00e1s <a href=\"https:\/\/okdiario.com\/techy\/spacex-solicita-permiso-para-poner-en-orbita-hasta-un-millon-de-satelites-como-centros-de-datos-y-saltan-chispas-gartner-y-altman-lo-califican-de-locura-y-se-acerca-la-fecha-limite-para-que-la-fcc\/2318\/\">datos<\/a> y dar capacidad extra en ciudades y \u00e1reas suburbanas. Adem\u00e1s, el tramo de 7125 a 7250 MHz sigue bajo estudio internacional como posible refuerzo.<\/p>\n\n\n\n<div class=\"gb-element-26296e08\">\n<div><div class=\"gb-looper-f6c5279d\">\n<div class=\"gb-loop-item gb-loop-item-95038377 post-2592 post type-post status-publish format-standard has-post-thumbnail hentry category-informatica resize-featured-image\">\n<h4 class=\"gb-text gb-text-2363d382\">Lea tambi\u00e9n: <a href=\"https:\/\/okdiario.com\/techy\/por-que-no-te-deja-de-aparecer-un-circulo-azul-en-whatsapp-y-como-quitar-para-siempre-meta-ai\/2592\/\">Por qu\u00e9 no te deja de aparecer un c\u00edrculo azul en WhatsApp y c\u00f3mo quitar para siempre Meta AI<\/a><\/h4>\n<\/div>\n<\/div><\/div>\n<\/div>\n\n\n\n<p>El argumento europeo es bastante terrenal. Ese bloque puede ayudar a ofrecer m\u00e1s \u00ab<a href=\"https:\/\/okdiario.com\/techy\/ucrania-esta-preparando-una-red-de-satelites-militares-baratos-como-alternativa-a-starlink-con-unidades-pequenas-y-despliegue-rapido-la-silenciosa-carrera-espacial-en-medio-de-la-guerra-y-la-razon-d\/2270\/\">cobertura<\/a> y capacidad\u00bb usando, en gran medida, emplazamientos de estaciones base ya existentes. Junto a esa gran banda, el RSPG tambi\u00e9n apunta a 700, 800 y 900 MHz para cobertura amplia y dentro de edificios, a 3,8 a 4,2 GHz para redes locales y a 26 y 42 GHz para puntos con much\u00edsima capacidad.<\/p>\n\n\n\n<h2 class=\"wp-block-heading\">La fecha existe, pero no es un d\u00eda cerrado<\/h2>\n\n\n\n<p>Aqu\u00ed est\u00e1 el matiz que se pierde en muchos titulares. Europa no ha fijado un d\u00eda exacto para encender el 6G, pero s\u00ed trabaja con un objetivo claro de lanzamiento en 2030. De hecho, la propia opini\u00f3n final del RSPG sobre la hoja de ruta del espectro est\u00e1 prevista para junio de 2026.<\/p>\n\n\n\n<div class=\"gb-element-aa4c7d50\">\n<div><div class=\"gb-looper-eed042bc\">\n<div class=\"gb-loop-item gb-loop-item-699bba62 post-2583 post type-post status-publish format-standard has-post-thumbnail hentry category-dispositivos resize-featured-image\">\n<h4 class=\"gb-text gb-text-5be42a01\">Lea tambi\u00e9n: <a href=\"https:\/\/okdiario.com\/techy\/los-airpods-de-apple-fueron-pioneros-pero-ya-tienen-los-dias-contados-por-xiaomi-acaba-de-presentar-los-redmi-buds-8-pro-por-menos-de-70e\/2583\/\">Los AirPods de Apple fueron pioneros pero ya tienen los d\u00edas contados por Xiaomi acaba de presentar los Redmi Buds 8 Pro por menos de 70\u20ac<\/a><\/h4>\n<\/div>\n<\/div><\/div>\n<\/div>\n\n\n\n<p>Por detr\u00e1s va el trabajo menos vistoso y m\u00e1s decisivo. <a href=\"https:\/\/www.3gpp.org\/news-events\/3gpp-news\/sa-rel20\" target=\"_blank\" rel=\"noopener\">3GPP<\/a> mantiene el 6G en fase de estudios dentro de Release 20 y reserva el trabajo normativo para Release 21. Ese calendario est\u00e1 pensado para encajar con el proceso IMT-2030 y apunta a que las primeras especificaciones completas lleguen entre 2029 y 2030.<\/p>\n\n\n\n<h2 class=\"wp-block-heading\">El 5G no desaparece y la TDT tampoco sale ma\u00f1ana<\/h2>\n\n\n\n<p>Al final del d\u00eda, lo que intenta hacer Bruselas no es jubilar el 5G antes de tiempo, sino preparar el terreno para una migraci\u00f3n gradual. El propio RSPG da por hecho que buena parte del salto al 6G pasar\u00e1 por reutilizar bandas ya armonizadas y por adaptar <a href=\"https:\/\/okdiario.com\/techy\/eeuu-presiona-a-siria-para-sacar-a-huawei-de-sus-redes-y-el-choque-es-total-damasco-dice-que-las-sanciones-le-cierran-proveedores-aliados-y-necesita-reconstruir-torres-ya\/2106\/\">redes<\/a> existentes seg\u00fan la estrategia de cada operador. En otras palabras, habr\u00e1 convivencia, no apag\u00f3n.<\/p>\n\n\n\n<div class=\"gb-element-543cb533\">\n<div><div class=\"gb-looper-99d9e3a7\">\n<div class=\"gb-loop-item gb-loop-item-8e7c5b1b post-2579 post type-post status-publish format-standard has-post-thumbnail hentry category-ciberseguridad resize-featured-image\">\n<h4 class=\"gb-text gb-text-76e1f7b4\">Lea tambi\u00e9n: <a href=\"https:\/\/okdiario.com\/techy\/la-ue-enciende-las-alarmas-en-espana-y-manda-un-aviso-al-gobierno-los-hackeos-se-han-disparado-un-26-en-un-ano\/2579\/\">La UE enciende las alarmas en Espa\u00f1a y manda un aviso al Gobierno: los &#8216;hackeos&#8217; se han disparado un 26% en un a\u00f1o<\/a><\/h4>\n<\/div>\n<\/div><\/div>\n<\/div>\n\n\n\n<p>Algo parecido ocurre con la banda de 470 a 694 MHz, hoy muy ligada a la TDT y a otros servicios en muchos pa\u00edses. La Uni\u00f3n Europea mantiene protegidos esos usos al menos hasta 2030 y admite que no todos los Estados miembros van al mismo ritmo. Por eso esa franja se estudia como una opci\u00f3n flexible para el futuro del 6G, capaz de mejorar cobertura en interiores y a gran escala en algunos pa\u00edses, pero no como una decisi\u00f3n cerrada para toda Europa.<\/p>\n\n\n\n<p>El documento principal se ha publicado en el<em> <a href=\"https:\/\/radio-spectrum-policy-group.ec.europa.eu\/document\/download\/75f0d0e2-9c82-469c-859d-0f48eedf082c_en?filename=RSPG26-004final-DRAFT-RSPG_Opinion_6G_Spectrum_Roadmap_PC.pdf\" target=\"_blank\" rel=\"noopener\">Radio Spectrum Policy Group de la Comisi\u00f3n Europea<\/a><\/em>.<\/p>\n","protected":false},"excerpt":{"rendered":"<p>Mientras el 5G sigue despleg\u00e1ndose en Europa, Bruselas ya trabaja en lo que viene despu\u00e9s. El Radio Spectrum Policy Group, &#8230; <\/p>\n<p class=\"read-more-container\"><a title=\"Al 5G le queda menos tiempo del que pensabas porque el 6G est\u00e1 a punto de aterrizar y lo ha confirmado la Comisi\u00f3n Europea\" class=\"read-more button\" href=\"https:\/\/okdiario.com\/techy\/al-5g-le-queda-menos-tiempo-del-que-pensabas-porque-el-6g-esta-a-punto-de-aterrizar-y-lo-ha-confirmado-la-comision-europea\/2649\/#more-2649\" aria-label=\"Leer m\u00e1s sobre Al 5G le queda menos tiempo del que pensabas porque el 6G est\u00e1 a punto de aterrizar y lo ha confirmado la Comisi\u00f3n Europea\">Read more<\/a><\/p>\n","protected":false},"author":7,"featured_media":2650,"comment_status":"open","ping_status":"","sticky":false,"template":"","format":"standard","meta":{"footnotes":""},"categories":[5],"tags":[],"class_list":["post-2649","post","type-post","status-publish","format-standard","has-post-thumbnail","hentry","category-actualidad","resize-featured-image"],"_links":{"self":[{"href":"https:\/\/okdiario.com\/techy\/wp-json\/wp\/v2\/posts\/2649","targetHints":{"allow":["GET"]}}],"collection":[{"href":"https:\/\/okdiario.com\/techy\/wp-json\/wp\/v2\/posts"}],"about":[{"href":"https:\/\/okdiario.com\/techy\/wp-json\/wp\/v2\/types\/post"}],"author":[{"embeddable":true,"href":"https:\/\/okdiario.com\/techy\/wp-json\/wp\/v2\/users\/7"}],"replies":[{"embeddable":true,"href":"https:\/\/okdiario.com\/techy\/wp-json\/wp\/v2\/comments?post=2649"}],"version-history":[{"count":1,"href":"https:\/\/okdiario.com\/techy\/wp-json\/wp\/v2\/posts\/2649\/revisions"}],"predecessor-version":[{"id":2651,"href":"https:\/\/okdiario.com\/techy\/wp-json\/wp\/v2\/posts\/2649\/revisions\/2651"}],"wp:featuredmedia":[{"embeddable":true,"href":"https:\/\/okdiario.com\/techy\/wp-json\/wp\/v2\/media\/2650"}],"wp:attachment":[{"href":"https:\/\/okdiario.com\/techy\/wp-json\/wp\/v2\/media?parent=2649"}],"wp:term":[{"taxonomy":"category","embeddable":true,"href":"https:\/\/okdiario.com\/techy\/wp-json\/wp\/v2\/categories?post=2649"},{"taxonomy":"post_tag","embeddable":true,"href":"https:\/\/okdiario.com\/techy\/wp-json\/wp\/v2\/tags?post=2649"}],"curies":[{"name":"wp","href":"https:\/\/api.w.org\/{rel}","templated":true}]}}