{"id":2646,"date":"2026-03-24T18:54:00","date_gmt":"2026-03-24T17:54:00","guid":{"rendered":"https:\/\/techy44.okdiario.com\/?p=2646"},"modified":"2026-03-23T17:09:16","modified_gmt":"2026-03-23T16:09:16","slug":"la-ue-lo-acaba-de-hacer-obligatorio-y-ya-esta-pensando-en-su-fin-el-usb-c-podria-tener-los-dias-contados-y-su-sustituto-es-mucho-mas-practico","status":"publish","type":"post","link":"https:\/\/okdiario.com\/techy\/la-ue-lo-acaba-de-hacer-obligatorio-y-ya-esta-pensando-en-su-fin-el-usb-c-podria-tener-los-dias-contados-y-su-sustituto-es-mucho-mas-practico\/2646\/","title":{"rendered":"La UE lo acaba de hacer obligatorio y ya est\u00e1 pensando en su fin: el USB-C podr\u00eda tener los d\u00edas contados y su sustituto es mucho m\u00e1s pr\u00e1ctico"},"content":{"rendered":"\n<p>El USB-C acaba de asentarse en Europa, pero Bruselas ya mira un poco m\u00e1s lejos. \u00bfSe acaba el cable justo cuando por fin se ha convertido en norma? No del todo, aunque la UE s\u00ed ha dejado abierta una v\u00eda legal para m\u00f3viles que se carguen solo sin cables.<\/p>\n\n\n\n<div class=\"gb-element-a00da4e5\">\n<div><div class=\"gb-looper-46613eed\">\n<div class=\"gb-loop-item gb-loop-item-a8390598 post-2589 post type-post status-publish format-standard has-post-thumbnail hentry category-dispositivos resize-featured-image\">\n<h4 class=\"gb-text gb-text-24a51617\">Lea tambi\u00e9n: <a href=\"https:\/\/okdiario.com\/techy\/fue-lo-mas-usado-en-los-anos-2000-pero-ahora-tiene-los-dias-contados-el-sustituto-del-pendrive-ya-esta-aqui-y-tiene-8000-gb-de-almacenamiento\/2589\/\">Fue lo m\u00e1s usado en los a\u00f1os 2000 pero ahora tiene los d\u00edas contados: el sustituto del pendrive ya est\u00e1 aqu\u00ed y tiene 8000 GB de almacenamiento<\/a><\/h4>\n<\/div>\n<\/div><\/div>\n<\/div>\n\n\n\n<p>La clave est\u00e1 en un matiz importante. La Directiva 2022\/2380 obliga al USB-C cuando un dispositivo admite carga por cable, pero la gu\u00eda oficial de interpretaci\u00f3n aclara que un equipo que solo se recarga de forma inal\u00e1mbrica puede venderse sin ese puerto. En otras palabras, el USB-C sigue siendo el est\u00e1ndar del presente, aunque ya no parece el destino final.<\/p>\n\n\n\n<h2 class=\"wp-block-heading\">C\u00f3mo encaja el m\u00f3vil sin puerto en la ley europea<\/h2>\n\n\n\n<p>El <a href=\"https:\/\/www.europarl.europa.eu\/news\/en\/press-room\/20220930IPR41928\/long-awaited-common-charger-for-mobile-devices-will-be-a-reality-in-2024\" target=\"_blank\" rel=\"noopener\">Parlamento Europeo<\/a> aprob\u00f3 la norma en octubre de 2022 y las reglas se aplican desde el 28 de diciembre de 2024 a m\u00f3viles, tabletas, c\u00e1maras, auriculares y otros aparatos. Los port\u00e1tiles se suman el 28 de abril de 2026. La idea era simple y bastante \u00fatil, usar un solo cargador para reducir el l\u00edo en casa y recortar residuos.<\/p>\n\n\n\n<div class=\"gb-element-8626be77\">\n<div><div class=\"gb-looper-8fc233bd\">\n<div class=\"gb-loop-item gb-loop-item-011dd9d8 post-2586 post type-post status-publish format-standard has-post-thumbnail hentry category-actualidad resize-featured-image\">\n<h4 class=\"gb-text gb-text-1da306bd\">Lea tambi\u00e9n: <a href=\"https:\/\/okdiario.com\/techy\/el-plan-de-elon-musk-con-starlink-es-mucho-mas-que-ofrecer-internet-ahora-quiere-crear-una-plataforma-digital-para-procesar-datos-en-orbita\/2586\/\">El plan de Elon Musk con Starlink es mucho m\u00e1s que ofrecer internet: ahora quiere crear una plataforma digital para procesar datos en \u00f3rbita<\/a><\/h4>\n<\/div>\n<\/div><\/div>\n<\/div>\n\n\n\n<p>Pero el detalle decisivo lleg\u00f3 despu\u00e9s. En la gu\u00eda publicada en 2024, la Comisi\u00f3n responde con un claro \u00abS\u00ed\u00bb a la pregunta de si un dispositivo que solo puede cargarse de forma inal\u00e1mbrica puede comercializarse sin la soluci\u00f3n armonizada por cable. Ese matiz no borra el USB-C de un plumazo, pero s\u00ed convierte al puerto en una etapa de transici\u00f3n m\u00e1s que en el final del camino.<\/p>\n\n\n\n<h2 class=\"wp-block-heading\">Por qu\u00e9 Bruselas tambi\u00e9n mira la carga inal\u00e1mbrica<\/h2>\n\n\n\n<p>La propia ley ya dejaba preparada esa evoluci\u00f3n. El texto dice que en el futuro debe estudiarse la armonizaci\u00f3n de sistemas distintos de la carga por cable, incluida la carga inal\u00e1mbrica. Armonizar, en este caso, significa evitar que cada marca empuje su propio sistema y el usuario vuelva al mismo caos de siempre.<\/p>\n\n\n\n<div class=\"gb-element-db249eb0\">\n<div><div class=\"gb-looper-9e71ad60\">\n<div class=\"gb-loop-item gb-loop-item-53c0f4a3 post-2586 post type-post status-publish format-standard has-post-thumbnail hentry category-actualidad resize-featured-image\">\n<h4 class=\"gb-text gb-text-7ad37597\">Lea tambi\u00e9n: <a href=\"https:\/\/okdiario.com\/techy\/el-plan-de-elon-musk-con-starlink-es-mucho-mas-que-ofrecer-internet-ahora-quiere-crear-una-plataforma-digital-para-procesar-datos-en-orbita\/2586\/\">El plan de Elon Musk con Starlink es mucho m\u00e1s que ofrecer internet: ahora quiere crear una plataforma digital para procesar datos en \u00f3rbita<\/a><\/h4>\n<\/div>\n<\/div><\/div>\n<\/div>\n\n\n\n<p>Ese trabajo ya est\u00e1 en marcha. En la p\u00e1gina oficial sobre la soluci\u00f3n de carga com\u00fan, la Comisi\u00f3n Europea explica que la carga inal\u00e1mbrica todav\u00eda est\u00e1 madurando y que por eso no ha impuesto requisitos obligatorios inmediatos. Aun as\u00ed, el <a href=\"https:\/\/op.europa.eu\/en\/publication-detail\/-\/publication\/57d56504-26df-11ef-a195-01aa75ed71a1\/language-en\" target=\"_blank\" rel=\"noopener\">estudio<\/a> de 2024 sobre carga inal\u00e1mbrica, firmado por la Direcci\u00f3n General de Mercado Interior de la Comisi\u00f3n Europea y KPMG, concluye que Qi domina en m\u00f3viles, pero siguen pesando los problemas de eficiencia energ\u00e9tica, velocidad, alineaci\u00f3n e interoperabilidad. El 26 de febrero de 2025, adem\u00e1s, la Comisi\u00f3n lanz\u00f3 el mandato M\/607 para que los organismos europeos de normalizaci\u00f3n trabajen en una soluci\u00f3n armonizada.<\/p>\n\n\n\n<h2 class=\"wp-block-heading\">Qu\u00e9 cambia para usuarios y fabricantes<\/h2>\n\n\n\n<p>De momento, el USB-C sigue siendo la pieza central del sistema europeo. La Comisi\u00f3n calcula que estas reglas pueden ahorrar al menos 250 millones de euros al a\u00f1o a los consumidores y reducir casi mil toneladas de residuos electr\u00f3nicos, en un mercado donde los cargadores tirados o sin usar suman unas 11.000 toneladas anuales. Es el cl\u00e1sico caj\u00f3n lleno de cables, pero convertido en pol\u00edtica industrial.<\/p>\n\n\n\n<div class=\"gb-element-1b3ee58f\">\n<div><div class=\"gb-looper-3b78cef2\">\n<div class=\"gb-loop-item gb-loop-item-538ddedf post-2609 post type-post status-publish format-standard has-post-thumbnail hentry category-dispositivos resize-featured-image\">\n<h4 class=\"gb-text gb-text-77eed168\">Lea tambi\u00e9n: <a href=\"https:\/\/okdiario.com\/techy\/las-gafas-inteligentes-son-cada-vez-mas-comunes-y-hay-un-truco-infalible-para-saber-si-te-estan-grabando-con-ellas\/2609\/\">Las gafas inteligentes son cada vez m\u00e1s comunes y hay un truco infalible para saber si te est\u00e1n grabando con ellas<\/a><\/h4>\n<\/div>\n<\/div><\/div>\n<\/div>\n\n\n\n<p>Si los <a href=\"https:\/\/okdiario.com\/techy\/mueren-los-android-baratos-de-100-dolares-idc-avisa-de-la-mayor-caida-historica-del-mercado-de-moviles-en-2026-envios-129-hasta-112-mil-millones-y-precio-medio-record-523-dolares-todo-por-la-gue\/2146\/\">m\u00f3viles<\/a> sin puerto terminan llegando, la rutina de carga cambiar\u00e1 bastante. El tel\u00e9fono depender\u00e1 m\u00e1s de bases y superficies compatibles que de un cable, y ah\u00ed la promesa suena c\u00f3moda. Pero hay una pega muy terrenal. El estudio t\u00e9cnico de la UE avisa de que la carga inal\u00e1mbrica todav\u00eda pierde m\u00e1s energ\u00eda, exige colocar bien el dispositivo y no ofrece el mismo rendimiento en todos los casos.<\/p>\n\n\n\n<p>La informaci\u00f3n oficial sobre la soluci\u00f3n de carga com\u00fan se ha publicado en la<em> <a href=\"https:\/\/single-market-economy.ec.europa.eu\/sectors\/electrical-and-electronic-engineering-industries-eei\/radio-equipment-directive-red\/one-common-charging-solution-all_en\" target=\"_blank\" rel=\"noopener\">Comisi\u00f3n Europea<\/a><\/em>.<\/p>\n","protected":false},"excerpt":{"rendered":"<p>El USB-C acaba de asentarse en Europa, pero Bruselas ya mira un poco m\u00e1s lejos. \u00bfSe acaba el cable justo &#8230; <\/p>\n<p class=\"read-more-container\"><a title=\"La UE lo acaba de hacer obligatorio y ya est\u00e1 pensando en su fin: el USB-C podr\u00eda tener los d\u00edas contados y su sustituto es mucho m\u00e1s pr\u00e1ctico\" class=\"read-more button\" href=\"https:\/\/okdiario.com\/techy\/la-ue-lo-acaba-de-hacer-obligatorio-y-ya-esta-pensando-en-su-fin-el-usb-c-podria-tener-los-dias-contados-y-su-sustituto-es-mucho-mas-practico\/2646\/#more-2646\" aria-label=\"Leer m\u00e1s sobre La UE lo acaba de hacer obligatorio y ya est\u00e1 pensando en su fin: el USB-C podr\u00eda tener los d\u00edas contados y su sustituto es mucho m\u00e1s pr\u00e1ctico\">Read more<\/a><\/p>\n","protected":false},"author":3,"featured_media":2647,"comment_status":"open","ping_status":"","sticky":false,"template":"","format":"standard","meta":{"footnotes":""},"categories":[4],"tags":[],"class_list":["post-2646","post","type-post","status-publish","format-standard","has-post-thumbnail","hentry","category-dispositivos","resize-featured-image"],"_links":{"self":[{"href":"https:\/\/okdiario.com\/techy\/wp-json\/wp\/v2\/posts\/2646","targetHints":{"allow":["GET"]}}],"collection":[{"href":"https:\/\/okdiario.com\/techy\/wp-json\/wp\/v2\/posts"}],"about":[{"href":"https:\/\/okdiario.com\/techy\/wp-json\/wp\/v2\/types\/post"}],"author":[{"embeddable":true,"href":"https:\/\/okdiario.com\/techy\/wp-json\/wp\/v2\/users\/3"}],"replies":[{"embeddable":true,"href":"https:\/\/okdiario.com\/techy\/wp-json\/wp\/v2\/comments?post=2646"}],"version-history":[{"count":2,"href":"https:\/\/okdiario.com\/techy\/wp-json\/wp\/v2\/posts\/2646\/revisions"}],"predecessor-version":[{"id":2653,"href":"https:\/\/okdiario.com\/techy\/wp-json\/wp\/v2\/posts\/2646\/revisions\/2653"}],"wp:featuredmedia":[{"embeddable":true,"href":"https:\/\/okdiario.com\/techy\/wp-json\/wp\/v2\/media\/2647"}],"wp:attachment":[{"href":"https:\/\/okdiario.com\/techy\/wp-json\/wp\/v2\/media?parent=2646"}],"wp:term":[{"taxonomy":"category","embeddable":true,"href":"https:\/\/okdiario.com\/techy\/wp-json\/wp\/v2\/categories?post=2646"},{"taxonomy":"post_tag","embeddable":true,"href":"https:\/\/okdiario.com\/techy\/wp-json\/wp\/v2\/tags?post=2646"}],"curies":[{"name":"wp","href":"https:\/\/api.w.org\/{rel}","templated":true}]}}