{"id":2640,"date":"2026-03-24T12:34:00","date_gmt":"2026-03-24T11:34:00","guid":{"rendered":"https:\/\/techy44.okdiario.com\/?p=2640"},"modified":"2026-03-23T13:48:56","modified_gmt":"2026-03-23T12:48:56","slug":"parece-igual-pero-el-iphone-18-pro-va-a-marcar-un-punto-de-inflexion-en-apple-tecnologia-clase-y-personalidad","status":"publish","type":"post","link":"https:\/\/okdiario.com\/techy\/parece-igual-pero-el-iphone-18-pro-va-a-marcar-un-punto-de-inflexion-en-apple-tecnologia-clase-y-personalidad\/2640\/","title":{"rendered":"Parece igual pero el iPhone 18 Pro va a marcar un punto de inflexi\u00f3n en Apple: tecnolog\u00eda, clase y personalidad"},"content":{"rendered":"\n<p>\u00bfUn iPhone Pro rojo desde el primer d\u00eda? Eso es lo que apuntan las filtraciones m\u00e1s s\u00f3lidas sobre el iPhone 18 Pro Max. Si se confirma, Apple cambiar\u00eda una costumbre muy visible en su gama m\u00e1s cara, donde el color suele medirse con la misma calma que la c\u00e1mara o el dise\u00f1o.<\/p>\n\n\n\n<div class=\"gb-element-a00da4e5\">\n<div><div class=\"gb-looper-46613eed\">\n<div class=\"gb-loop-item gb-loop-item-a8390598 post-2598 post type-post status-publish format-standard has-post-thumbnail hentry category-ciberseguridad resize-featured-image\">\n<h4 class=\"gb-text gb-text-24a51617\">Lea tambi\u00e9n: <a href=\"https:\/\/okdiario.com\/techy\/francia-va-a-conquistar-europa-con-skydefender-el-sistema-capaz-de-detectar-misiles-a-5-000-km-de-distancia-y-con-capacidad-para-responder-en-segundos\/2598\/\">Francia va a conquistar Europa con SkyDefender, el sistema capaz de detectar misiles a 5.000 km de distancia y con capacidad para responder en \u00absegundos\u00bb<\/a><\/h4>\n<\/div>\n<\/div><\/div>\n<\/div>\n\n\n\n<p>La pista no importa solo por est\u00e9tica. Durante a\u00f1os, el rojo qued\u00f3 reservado a modelos est\u00e1ndar o a ediciones lanzadas meses despu\u00e9s, as\u00ed que un Pro en ese tono ser\u00eda una se\u00f1al de que la marca quiere darle a su l\u00ednea premium una personalidad m\u00e1s llamativa sin dejar de venderla como exclusiva.<\/p>\n\n\n\n<h2 class=\"wp-block-heading\">Por qu\u00e9 ser\u00eda una novedad real<\/h2>\n\n\n\n<p>Apple llev\u00f3 el rojo al <a href=\"https:\/\/www.apple.com\/newsroom\/2017\/03\/apple-introduces-iphone-7-and-iphone-7-plus-productred-special-edition\/\" target=\"_blank\" rel=\"noopener\">iPhone 7<\/a> y al iPhone 8, pero lo hizo con ediciones especiales anunciadas el 21 de marzo de 2017 y el 9 de abril de 2018, bastante despu\u00e9s de los lanzamientos de oto\u00f1o. Era una forma de refrescar el cat\u00e1logo sin tocar por dentro el tel\u00e9fono.<\/p>\n\n\n\n<div class=\"gb-element-57c14a65\">\n<div><div class=\"gb-looper-1aacdecb\">\n<div class=\"gb-loop-item gb-loop-item-587a75af post-2612 post type-post status-publish format-standard has-post-thumbnail hentry category-ciberseguridad resize-featured-image\">\n<h4 class=\"gb-text gb-text-8353dfee\">Lea tambi\u00e9n: <a href=\"https:\/\/okdiario.com\/techy\/el-escenario-que-esta-preocupando-a-los-expertos-el-sistema-chino-beidou-podria-guiar-los-misiles-de-iran-para-llevarlos-a-puntos-exactos\/2612\/\">El escenario que est\u00e1 preocupando a los expertos: el sistema chino BeiDou podr\u00eda guiar los misiles de Ir\u00e1n para llevarlos a puntos exactos<\/a><\/h4>\n<\/div>\n<\/div><\/div>\n<\/div>\n\n\n\n<p>Despu\u00e9s llegaron modelos como el iPhone XR y el iPhone 14 con rojo desde el arranque, pero la gama m\u00e1s alta sigui\u00f3 otro camino. El iPhone XS sali\u00f3 en gris espacial, plata y oro, y el <a href=\"https:\/\/www.apple.com\/newsroom\/2022\/09\/apple-debuts-iphone-14-pro-and-iphone-14-pro-max\/\" target=\"_blank\" rel=\"noopener\">iPhone 14 Pro<\/a> apost\u00f3 por negro espacial, plata, oro y morado oscuro. Nada de rojo.<\/p>\n\n\n\n<h2 class=\"wp-block-heading\">Qu\u00e9 se sabe del posible nuevo acabado<\/h2>\n\n\n\n<p>La informaci\u00f3n m\u00e1s citada la firma Mark Gurman, que adelanta que Apple est\u00e1 probando un \u00abrojo oscuro\u00bb para el iPhone 18 Pro y el iPhone 18 Pro Max. Ojo, sigue siendo una filtraci\u00f3n, no un anuncio oficial. Pero, si termina llegando a tiendas, ser\u00eda la primera vez que un modelo Pro se venda en rojo desde el lanzamiento.<\/p>\n\n\n\n<div class=\"gb-element-7bfb106e\">\n<div><div class=\"gb-looper-97ce3be9\">\n<div class=\"gb-loop-item gb-loop-item-9416cb13 post-2606 post type-post status-publish format-standard has-post-thumbnail hentry category-militar resize-featured-image\">\n<h4 class=\"gb-text gb-text-4bf7e3e1\">Lea tambi\u00e9n: <a href=\"https:\/\/okdiario.com\/techy\/llega-el-f-35-lightning-ii-el-mega-avion-que-redefine-las-guerras-aereas-porque-es-capaz-de-absorber-las-senales-de-radar-para-no-ser-detectado\/2606\/\">Llega el F-35 Lightning II, el mega avi\u00f3n que redefine las guerras a\u00e9reas porque es capaz de absorber las se\u00f1ales de radar para no ser detectado<\/a><\/h4>\n<\/div>\n<\/div><\/div>\n<\/div>\n\n\n\n<p>El rumor gana fuerza por el contexto. <a href=\"https:\/\/okdiario.com\/techy\/adios-a-moviles-militares-y-hola-a-apple-en-salas-sensibles-iphone-y-ipad-con-ios-26-ya-pueden-manejar-informacion-nato-restricted-y-es-un-bombazo-alemania-evaluo-la-seguridad-y-ah\/2109\/\">Apple<\/a> ya rompi\u00f3 parte de su prudencia habitual en septiembre de 2025, cuando present\u00f3 el iPhone 17 Pro en \u00abnaranja c\u00f3smico\u00bb, junto a azul oscuro y plata. Aquello dej\u00f3 claro que la l\u00ednea Pro ya no est\u00e1 atada solo a tonos discretos.<\/p>\n\n\n\n<h2 class=\"wp-block-heading\">Lo que Apple se juega con este cambio<\/h2>\n\n\n\n<p>En un mercado donde muchos m\u00f3viles premium se parecen a primera vista, el color tambi\u00e9n sirve para colocar un producto en la cabeza del comprador. En la pr\u00e1ctica, eso significa que un rojo profundo puede vender exclusividad y car\u00e1cter a la vez, algo que antes Apple reservaba m\u00e1s a menudo para sus iPhone no Pro.<\/p>\n\n\n\n<div class=\"gb-element-4e641a25\">\n<div><div class=\"gb-looper-f97bdddb\">\n<div class=\"gb-loop-item gb-loop-item-f0ba414b post-2586 post type-post status-publish format-standard has-post-thumbnail hentry category-actualidad resize-featured-image\">\n<h4 class=\"gb-text gb-text-970da621\">Lea tambi\u00e9n: <a href=\"https:\/\/okdiario.com\/techy\/el-plan-de-elon-musk-con-starlink-es-mucho-mas-que-ofrecer-internet-ahora-quiere-crear-una-plataforma-digital-para-procesar-datos-en-orbita\/2586\/\">El plan de Elon Musk con Starlink es mucho m\u00e1s que ofrecer internet: ahora quiere crear una plataforma digital para procesar datos en \u00f3rbita<\/a><\/h4>\n<\/div>\n<\/div><\/div>\n<\/div>\n\n\n\n<p>Tambi\u00e9n hay una lectura de estrategia. Apple ha ido alternando acabados distintivos en sus m\u00f3viles m\u00e1s caros, desde el verde medianoche del iPhone 11 Pro hasta el morado del iPhone 14 Pro, el titanio natural del iPhone 15 Pro y el naranja c\u00f3smico del iPhone 17 Pro. Si el rojo reemplaza al naranja este a\u00f1o, el mensaje ser\u00eda bastante claro. La gama Pro ya no necesitar\u00eda ser sobria para parecer seria.<\/p>\n\n\n\n<p>La informaci\u00f3n principal se ha publicado en la newsletter <a href=\"https:\/\/www.bloomberg.com\/news\/newsletters\/2026-02-22\/apple-s-ai-wearables-push-what-to-expect-from-march-4-low-end-macbook-launch\" target=\"_blank\" rel=\"noopener\"><em>Power On de Bloomberg<\/em><\/a>.&nbsp;<\/p>\n","protected":false},"excerpt":{"rendered":"<p>\u00bfUn iPhone Pro rojo desde el primer d\u00eda? Eso es lo que apuntan las filtraciones m\u00e1s s\u00f3lidas sobre el iPhone &#8230; <\/p>\n<p class=\"read-more-container\"><a title=\"Parece igual pero el iPhone 18 Pro va a marcar un punto de inflexi\u00f3n en Apple: tecnolog\u00eda, clase y personalidad\" class=\"read-more button\" href=\"https:\/\/okdiario.com\/techy\/parece-igual-pero-el-iphone-18-pro-va-a-marcar-un-punto-de-inflexion-en-apple-tecnologia-clase-y-personalidad\/2640\/#more-2640\" aria-label=\"Leer m\u00e1s sobre Parece igual pero el iPhone 18 Pro va a marcar un punto de inflexi\u00f3n en Apple: tecnolog\u00eda, clase y personalidad\">Read more<\/a><\/p>\n","protected":false},"author":7,"featured_media":2641,"comment_status":"open","ping_status":"","sticky":false,"template":"","format":"standard","meta":{"footnotes":""},"categories":[4],"tags":[],"class_list":["post-2640","post","type-post","status-publish","format-standard","has-post-thumbnail","hentry","category-dispositivos","resize-featured-image"],"_links":{"self":[{"href":"https:\/\/okdiario.com\/techy\/wp-json\/wp\/v2\/posts\/2640","targetHints":{"allow":["GET"]}}],"collection":[{"href":"https:\/\/okdiario.com\/techy\/wp-json\/wp\/v2\/posts"}],"about":[{"href":"https:\/\/okdiario.com\/techy\/wp-json\/wp\/v2\/types\/post"}],"author":[{"embeddable":true,"href":"https:\/\/okdiario.com\/techy\/wp-json\/wp\/v2\/users\/7"}],"replies":[{"embeddable":true,"href":"https:\/\/okdiario.com\/techy\/wp-json\/wp\/v2\/comments?post=2640"}],"version-history":[{"count":1,"href":"https:\/\/okdiario.com\/techy\/wp-json\/wp\/v2\/posts\/2640\/revisions"}],"predecessor-version":[{"id":2642,"href":"https:\/\/okdiario.com\/techy\/wp-json\/wp\/v2\/posts\/2640\/revisions\/2642"}],"wp:featuredmedia":[{"embeddable":true,"href":"https:\/\/okdiario.com\/techy\/wp-json\/wp\/v2\/media\/2641"}],"wp:attachment":[{"href":"https:\/\/okdiario.com\/techy\/wp-json\/wp\/v2\/media?parent=2640"}],"wp:term":[{"taxonomy":"category","embeddable":true,"href":"https:\/\/okdiario.com\/techy\/wp-json\/wp\/v2\/categories?post=2640"},{"taxonomy":"post_tag","embeddable":true,"href":"https:\/\/okdiario.com\/techy\/wp-json\/wp\/v2\/tags?post=2640"}],"curies":[{"name":"wp","href":"https:\/\/api.w.org\/{rel}","templated":true}]}}