{"id":2633,"date":"2026-03-24T08:01:00","date_gmt":"2026-03-24T07:01:00","guid":{"rendered":"https:\/\/techy44.okdiario.com\/?p=2633"},"modified":"2026-03-23T13:43:01","modified_gmt":"2026-03-23T12:43:01","slug":"aprisco-esta-buscando-con-urgencia-un-terreno-de-100-000-m2-en-asturias-para-instalar-el-gran-almacen-de-ia-que-va-a-crear-700-empleos-en-la-region","status":"publish","type":"post","link":"https:\/\/okdiario.com\/techy\/aprisco-esta-buscando-con-urgencia-un-terreno-de-100-000-m2-en-asturias-para-instalar-el-gran-almacen-de-ia-que-va-a-crear-700-empleos-en-la-region\/2633\/","title":{"rendered":"Aprisco est\u00e1 buscando con urgencia un terreno de 100.000 m2 en Asturias para instalar el gran almac\u00e9n de IA que va a crear 700 empleos en la regi\u00f3n"},"content":{"rendered":"\n<p>No es un solar cualquiera. A mediados de marzo de 2026, Asturias estudia la posible llegada de un gran centro de datos para inteligencia artificial promovido por Aprisco Group, una operaci\u00f3n que la empresa calcula en 1.000 millones de euros y unos 700 <a href=\"https:\/\/www.datacenterdynamics.com\/es\/noticias\/aprisco-group-tienta-a-asturias-con-un-data-center-y-1000-millones-de-euros-de-inversi%C3%B3n\/\" target=\"_blank\" rel=\"noopener\">empleos<\/a>. Tras la reuni\u00f3n entre el viceconsejero de Industria, Juan Carlos Campo Rodr\u00edguez, y Daniel \u00c1lvarez, el Gobierno asturiano explora posibles ubicaciones, pero el problema es el reloj.<\/p>\n\n\n\n<div class=\"gb-element-a00da4e5\">\n<div><div class=\"gb-looper-46613eed\">\n<div class=\"gb-loop-item gb-loop-item-a8390598 post-2612 post type-post status-publish format-standard has-post-thumbnail hentry category-ciberseguridad resize-featured-image\">\n<h4 class=\"gb-text gb-text-24a51617\">Lea tambi\u00e9n: <a href=\"https:\/\/okdiario.com\/techy\/el-escenario-que-esta-preocupando-a-los-expertos-el-sistema-chino-beidou-podria-guiar-los-misiles-de-iran-para-llevarlos-a-puntos-exactos\/2612\/\">El escenario que est\u00e1 preocupando a los expertos: el sistema chino BeiDou podr\u00eda guiar los misiles de Ir\u00e1n para llevarlos a puntos exactos<\/a><\/h4>\n<\/div>\n<\/div><\/div>\n<\/div>\n\n\n\n<p>La compa\u00f1\u00eda pide 100.000 metros cuadrados de suelo, con 60.000 edificables, acceso a electricidad y gas, buena conectividad y una potencia de unos 100 megavatios. Tambi\u00e9n quiere una ubicaci\u00f3n cerca de Oviedo, Gij\u00f3n y Avil\u00e9s para facilitar la llegada de <a href=\"https:\/\/okdiario.com\/techy\/paco-salcedo-presidente-de-microsoft-antes-contratabamos-a-expertos-en-excel-ahora-contratamos-a-personas-que-saben-utilizar-agentes-de-ia\/2327\/\">t\u00e9cnicos<\/a> y personal especializado, y ha advertido de que, si no ve avances en alrededor de una semana, mirar\u00e1 hacia Galicia o Cantabria.<\/p>\n\n\n\n<h2 class=\"wp-block-heading\">Qu\u00e9 quiere levantar Aprisco<\/h2>\n\n\n\n<p>Un centro de datos es, en pocas palabras, un edificio lleno de <a href=\"https:\/\/okdiario.com\/techy\/spacex-solicita-permiso-para-poner-en-orbita-hasta-un-millon-de-satelites-como-centros-de-datos-y-saltan-chispas-gartner-y-altman-lo-califican-de-locura-y-se-acerca-la-fecha-limite-para-que-la-fcc\/2318\/\">servidores<\/a>, que son ordenadores dedicados a guardar, procesar y mover informaci\u00f3n. Con la IA, estas instalaciones ganan peso porque los sistemas tienen que manejar cantidades enormes de datos y hacerlo sin cortes, con mucha energ\u00eda, buena refrigeraci\u00f3n y conexiones fiables. No suena muy glamuroso, pero ah\u00ed se cocina buena parte de la econom\u00eda digital.<\/p>\n\n\n\n<div class=\"gb-element-677b2c5c\">\n<div><div class=\"gb-looper-7784639f\">\n<div class=\"gb-loop-item gb-loop-item-1a61a791 post-2609 post type-post status-publish format-standard has-post-thumbnail hentry category-dispositivos resize-featured-image\">\n<h4 class=\"gb-text gb-text-820f87e4\">Lea tambi\u00e9n: <a href=\"https:\/\/okdiario.com\/techy\/las-gafas-inteligentes-son-cada-vez-mas-comunes-y-hay-un-truco-infalible-para-saber-si-te-estan-grabando-con-ellas\/2609\/\">Las gafas inteligentes son cada vez m\u00e1s comunes y hay un truco infalible para saber si te est\u00e1n grabando con ellas<\/a><\/h4>\n<\/div>\n<\/div><\/div>\n<\/div>\n\n\n\n<p><a href=\"https:\/\/www.apriscogroup.com\/es\/projects\" target=\"_blank\" rel=\"noopener\">Aprisco Group<\/a> se presenta como una firma con sede en Barcelona centrada en ingenier\u00eda y energ\u00edas renovables, y en su web incluye una unidad espec\u00edfica llamada Aprisco Digital Centers. Seg\u00fan el plan trasladado al Principado, el nodo asturiano formar\u00eda parte de una red con otros proyectos en Granada, Girona y Madrid, adem\u00e1s de una iniciativa en Portugal prevista para arrancar el pr\u00f3ximo a\u00f1o. Eso da una pista de la escala que busca la empresa.<\/p>\n\n\n\n<h2 class=\"wp-block-heading\">La pieza clave es el tiempo<\/h2>\n\n\n\n<p>Daniel \u00c1lvarez, director ejecutivo de la compa\u00f1\u00eda, fue directo al hablar del calendario y resumi\u00f3 la situaci\u00f3n con un \u00abTenemos prisa\u00bb. La empresa cree que Asturias tiene valor log\u00edstico por su posici\u00f3n en el norte y por su cercan\u00eda a los grandes n\u00facleos urbanos, pero no piensa esperar demasiado antes de activar otras opciones. En este tipo de inversiones, una semana puede pesar mucho.<\/p>\n\n\n\n<div class=\"gb-element-4d6951b4\">\n<div><div class=\"gb-looper-6ee56a00\">\n<div class=\"gb-loop-item gb-loop-item-06bdc386 post-2606 post type-post status-publish format-standard has-post-thumbnail hentry category-militar resize-featured-image\">\n<h4 class=\"gb-text gb-text-d51147a1\">Lea tambi\u00e9n: <a href=\"https:\/\/okdiario.com\/techy\/llega-el-f-35-lightning-ii-el-mega-avion-que-redefine-las-guerras-aereas-porque-es-capaz-de-absorber-las-senales-de-radar-para-no-ser-detectado\/2606\/\">Llega el F-35 Lightning II, el mega avi\u00f3n que redefine las guerras a\u00e9reas porque es capaz de absorber las se\u00f1ales de radar para no ser detectado<\/a><\/h4>\n<\/div>\n<\/div><\/div>\n<\/div>\n\n\n\n<p>Por eso Aprisco ha pedido que la inversi\u00f3n se tramite como Proyecto de Inter\u00e9s Estrat\u00e9gico. En la pr\u00e1ctica, esa figura permite dar prioridad y urgencia a los permisos de grandes inversiones que prometen empleo y actividad, con una tramitaci\u00f3n m\u00e1s r\u00e1pida y coordinaci\u00f3n entre administraciones. Asturias ya ha empezado a aplicar esa v\u00eda en otros proyectos, as\u00ed que la petici\u00f3n no llega en un vac\u00edo.<\/p>\n\n\n\n<h2 class=\"wp-block-heading\">Qu\u00e9 gana Asturias y qu\u00e9 obst\u00e1culos hay<\/h2>\n\n\n\n<p>Si sale adelante, el centro de datos de IA reforzar\u00eda un perfil que Asturias intenta construir desde hace tiempo, el de territorio capaz de atraer industria digital y empleo t\u00e9cnico cualificado. La cercan\u00eda a las tres grandes ciudades no es un detalle menor, porque ah\u00ed se concentra buena parte del talento que necesitar\u00edan ingenieros inform\u00e1ticos, personal de mantenimiento y especialistas en operaci\u00f3n. De ah\u00ed que Aprisco mire sobre todo al entorno mejor conectado de la regi\u00f3n.<\/p>\n\n\n\n<div class=\"gb-element-72b5a9f9\">\n<div><div class=\"gb-looper-bdf53e0a\">\n<div class=\"gb-loop-item gb-loop-item-d012a9d0 post-2603 post type-post status-publish format-standard has-post-thumbnail hentry category-juegos resize-featured-image\">\n<h4 class=\"gb-text gb-text-15d01155\">Lea tambi\u00e9n: <a href=\"https:\/\/okdiario.com\/techy\/los-fans-no-dan-credito-pero-nintendo-esta-perdiendo-dinero-cada-vez-que-vende-una-switch-2-y-ya-hablan-de-subidas-de-precios-en-2026\/2603\/\">Los fans no dan cr\u00e9dito pero Nintendo est\u00e1 perdiendo dinero cada vez que vende una Switch 2 y ya hablan de subidas de precios en 2026<\/a><\/h4>\n<\/div>\n<\/div><\/div>\n<\/div>\n\n\n\n<p>Pero el gran filtro sigue siendo el mismo de casi siempre, energ\u00eda disponible y tr\u00e1mites \u00e1giles. La Fundaci\u00f3n Idonial, la Universidad de Oviedo y varias empresas asturianas lanzaron en febrero de 2026 la Misi\u00f3n ASTURIAS Data Center para mejorar la eficiencia de estos complejos y elaborar un inventario de suelos con potencial, una se\u00f1al de que la regi\u00f3n sabe lo que est\u00e1 en juego. En otras palabras, el mapa empieza a dibujarse, pero ahora toca convertirlo en obra real antes de que el proyecto cambie de rumbo.<\/p>\n\n\n\n<p>La informaci\u00f3n oficial sobre el encuentro con la empresa se ha difundido por la <a href=\"https:\/\/es.linkedin.com\/posts\/ciencia-asturias_el-viceconsejero-de-industria-juan-carlos-activity-7437217135715573760-5rkO\" target=\"_blank\" rel=\"noopener\"><em>Consejer\u00eda de Ciencia, Industria y Empleo<\/em><\/a> del Principado de Asturias.<\/p>\n","protected":false},"excerpt":{"rendered":"<p>No es un solar cualquiera. A mediados de marzo de 2026, Asturias estudia la posible llegada de un gran centro &#8230; <\/p>\n<p class=\"read-more-container\"><a title=\"Aprisco est\u00e1 buscando con urgencia un terreno de 100.000 m2 en Asturias para instalar el gran almac\u00e9n de IA que va a crear 700 empleos en la regi\u00f3n\" class=\"read-more button\" href=\"https:\/\/okdiario.com\/techy\/aprisco-esta-buscando-con-urgencia-un-terreno-de-100-000-m2-en-asturias-para-instalar-el-gran-almacen-de-ia-que-va-a-crear-700-empleos-en-la-region\/2633\/#more-2633\" aria-label=\"Leer m\u00e1s sobre Aprisco est\u00e1 buscando con urgencia un terreno de 100.000 m2 en Asturias para instalar el gran almac\u00e9n de IA que va a crear 700 empleos en la regi\u00f3n\">Read more<\/a><\/p>\n","protected":false},"author":7,"featured_media":2634,"comment_status":"open","ping_status":"","sticky":false,"template":"","format":"standard","meta":{"footnotes":""},"categories":[6],"tags":[],"class_list":["post-2633","post","type-post","status-publish","format-standard","has-post-thumbnail","hentry","category-inteligencia-artificial","resize-featured-image"],"_links":{"self":[{"href":"https:\/\/okdiario.com\/techy\/wp-json\/wp\/v2\/posts\/2633","targetHints":{"allow":["GET"]}}],"collection":[{"href":"https:\/\/okdiario.com\/techy\/wp-json\/wp\/v2\/posts"}],"about":[{"href":"https:\/\/okdiario.com\/techy\/wp-json\/wp\/v2\/types\/post"}],"author":[{"embeddable":true,"href":"https:\/\/okdiario.com\/techy\/wp-json\/wp\/v2\/users\/7"}],"replies":[{"embeddable":true,"href":"https:\/\/okdiario.com\/techy\/wp-json\/wp\/v2\/comments?post=2633"}],"version-history":[{"count":1,"href":"https:\/\/okdiario.com\/techy\/wp-json\/wp\/v2\/posts\/2633\/revisions"}],"predecessor-version":[{"id":2635,"href":"https:\/\/okdiario.com\/techy\/wp-json\/wp\/v2\/posts\/2633\/revisions\/2635"}],"wp:featuredmedia":[{"embeddable":true,"href":"https:\/\/okdiario.com\/techy\/wp-json\/wp\/v2\/media\/2634"}],"wp:attachment":[{"href":"https:\/\/okdiario.com\/techy\/wp-json\/wp\/v2\/media?parent=2633"}],"wp:term":[{"taxonomy":"category","embeddable":true,"href":"https:\/\/okdiario.com\/techy\/wp-json\/wp\/v2\/categories?post=2633"},{"taxonomy":"post_tag","embeddable":true,"href":"https:\/\/okdiario.com\/techy\/wp-json\/wp\/v2\/tags?post=2633"}],"curies":[{"name":"wp","href":"https:\/\/api.w.org\/{rel}","templated":true}]}}