{"id":2579,"date":"2026-03-21T18:41:00","date_gmt":"2026-03-21T17:41:00","guid":{"rendered":"https:\/\/techy44.okdiario.com\/?p=2579"},"modified":"2026-03-20T15:33:16","modified_gmt":"2026-03-20T14:33:16","slug":"la-ue-enciende-las-alarmas-en-espana-y-manda-un-aviso-al-gobierno-los-hackeos-se-han-disparado-un-26-en-un-ano","status":"publish","type":"post","link":"https:\/\/okdiario.com\/techy\/la-ue-enciende-las-alarmas-en-espana-y-manda-un-aviso-al-gobierno-los-hackeos-se-han-disparado-un-26-en-un-ano\/2579\/","title":{"rendered":"La UE enciende las alarmas en Espa\u00f1a y manda un aviso al Gobierno: los &#8216;hackeos&#8217; se han disparado un 26% en un a\u00f1o"},"content":{"rendered":"\n<p>Las \u00faltimas filtraciones de datos conocidas en instituciones del Estado han devuelto la ciberseguridad espa\u00f1ola al primer plano. Pero aqu\u00ed hay un matiz clave. Bruselas no abri\u00f3 ahora su expediente por esos hackeos, sino antes, por el retraso de Espa\u00f1a en adaptar la directiva <a href=\"https:\/\/digital-strategy.ec.europa.eu\/en\/policies\/nis2-directive\" target=\"_blank\" rel=\"noopener\">NIS2<\/a> al derecho nacional.<\/p>\n\n\n\n<div class=\"gb-element-a00da4e5\">\n<div><div class=\"gb-looper-46613eed\">\n<div class=\"gb-loop-item gb-loop-item-a8390598 post-2548 post type-post status-publish format-standard has-post-thumbnail hentry category-inteligencia-artificial resize-featured-image\">\n<h4 class=\"gb-text gb-text-24a51617\">Lea tambi\u00e9n: <a href=\"https:\/\/okdiario.com\/techy\/un-estudio-confirma-que-la-ia-esta-haciendo-que-los-trabajadores-brillantes-tengan-el-cerebro-frito-y-que-las-ganas-de-irse-de-la-empresa-aumenten-un-10\/2548\/\">Un estudio confirma que la IA est\u00e1 haciendo que los trabajadores brillantes tengan el \u00abcerebro frito\u00bb y que las ganas de irse de la empresa aumenten un 10%<\/a><\/h4>\n<\/div>\n<\/div><\/div>\n<\/div>\n\n\n\n<p>\u00bfPor qu\u00e9 importa tanto un retraso legal que suena a letra peque\u00f1a? Porque esa norma obliga a sectores cr\u00edticos y a parte de la Administraci\u00f3n a reforzar defensas, evaluar riesgos y avisar r\u00e1pido cuando hay incidentes graves. El plazo europeo venci\u00f3 el 17 de octubre de 2024 y la Comisi\u00f3n Europea ya hab\u00eda enviado a Espa\u00f1a una carta de emplazamiento y, despu\u00e9s, un dictamen motivado.<\/p>\n\n\n\n<h2 class=\"wp-block-heading\">Qu\u00e9 es la NIS2 y qu\u00e9 cambia de verdad<\/h2>\n\n\n\n<p>Para entender el choque, conviene bajar la teor\u00eda al suelo. La NIS2 es el gran marco europeo de ciberseguridad para servicios esenciales y sectores cr\u00edticos, desde salud y energ\u00eda hasta servicios digitales y administraciones p\u00fablicas. No es un antivirus m\u00e1gico, pero s\u00ed una red m\u00ednima de reglas para prevenir fallos y reaccionar antes cuando hay problemas.<\/p>\n\n\n\n<div class=\"gb-element-ca40fb0c\">\n<div><div class=\"gb-looper-70b0028e\">\n<div class=\"gb-loop-item gb-loop-item-50f85d61 post-2535 post type-post status-publish format-standard has-post-thumbnail hentry category-dispositivos resize-featured-image\">\n<h4 class=\"gb-text gb-text-38ea8dba\">Lea tambi\u00e9n: <a href=\"https:\/\/okdiario.com\/techy\/se-filtran-los-colores-del-nuevo-iphone-18-y-no-nos-pueden-gustar-mas-porque-nunca-habiamos-visto-nada-igual-de-marron-a-burdeos\/2535\/\">Se filtran los colores del nuevo iPhone 18 y no nos pueden gustar m\u00e1s porque nunca hab\u00edamos visto nada igual: de marr\u00f3n a burdeos<\/a><\/h4>\n<\/div>\n<\/div><\/div>\n<\/div>\n\n\n\n<p>Tampoco sirve para explicar por s\u00ed sola cualquier incidente reciente. El propio texto europeo incluye a la administraci\u00f3n p\u00fablica, pero deja fuera actividades ligadas de forma predominante a seguridad nacional, defensa y fuerzas de seguridad. En otras palabras, el retraso espa\u00f1ol pesa, aunque no todos los casos recientes encajan autom\u00e1ticamente en la misma casilla.<\/p>\n\n\n\n<h2 class=\"wp-block-heading\">El expediente europeo ya estaba abierto<\/h2>\n\n\n\n<p>La Comisi\u00f3n movi\u00f3 ficha el 28 de noviembre de 2024, cuando abri\u00f3 procedimientos de infracci\u00f3n contra 23 Estados por no trasponer por completo la directiva. El 7 de mayo de 2025 fue un paso m\u00e1s all\u00e1 y envi\u00f3 a Espa\u00f1a un dictamen motivado, el \u00faltimo aviso antes de una posible llegada al Tribunal de Justicia de la UE.<\/p>\n\n\n\n<div class=\"gb-element-57d09f48\">\n<div><div class=\"gb-looper-926b0153\">\n<div class=\"gb-loop-item gb-loop-item-ecaea0a0 post-2529 post type-post status-publish format-standard has-post-thumbnail hentry category-ciberseguridad resize-featured-image\">\n<h4 class=\"gb-text gb-text-7d7bd954\">Lea tambi\u00e9n: <a href=\"https:\/\/okdiario.com\/techy\/la-ia-va-a-cambiar-el-mundo-tal-y-como-lo-conocemos-pero-no-como-pensabamos-van-a-construir-centros-de-datos-marinos-para-frenar-el-consumo-energetico\/2529\/\">La IA va a cambiar el mundo tal y como lo conocemos pero no como pens\u00e1bamos: van a construir centros de datos marinos para frenar el consumo energ\u00e9tico<\/a><\/h4>\n<\/div>\n<\/div><\/div>\n<\/div>\n\n\n\n<p>En Espa\u00f1a, el Consejo de Ministros aprob\u00f3 el anteproyecto de Ley de Coordinaci\u00f3n y Gobernanza de la Ciberseguridad el 14 de enero de 2025. Fernando Grande-Marlaska defendi\u00f3 entonces que la norma respond\u00eda a una \u00abgrave amenaza\u00bb para redes y sistemas de informaci\u00f3n. Pero documentos oficiales publicados todav\u00eda en enero de 2026 segu\u00edan describiendo ese texto como un anteproyecto \u00ab<a href=\"https:\/\/www.boe.es\/diario_boe\/txt.php?id=BOE-A-2026-511\" target=\"_blank\" rel=\"noopener\">en tramitaci\u00f3n<\/a>\u00ab.<\/p>\n\n\n\n<h2 class=\"wp-block-heading\">Por qu\u00e9 las brechas hacen m\u00e1s ruido ahora<\/h2>\n\n\n\n<p>El contexto no ayuda nada. El balance de 2025 del INCIBE habla de 122.223 incidentes de ciberseguridad, un 26 por ciento m\u00e1s que en 2024, y de 401 incidentes en operadores esenciales e importantes. En t\u00e9rminos simples, una brecha de datos es un acceso no autorizado a informaci\u00f3n personal.<\/p>\n\n\n\n<div class=\"gb-element-c8e6ce25\">\n<div><div class=\"gb-looper-57e6f45f\">\n<div class=\"gb-loop-item gb-loop-item-cb791457 post-2526 post type-post status-publish format-standard has-post-thumbnail hentry category-inteligencia-artificial resize-featured-image\">\n<h4 class=\"gb-text gb-text-ba06effe\">Lea tambi\u00e9n: <a href=\"https:\/\/okdiario.com\/techy\/la-creadora-de-claude-tiene-malas-noticias-para-los-jovenes-y-avisa-de-que-la-ia-podria-hacer-el-94-de-los-trabajos-a-los-que-aspiran\/2526\/\">La creadora de Claude tiene malas noticias para los j\u00f3venes y avisa de que la IA podr\u00eda hacer el 94% de los trabajos a los que aspiran<\/a><\/h4>\n<\/div>\n<\/div><\/div>\n<\/div>\n\n\n\n<p>Adem\u00e1s, la agencia europea ENISA lleva tiempo avisando de que la administraci\u00f3n p\u00fablica es uno de los blancos favoritos en la UE. Su \u00faltimo an\u00e1lisis recuerda que maneja grandes vol\u00famenes de datos sensibles y que una brecha no solo interrumpe servicios, tambi\u00e9n erosiona la confianza p\u00fablica. Por eso el retraso con la NIS2 ya no suena a un atasco burocr\u00e1tico, sino a una debilidad que en Bruselas cuesta cada vez m\u00e1s justificar.<\/p>\n\n\n\n<p>La fuente oficial principal se ha publicado en la <a href=\"https:\/\/digital-strategy.ec.europa.eu\/en\/policies\/nis2-directive-spain\" target=\"_blank\" rel=\"noopener\"><em>Comisi\u00f3n Europea<\/em><\/a>.<\/p>\n","protected":false},"excerpt":{"rendered":"<p>Las \u00faltimas filtraciones de datos conocidas en instituciones del Estado han devuelto la ciberseguridad espa\u00f1ola al primer plano. Pero aqu\u00ed &#8230; <\/p>\n<p class=\"read-more-container\"><a title=\"La UE enciende las alarmas en Espa\u00f1a y manda un aviso al Gobierno: los &#8216;hackeos&#8217; se han disparado un 26% en un a\u00f1o\" class=\"read-more button\" href=\"https:\/\/okdiario.com\/techy\/la-ue-enciende-las-alarmas-en-espana-y-manda-un-aviso-al-gobierno-los-hackeos-se-han-disparado-un-26-en-un-ano\/2579\/#more-2579\" aria-label=\"Leer m\u00e1s sobre La UE enciende las alarmas en Espa\u00f1a y manda un aviso al Gobierno: los &#8216;hackeos&#8217; se han disparado un 26% en un a\u00f1o\">Read more<\/a><\/p>\n","protected":false},"author":3,"featured_media":2580,"comment_status":"open","ping_status":"","sticky":false,"template":"","format":"standard","meta":{"footnotes":""},"categories":[7],"tags":[],"class_list":["post-2579","post","type-post","status-publish","format-standard","has-post-thumbnail","hentry","category-ciberseguridad","resize-featured-image"],"_links":{"self":[{"href":"https:\/\/okdiario.com\/techy\/wp-json\/wp\/v2\/posts\/2579","targetHints":{"allow":["GET"]}}],"collection":[{"href":"https:\/\/okdiario.com\/techy\/wp-json\/wp\/v2\/posts"}],"about":[{"href":"https:\/\/okdiario.com\/techy\/wp-json\/wp\/v2\/types\/post"}],"author":[{"embeddable":true,"href":"https:\/\/okdiario.com\/techy\/wp-json\/wp\/v2\/users\/3"}],"replies":[{"embeddable":true,"href":"https:\/\/okdiario.com\/techy\/wp-json\/wp\/v2\/comments?post=2579"}],"version-history":[{"count":2,"href":"https:\/\/okdiario.com\/techy\/wp-json\/wp\/v2\/posts\/2579\/revisions"}],"predecessor-version":[{"id":2582,"href":"https:\/\/okdiario.com\/techy\/wp-json\/wp\/v2\/posts\/2579\/revisions\/2582"}],"wp:featuredmedia":[{"embeddable":true,"href":"https:\/\/okdiario.com\/techy\/wp-json\/wp\/v2\/media\/2580"}],"wp:attachment":[{"href":"https:\/\/okdiario.com\/techy\/wp-json\/wp\/v2\/media?parent=2579"}],"wp:term":[{"taxonomy":"category","embeddable":true,"href":"https:\/\/okdiario.com\/techy\/wp-json\/wp\/v2\/categories?post=2579"},{"taxonomy":"post_tag","embeddable":true,"href":"https:\/\/okdiario.com\/techy\/wp-json\/wp\/v2\/tags?post=2579"}],"curies":[{"name":"wp","href":"https:\/\/api.w.org\/{rel}","templated":true}]}}