{"id":2512,"date":"2026-03-18T18:36:00","date_gmt":"2026-03-18T17:36:00","guid":{"rendered":"https:\/\/techy44.okdiario.com\/?p=2512"},"modified":"2026-03-17T13:33:01","modified_gmt":"2026-03-17T12:33:01","slug":"biel-glasses-acaba-de-crear-las-gafas-inteligentes-que-van-a-jubilar-a-las-ray-ban-porque-incluyen-tecnologia-de-realidad-mixta","status":"publish","type":"post","link":"https:\/\/okdiario.com\/techy\/biel-glasses-acaba-de-crear-las-gafas-inteligentes-que-van-a-jubilar-a-las-ray-ban-porque-incluyen-tecnologia-de-realidad-mixta\/2512\/","title":{"rendered":"Biel Glasses acaba de crear las gafas inteligentes que van a jubilar a las Ray-Ban porque incluyen tecnolog\u00eda de realidad mixta"},"content":{"rendered":"\n<p>Unas gafas negras, con c\u00e1maras frontales y un peque\u00f1o procesador colgado al hombro, se han convertido en una de las im\u00e1genes curiosas del <a href=\"https:\/\/okdiario.com\/techy\/xiaomi-y-leica-revolucionan-el-mercado-con-el-leitzphone-y-un-adelanto-del-futuro-xiaomi-17-ultra-el-telefono-que-promete-fotos-mas-realistas-y-detalles-de-camara-que-cautivaran-a-los-aficionados-a-l\/2200\/\">Mobile World Congress 2026<\/a>. Son las gafas inteligentes de <a href=\"https:\/\/bielglasses.com\/company\" target=\"_blank\" rel=\"noopener\">Biel Glasses<\/a>, la empresa con sede en el <a href=\"https:\/\/www.tecnocampus.cat\/es\/empresa\/biel-glasses\" target=\"_blank\" rel=\"noopener\">TecnoCampus Matar\u00f3-Maresme<\/a> que ha presentado una nueva versi\u00f3n de su dispositivo para personas con baja visi\u00f3n y ha acelerado sus planes de expansi\u00f3n internacional. El sistema analiza el entorno en tiempo real, detecta obst\u00e1culos y los convierte en se\u00f1ales <a href=\"https:\/\/okdiario.com\/techy\/si-de-verdad-eres-observador-encuentra-las-3-diferencias-en-13-segundos-y-demuestra-que-tu-cerebro-no-se-deja-enganar-por-este-minijuego\/1990\/\">visuales<\/a> y sonoras para que el usuario pueda moverse con m\u00e1s seguridad. La compa\u00f1\u00eda ha llevado al congreso un modelo m\u00e1s peque\u00f1o y portable, con un precio de 4.900 euros, pensado para ir un paso m\u00e1s all\u00e1 del bast\u00f3n y el perro gu\u00eda que, hasta ahora, eran casi las \u00fanicas opciones para muchas personas.<\/p>\n\n\n\n<h2 class=\"wp-block-heading\">De la experiencia de un ni\u00f1o a un producto global<\/h2>\n\n\n\n<p>Biel Glasses naci\u00f3 en 2017 a partir de una historia muy concreta, la de Biel, un ni\u00f1o con baja visi\u00f3n y dificultades de movilidad. Sus padres, el m\u00e9dico Jaume Puig y la ingeniera Constanza Lucero, buscaban algo que fuese m\u00e1s all\u00e1 de las ayudas cl\u00e1sicas y acabaron convirtiendo esa b\u00fasqueda en una empresa tecnol\u00f3gica con base en Catalu\u00f1a. El nombre del hijo se ha transformado en la marca de unas gafas que empiezan a sonar m\u00e1s all\u00e1 de su entorno local.<\/p>\n\n\n\n<p>La motivaci\u00f3n se resume bien en las palabras de Alex Caba\u00f1eros, responsable de operaciones de la empresa. \u00abLas soluciones que hab\u00eda solo eran el bast\u00f3n o el perro gu\u00eda y estas gafas de realidad mixta intentan ir un poco m\u00e1s all\u00e1\u00bb, explica, subrayando que el objetivo es dar m\u00e1s autonom\u00eda sin sustituir del todo las ayudas que ya existen.<\/p>\n\n\n\n<div class=\"gb-element-a00da4e5\">\n<div><div class=\"gb-looper-46613eed\">\n<div class=\"gb-loop-item gb-loop-item-a8390598 post-2477 post type-post status-publish format-standard has-post-thumbnail hentry category-dispositivos resize-featured-image\">\n<h4 class=\"gb-text gb-text-24a51617\">Lea tambi\u00e9n: <a href=\"https:\/\/okdiario.com\/techy\/todos-hablan-de-samsung-pero-el-verdadero-ganador-del-mwc-2026-es-tecno-con-su-movil-modular-ultrafino\/2477\/\">Todos hablan de Samsung pero el verdadero ganador del MWC 2026 es Tecno con su m\u00f3vil modular ultrafino<\/a><\/h4>\n<\/div>\n<\/div><\/div>\n<\/div>\n\n\n\n<p>La <a href=\"https:\/\/bielglasses.com\/lowvision\" target=\"_blank\" rel=\"noopener\">baja visi\u00f3n<\/a> aparece cuando una persona ve muy poco incluso usando gafas normales o despu\u00e9s de una operaci\u00f3n, de modo que tareas tan b\u00e1sicas como cruzar una calle o subir al autob\u00fas se convierten en un reto diario. Seg\u00fan un <a href=\"https:\/\/cordis.europa.eu\/project\/id\/854824\/reporting\" target=\"_blank\" rel=\"noopener\">proyecto europeo de investigaci\u00f3n<\/a> ligado a estas gafas, m\u00e1s de 200 millones de personas en el mundo viven con problemas de visi\u00f3n que no se corrigen con cirug\u00eda, medicaci\u00f3n ni lentes convencionales, lo que da una idea del tama\u00f1o del reto.<\/p>\n\n\n\n<h2 class=\"wp-block-heading\">C\u00f3mo funcionan las gafas inteligentes de Biel Glasses<\/h2>\n\n\n\n<p>Las gafas incorporan c\u00e1maras y sensores que captan la escena delante del usuario y la env\u00edan a un peque\u00f1o procesador que se lleva en el cuerpo, como si fuera un m\u00f3vil o un miniordenador. All\u00ed, unos algoritmos de <a href=\"https:\/\/okdiario.com\/techy\/playstation-6-podria-no-llegar-en-2027-y-el-motivo-no-es-un-juego-ni-una-estrategia-de-sony-es-la-guerra-por-la-memoria-que-esta-provocando-la-ia\/34\/\">inteligencia artificial<\/a> analizan en tiempo real la distancia a los objetos, los cambios de suelo y otros riesgos, como escalones o se\u00f1ales en la calle, y devuelven la informaci\u00f3n en forma de gr\u00e1ficos sencillos y avisos de voz.<\/p>\n\n\n\n<div class=\"gb-element-620f8c4a\">\n<div><div class=\"gb-looper-41874c52\">\n<div class=\"gb-loop-item gb-loop-item-0e800f52 post-2442 post type-post status-publish format-standard has-post-thumbnail hentry category-dispositivos resize-featured-image\">\n<h4 class=\"gb-text gb-text-f298931c\">Lea tambi\u00e9n: <a href=\"https:\/\/okdiario.com\/techy\/despues-de-anos-por-detras-de-alexa-una-actualizacion-le-ha-dado-la-vuelta-gemini-llega-a-google-home-para-revolucionar-la-domotica\/2442\/\">Despu\u00e9s de a\u00f1os por detr\u00e1s de Alexa una actualizaci\u00f3n le ha dado la vuelta: Gemini llega a Google Home para revolucionar la dom\u00f3tica<\/a><\/h4>\n<\/div>\n<\/div><\/div>\n<\/div>\n\n\n\n<p>\u00bfC\u00f3mo se traduce todo eso en la vida diaria? En la pr\u00e1ctica, eso significa que las gafas pueden marcar por d\u00f3nde es m\u00e1s seguro avanzar, resaltar un bordillo dif\u00edcil de ver o avisar de un cruce cercano, adaptando la imagen al resto de visi\u00f3n que conserve la persona. El dispositivo, llamado Biel Smartgaze, combina esa parte digital con \u00f3ptica de apoyo y ajustes de contraste y zoom para que la escena resulte m\u00e1s clara sin saturar al usuario con detalles.<\/p>\n\n\n\n<p>En el MWC26 la empresa ha mostrado una versi\u00f3n m\u00e1s peque\u00f1a y ligera, pensada para resultar menos aparatosa en la calle o en el transporte p\u00fablico. El kit incluye el visor, el procesador externo donde se ejecutan los algoritmos y una bater\u00eda con unas dos horas y media de autonom\u00eda, un conjunto que, seg\u00fan la empresa, busca equilibrar comodidad, duraci\u00f3n y precio en ese rango de 4.900 euros.<\/p>\n\n\n\n<div class=\"gb-element-bea1d55b\">\n<div><div class=\"gb-looper-0b758882\">\n<div class=\"gb-loop-item gb-loop-item-d06fff7b post-2439 post type-post status-publish format-standard has-post-thumbnail hentry category-dispositivos resize-featured-image\">\n<h4 class=\"gb-text gb-text-7ac196fd\">Lea tambi\u00e9n: <a href=\"https:\/\/okdiario.com\/techy\/la-lista-de-los-moviles-xiaomi-que-se-van-a-quedar-inservibles-en-semanas-la-compania-dejara-de-darles-soporte\/2439\/\">La lista de los m\u00f3viles Xiaomi que se van a quedar inservibles en semanas: la compa\u00f1\u00eda dejar\u00e1 de darles soporte<\/a><\/h4>\n<\/div>\n<\/div><\/div>\n<\/div>\n\n\n\n<p>Antes de llegar al mercado, el sistema se ha probado en varios pilotos en Espa\u00f1a y en Jap\u00f3n con personas que ya viv\u00edan con baja visi\u00f3n desde hace a\u00f1os. Seg\u00fan los datos comunicados por la empresa, las gafas han logrado evitar m\u00e1s del noventa por ciento de los obst\u00e1culos en entornos controlados y han mejorado la movilidad de ocho de cada diez participantes, cifras que expertos independientes deber\u00e1n seguir contrastando en estudios m\u00e1s amplios.<\/p>\n\n\n\n<h2 class=\"wp-block-heading\">De una startup local a nuevos mercados europeos<\/h2>\n\n\n\n<p>El proyecto se ha desarrollado desde el TecnoCampus Matar\u00f3-Maresme, un parque universitario y de innovaci\u00f3n que en la \u00faltima d\u00e9cada se ha convertido en punto de encuentro entre grados universitarios, investigaci\u00f3n y empresas tecnol\u00f3gicas. Desde all\u00ed, Biel Glasses ha dado el salto al escaparate del <a href=\"https:\/\/www.mwcbarcelona.com\/\" target=\"_blank\" rel=\"noopener\">Mobile World Congress<\/a>, donde comparte espacio con decenas de empresas y centros tecnol\u00f3gicos catalanes y, al mismo tiempo, exhibe una historia muy local que conecta con un problema global.<\/p>\n\n\n\n<p>La compa\u00f1\u00eda comercializa el dispositivo desde noviembre y apunta ahora a nuevos mercados en otros pa\u00edses europeos, con especial inter\u00e9s en el norte del continente. En su \u00faltima ronda de financiaci\u00f3n, la firma anunci\u00f3 acuerdos de distribuci\u00f3n en Europa y planes para dar el salto a Am\u00e9rica del Norte y Asia en los pr\u00f3ximos a\u00f1os, siempre que la regulaci\u00f3n sanitaria de cada regi\u00f3n acompa\u00f1e ese movimiento.<\/p>\n\n\n\n<div class=\"gb-element-88ec875d\">\n<div><div class=\"gb-looper-7dcb2c52\">\n<div class=\"gb-loop-item gb-loop-item-4f997bae post-2471 post type-post status-publish format-standard has-post-thumbnail hentry category-dispositivos resize-featured-image\">\n<h4 class=\"gb-text gb-text-42e2e628\">Lea tambi\u00e9n: <a href=\"https:\/\/okdiario.com\/techy\/las-baterias-de-litio-tienen-los-dias-contados-los-moviles-van-a-usar-tecnologia-sic-con-una-capacidad-de-carga-de-420-mah-g\/2471\/\">Las bater\u00edas de Litio tienen los d\u00edas contados: los m\u00f3viles van a usar tecnolog\u00eda SiC con una capacidad de carga de 420 mAh\/g<\/a><\/h4>\n<\/div>\n<\/div><\/div>\n<\/div>\n\n\n\n<p>Para ganar la confianza de m\u00e9dicos y pacientes, Biel Glasses ha trabajado con equipos de la <a href=\"https:\/\/www.urjc.es\/\" target=\"_blank\" rel=\"noopener\">Universidad Rey Juan Carlos<\/a>, la Universidad Polit\u00e9cnica de Catalunya, el centro tecnol\u00f3gico Leitat y el Consejo Superior de Investigaciones Cient\u00edficas. El dispositivo cuenta con la homologaci\u00f3n como producto m\u00e9dico de clase uno por parte de la <a href=\"https:\/\/www.aemps.gob.es\/\" target=\"_blank\" rel=\"noopener\">Agencia Espa\u00f1ola de Medicamentos y Productos Sanitarios<\/a>, un paso clave para su uso en cl\u00ednicas y para que las gafas puedan recetarse como una ayuda m\u00e1s dentro del circuito sanitario.<\/p>\n\n\n\n<p>La nota de prensa oficial se ha publicado en la <a href=\"https:\/\/bielglasses.com\/\" target=\"_blank\" rel=\"noopener\"><em>web de Biel Glasses<\/em><\/a>.<\/p>\n","protected":false},"excerpt":{"rendered":"<p>Unas gafas negras, con c\u00e1maras frontales y un peque\u00f1o procesador colgado al hombro, se han convertido en una de las &#8230; <\/p>\n<p class=\"read-more-container\"><a title=\"Biel Glasses acaba de crear las gafas inteligentes que van a jubilar a las Ray-Ban porque incluyen tecnolog\u00eda de realidad mixta\" class=\"read-more button\" href=\"https:\/\/okdiario.com\/techy\/biel-glasses-acaba-de-crear-las-gafas-inteligentes-que-van-a-jubilar-a-las-ray-ban-porque-incluyen-tecnologia-de-realidad-mixta\/2512\/#more-2512\" aria-label=\"Leer m\u00e1s sobre Biel Glasses acaba de crear las gafas inteligentes que van a jubilar a las Ray-Ban porque incluyen tecnolog\u00eda de realidad mixta\">Read more<\/a><\/p>\n","protected":false},"author":3,"featured_media":2513,"comment_status":"open","ping_status":"","sticky":false,"template":"","format":"standard","meta":{"footnotes":""},"categories":[6],"tags":[],"class_list":["post-2512","post","type-post","status-publish","format-standard","has-post-thumbnail","hentry","category-inteligencia-artificial","resize-featured-image"],"_links":{"self":[{"href":"https:\/\/okdiario.com\/techy\/wp-json\/wp\/v2\/posts\/2512","targetHints":{"allow":["GET"]}}],"collection":[{"href":"https:\/\/okdiario.com\/techy\/wp-json\/wp\/v2\/posts"}],"about":[{"href":"https:\/\/okdiario.com\/techy\/wp-json\/wp\/v2\/types\/post"}],"author":[{"embeddable":true,"href":"https:\/\/okdiario.com\/techy\/wp-json\/wp\/v2\/users\/3"}],"replies":[{"embeddable":true,"href":"https:\/\/okdiario.com\/techy\/wp-json\/wp\/v2\/comments?post=2512"}],"version-history":[{"count":1,"href":"https:\/\/okdiario.com\/techy\/wp-json\/wp\/v2\/posts\/2512\/revisions"}],"predecessor-version":[{"id":2514,"href":"https:\/\/okdiario.com\/techy\/wp-json\/wp\/v2\/posts\/2512\/revisions\/2514"}],"wp:featuredmedia":[{"embeddable":true,"href":"https:\/\/okdiario.com\/techy\/wp-json\/wp\/v2\/media\/2513"}],"wp:attachment":[{"href":"https:\/\/okdiario.com\/techy\/wp-json\/wp\/v2\/media?parent=2512"}],"wp:term":[{"taxonomy":"category","embeddable":true,"href":"https:\/\/okdiario.com\/techy\/wp-json\/wp\/v2\/categories?post=2512"},{"taxonomy":"post_tag","embeddable":true,"href":"https:\/\/okdiario.com\/techy\/wp-json\/wp\/v2\/tags?post=2512"}],"curies":[{"name":"wp","href":"https:\/\/api.w.org\/{rel}","templated":true}]}}