{"id":2410,"date":"2026-03-15T09:42:00","date_gmt":"2026-03-15T08:42:00","guid":{"rendered":"https:\/\/techy44.okdiario.com\/?p=2410"},"modified":"2026-03-14T11:59:07","modified_gmt":"2026-03-14T10:59:07","slug":"el-fichaje-de-14-300-millones-que-sacude-la-ia-meta-pone-a-un-joven-de-28-anos-al-mando-de-su-apuesta-mas-ambiciosa","status":"publish","type":"post","link":"https:\/\/okdiario.com\/techy\/el-fichaje-de-14-300-millones-que-sacude-la-ia-meta-pone-a-un-joven-de-28-anos-al-mando-de-su-apuesta-mas-ambiciosa\/2410\/","title":{"rendered":"El fichaje de 14.300 millones que sacude la IA Meta pone a un joven de 28 a\u00f1os al mando de su apuesta m\u00e1s ambiciosa"},"content":{"rendered":"\n<p>En junio de 2025, Meta decidi\u00f3 dar un giro radical a su estrategia de inteligencia artificial al invertir 14.300 millones de d\u00f3lares en Scale AI y fichar a su fundador, <a href=\"https:\/\/www.meta.com\/es-es\/media-gallery\/executives\/alexandr-wang\/\" target=\"_blank\" rel=\"noopener\">Alexandr Wang<\/a>, para dirigir Meta Superintelligence Labs. El movimiento no solo compra participaci\u00f3n en una startup clave de datos, tambi\u00e9n coloca a un joven ingeniero al frente de una apuesta ambiciosa en IA.<\/p>\n\n\n\n<p>La operaci\u00f3n muestra que Mark Zuckerberg quiere competir en serio en la <a href=\"https:\/\/okdiario.com\/techy\/meta-firma-con-google-un-acuerdo-multianual-de-miles-de-millones-para-alquilar-tpus-y-plantar-cara-a-nvidia\/2087\/\">carrera de la IA<\/a>. Qui\u00e9n es Wang y qu\u00e9 puede significar su llegada para el futuro de la superinteligencia son ahora las grandes preguntas.<\/p>\n\n\n\n<h2 class=\"wp-block-heading\">De Los \u00c1lamos a Silicon Valley<\/h2>\n\n\n\n<p>Alexandr Wang naci\u00f3 en 1997 en Los \u00c1lamos, Nuevo M\u00e9xico, hijo de inmigrantes chinos que trabajaban como f\u00edsicos en el Laboratorio Nacional de Los \u00c1lamos. Creci\u00f3 rodeado de ciencia y destac\u00f3 en matem\u00e1ticas y programaci\u00f3n.<\/p>\n\n\n\n<div class=\"gb-element-a00da4e5\">\n<div><div class=\"gb-looper-46613eed\">\n<div class=\"gb-loop-item gb-loop-item-a8390598 post-2346 post type-post status-publish format-standard has-post-thumbnail hentry category-inteligencia-artificial resize-featured-image\">\n<h4 class=\"gb-text gb-text-24a51617\">Lea tambi\u00e9n: <a href=\"https:\/\/okdiario.com\/techy\/geoffrey-hinton-padrino-de-la-ia-lanza-su-aviso-mas-duro-en-una-charla-con-bernie-sanders-en-georgetown-dice-que-la-revolucion-que-viene-puede-romper-la-sociedad-por-un-motivo-muy\/2346\/\">Geoffrey Hinton, \u201cpadrino\u201d de la IA, lanza su aviso m\u00e1s duro en una charla con Bernie Sanders en Georgetown: dice que la revoluci\u00f3n que viene puede romper la sociedad por un motivo muy simple el trabajo humano deja de ser necesario<\/a><\/h4>\n<\/div>\n<\/div><\/div>\n<\/div>\n\n\n\n<p>De adolescente escrib\u00eda c\u00f3digo para empresas de Silicon Valley y, tras matricularse en el Instituto Tecnol\u00f3gico de Massachusetts, decidi\u00f3 dejar la universidad para lanzar su propia compa\u00f1\u00eda. En 2016 cofund\u00f3 Scale AI, una empresa que prepara datos limpios y etiquetados para que gigantes tecnol\u00f3gicos y organismos p\u00fablicos entrenen sus modelos de inteligencia artificial.<\/p>\n\n\n\n<h2 class=\"wp-block-heading\">La apuesta de 14.300 millones por Scale AI<\/h2>\n\n\n\n<p>En junio de 2025, Meta anunci\u00f3 una inversi\u00f3n de 14.300 millones de d\u00f3lares para hacerse con casi la mitad de Scale AI e incorporar a Wang como director de inteligencia artificial y jefe de Meta Superintelligence Labs. El acuerdo lo coloc\u00f3 entre los ejecutivos mejor pagados del sector.<\/p>\n\n\n\n<div class=\"gb-element-e8982e86\">\n<div><div class=\"gb-looper-d5fed7d0\">\n<div class=\"gb-loop-item gb-loop-item-245adf44 post-2351 post type-post status-publish format-standard has-post-thumbnail hentry category-dispositivos resize-featured-image\">\n<h4 class=\"gb-text gb-text-58e5795d\">Lea tambi\u00e9n: <a href=\"https:\/\/okdiario.com\/techy\/los-televisores-de-siempre-tienen-los-dias-contados-lo-que-esta-preparando-china-ya-hace-temblar-a-todos\/2351\/\">Los televisores de siempre tienen los d\u00edas contados: lo que est\u00e1 preparando China ya hace temblar a todos<\/a><\/h4>\n<\/div>\n<\/div><\/div>\n<\/div>\n\n\n\n<p>En la pr\u00e1ctica, Meta compra acceso privilegiado a talento, datos y herramientas de entrenamiento mientras Scale AI mantiene su independencia legal. La apuesta llega cuando rivales como OpenAI y Google DeepMind avanzan en modelos de lenguaje y Meta necesita acelerar para no quedarse atr\u00e1s en la nueva ola de productos de IA.<\/p>\n\n\n\n<h2 class=\"wp-block-heading\">Qu\u00e9 har\u00e1 Wang al frente de la superinteligencia de Meta<\/h2>\n\n\n\n<p>Meta presenta Meta Superintelligence Labs como la unidad que une investigaci\u00f3n, productos e infraestructura con un objetivo, desarrollar sistemas que puedan superar la capacidad humana. Para coordinar ese esfuerzo, Wang ha reorganizado el grupo en cuatro equipos dedicados a modelos b\u00e1sicos, investigaci\u00f3n a largo plazo, productos y la infraestructura de centros de datos que los sostiene.<\/p>\n\n\n\n<div class=\"gb-element-21a0c096\">\n<div><div class=\"gb-looper-a225db08\">\n<div class=\"gb-loop-item gb-loop-item-0825fd42 post-2327 post type-post status-publish format-standard has-post-thumbnail hentry category-inteligencia-artificial resize-featured-image\">\n<h4 class=\"gb-text gb-text-c302169d\">Lea tambi\u00e9n: <a href=\"https:\/\/okdiario.com\/techy\/paco-salcedo-presidente-de-microsoft-antes-contratabamos-a-expertos-en-excel-ahora-contratamos-a-personas-que-saben-utilizar-agentes-de-ia\/2327\/\">Paco Salcedo, presidente de Microsoft: \u201cAntes contrat\u00e1bamos a expertos en Excel, ahora contratamos a personas que saben utilizar agentes de IA\u201d<\/a><\/h4>\n<\/div>\n<\/div><\/div>\n<\/div>\n\n\n\n<p>En un memorando interno dirigido a la plantilla, el ingeniero fue muy directo al exponer su ambici\u00f3n. En ese texto afirm\u00f3 \u00abLa superinteligencia est\u00e1 llegando, y para tomarla en serio, necesitamos organizarnos en torno a las \u00e1reas clave que ser\u00e1n fundamentales para alcanzarla\u00bb y pidi\u00f3 que quienes crean los algoritmos, los productos y los servidores dejen de trabajar en silos. \u00bfPodr\u00e1 esa coordinaci\u00f3n interna marcar la diferencia frente a rivales que tambi\u00e9n corren a toda velocidad?<\/p>\n\n\n\n<h2 class=\"wp-block-heading\">Los retos y dudas que acompa\u00f1an al fichaje<\/h2>\n\n\n\n<p>La imagen es atractiva, pero no todo es entusiasmo. Mark Zuckerberg ha reconocido que la carrera hacia la superinteligencia exige inversiones enormes en nuevos centros de datos y <a href=\"https:\/\/okdiario.com\/techy\/intel-estima-que-mas-de-la-mitad-de-los-pcs-enviados-en-2026-seran-ai-enabled-marcando-una-nueva-era-de-ordenadores-inteligentes\/31\/\">chips<\/a>, algo que inquieta a parte de los accionistas por el riesgo de disparar el gasto antes de ver ingresos claros.<\/p>\n\n\n\n<div class=\"gb-element-a46f7bfc\">\n<div><div class=\"gb-looper-11719c56\">\n<div class=\"gb-loop-item gb-loop-item-58bf414d post-2321 post type-post status-publish format-standard has-post-thumbnail hentry category-actualidad resize-featured-image\">\n<h4 class=\"gb-text gb-text-74aba586\">Lea tambi\u00e9n: <a href=\"https:\/\/okdiario.com\/techy\/arquitectos-lo-juran-el-truco-del-papel-de-aluminio-en-la-pared-que-delata-la-humedad-en-solo-48-horas-y-casi-nadie-lo-conoce\/2321\/\">Arquitectos lo juran: el truco del papel de aluminio en la pared que delata la humedad \u201cen solo 48 horas\u201d (y casi nadie lo conoce)<\/a><\/h4>\n<\/div>\n<\/div><\/div>\n<\/div>\n\n\n\n<p>Adem\u00e1s, el ascenso fulgurante de Wang dentro de Meta ha generado fricciones internas con figuras hist\u00f3ricas. Expertos como Yann LeCun han sugerido en entrevistas que el directivo llega con poca experiencia en cultura de investigaci\u00f3n acad\u00e9mica y han criticado apostar casi todo por <a href=\"https:\/\/okdiario.com\/techy\/el-gran-problema-no-es-que-la-ia-mienta-sino-que-puede-fingir-un-razonamiento-moral-como-un-actor-perfecto-y-nadie-sabe-si-realmente-lo-entiende\/2029\/\">modelos de lenguaje gigantes<\/a> como v\u00eda principal hacia la superinteligencia. El anuncio oficial de la inversi\u00f3n en Scale AI y del nombramiento de Alexandr Wang se ha publicado en un comunicado de Meta Platforms.<\/p>\n\n\n\n<p>El comunicado oficial se ha publicado en la <em>nota de prensa de <\/em><a href=\"https:\/\/www.businesswire.com\/news\/home\/20250612873954\/en\/Scale-AI-Announces-Next-Phase-of-Companys-Evolution\" target=\"_blank\" rel=\"noopener\"><em>Scale AI<\/em><\/a>.<\/p>\n","protected":false},"excerpt":{"rendered":"<p>En junio de 2025, Meta decidi\u00f3 dar un giro radical a su estrategia de inteligencia artificial al invertir 14.300 millones &#8230; <\/p>\n<p class=\"read-more-container\"><a title=\"El fichaje de 14.300 millones que sacude la IA Meta pone a un joven de 28 a\u00f1os al mando de su apuesta m\u00e1s ambiciosa\" class=\"read-more button\" href=\"https:\/\/okdiario.com\/techy\/el-fichaje-de-14-300-millones-que-sacude-la-ia-meta-pone-a-un-joven-de-28-anos-al-mando-de-su-apuesta-mas-ambiciosa\/2410\/#more-2410\" aria-label=\"Leer m\u00e1s sobre El fichaje de 14.300 millones que sacude la IA Meta pone a un joven de 28 a\u00f1os al mando de su apuesta m\u00e1s ambiciosa\">Read more<\/a><\/p>\n","protected":false},"author":7,"featured_media":2411,"comment_status":"open","ping_status":"closed","sticky":false,"template":"","format":"standard","meta":{"footnotes":""},"categories":[6],"tags":[],"class_list":["post-2410","post","type-post","status-publish","format-standard","has-post-thumbnail","hentry","category-inteligencia-artificial","resize-featured-image"],"_links":{"self":[{"href":"https:\/\/okdiario.com\/techy\/wp-json\/wp\/v2\/posts\/2410","targetHints":{"allow":["GET"]}}],"collection":[{"href":"https:\/\/okdiario.com\/techy\/wp-json\/wp\/v2\/posts"}],"about":[{"href":"https:\/\/okdiario.com\/techy\/wp-json\/wp\/v2\/types\/post"}],"author":[{"embeddable":true,"href":"https:\/\/okdiario.com\/techy\/wp-json\/wp\/v2\/users\/7"}],"replies":[{"embeddable":true,"href":"https:\/\/okdiario.com\/techy\/wp-json\/wp\/v2\/comments?post=2410"}],"version-history":[{"count":2,"href":"https:\/\/okdiario.com\/techy\/wp-json\/wp\/v2\/posts\/2410\/revisions"}],"predecessor-version":[{"id":2456,"href":"https:\/\/okdiario.com\/techy\/wp-json\/wp\/v2\/posts\/2410\/revisions\/2456"}],"wp:featuredmedia":[{"embeddable":true,"href":"https:\/\/okdiario.com\/techy\/wp-json\/wp\/v2\/media\/2411"}],"wp:attachment":[{"href":"https:\/\/okdiario.com\/techy\/wp-json\/wp\/v2\/media?parent=2410"}],"wp:term":[{"taxonomy":"category","embeddable":true,"href":"https:\/\/okdiario.com\/techy\/wp-json\/wp\/v2\/categories?post=2410"},{"taxonomy":"post_tag","embeddable":true,"href":"https:\/\/okdiario.com\/techy\/wp-json\/wp\/v2\/tags?post=2410"}],"curies":[{"name":"wp","href":"https:\/\/api.w.org\/{rel}","templated":true}]}}