{"id":2327,"date":"2026-03-12T15:34:00","date_gmt":"2026-03-12T14:34:00","guid":{"rendered":"https:\/\/techy44.okdiario.com\/?p=2327"},"modified":"2026-03-11T21:00:56","modified_gmt":"2026-03-11T20:00:56","slug":"paco-salcedo-presidente-de-microsoft-antes-contratabamos-a-expertos-en-excel-ahora-contratamos-a-personas-que-saben-utilizar-agentes-de-ia","status":"publish","type":"post","link":"https:\/\/okdiario.com\/techy\/paco-salcedo-presidente-de-microsoft-antes-contratabamos-a-expertos-en-excel-ahora-contratamos-a-personas-que-saben-utilizar-agentes-de-ia\/2327\/","title":{"rendered":"Paco Salcedo, presidente de Microsoft: \u201cAntes contrat\u00e1bamos a expertos en Excel, ahora contratamos a personas que saben utilizar agentes de IA\u201d"},"content":{"rendered":"\n<p>Para Microsoft Espa\u00f1a, ya no es clave exprimir hojas de c\u00e1lculo, sino manejar agentes de inteligencia artificial. As\u00ed lo resumi\u00f3 Paco Salcedo, presidente de la filial, al afirmar \u00abantes contrat\u00e1bamos a expertos en Excel, ahora contratamos a quien sepa utilizar agentes de IA\u00bb.<\/p>\n\n\n\n<div class=\"gb-element-947ed410\">\n<div><div class=\"gb-looper-2b901fe7\">\n<div class=\"gb-loop-item gb-loop-item-ee9520f8 post-2270 post type-post status-publish format-standard has-post-thumbnail hentry category-ciberseguridad resize-featured-image\">\n<h4 class=\"gb-text gb-text-59b0fc66\">Lea tambi\u00e9n: <a href=\"https:\/\/okdiario.com\/techy\/ucrania-esta-preparando-una-red-de-satelites-militares-baratos-como-alternativa-a-starlink-con-unidades-pequenas-y-despliegue-rapido-la-silenciosa-carrera-espacial-en-medio-de-la-guerra-y-la-razon-d\/2270\/\">Ucrania est\u00e1 preparando una red de sat\u00e9lites militares baratos como alternativa a Starlink, con unidades peque\u00f1as y despliegue r\u00e1pido, la silenciosa carrera espacial en medio de la guerra y la raz\u00f3n detr\u00e1s del plan<\/a><\/h4>\n<\/div>\n<\/div><\/div>\n<\/div>\n\n\n\n<p>Salcedo lanz\u00f3 este mensaje en un encuentro de Deusto Business Alumni sobre el impacto de la IA en las empresas. Seg\u00fan explic\u00f3, esta tecnolog\u00eda ha pasado de curiosidad a andamiaje intelectual que ayuda a decidir, innovar y organizar el trabajo en empresas y <a href=\"https:\/\/okdiario.com\/techy\/elegir-carrera-en-2026-ya-no-es-solo-vocacion-un-analisis-con-ia-apunta-a-3-grados-tradicionalmente-seguros-que-podrian-tener-peor-salida-en-10-o-20-anos\/21\/\">empleo<\/a>. \u00bfQui\u00e9n puede desentenderse de eso?<\/p>\n\n\n\n<h2 class=\"wp-block-heading\">Qu\u00e9 son los agentes de IA que llegan a las empresas<\/h2>\n\n\n\n<p>El directivo habla de una era ag\u00e9ntica, en la que la IA ya no solo genera textos o im\u00e1genes, sino que razona, usa herramientas y act\u00faa casi de forma aut\u00f3noma. En lugar de escribir c\u00f3digo, el usuario explica en lenguaje natural lo que quiere y el sistema ejecuta los pasos.<\/p>\n\n\n\n<div class=\"gb-element-a00da4e5\">\n<div><div class=\"gb-looper-46613eed\">\n<div class=\"gb-loop-item gb-loop-item-a8390598 post-2285 post type-post status-publish format-standard has-post-thumbnail hentry category-actualidad resize-featured-image\">\n<h4 class=\"gb-text gb-text-24a51617\">Lea tambi\u00e9n: <a href=\"https:\/\/okdiario.com\/techy\/viajar-a-la-velocidad-de-la-luz-parece-posible-pero-el-coste-energetico-es-aterrador-un-estudio-sobre-la-energia-del-vacio-abre-una-puerta-brutal-y-tambien-plantea-muchas-preguntas-muy-incomodas\/2285\/\">Viajar a la velocidad de la luz parece posible, pero el coste energ\u00e9tico es aterrador. Un estudio sobre la energ\u00eda del vac\u00edo abre una puerta brutal y tambi\u00e9n plantea muchas preguntas muy inc\u00f3modas<\/a><\/h4>\n<\/div>\n<\/div><\/div>\n<\/div>\n\n\n\n<p>Estos agentes pueden ordenar el correo, preparar viajes completos o revisar suscripciones olvidadas. Salcedo cit\u00f3 un dato Microsoft gestiona una red de fibra de unos 500.000 kil\u00f3metros con alrededor de cien personas gracias a agentes que interpretan la red y act\u00faan cuando aparece un problema.<\/p>\n\n\n\n<figure class=\"wp-block-embed is-type-video is-provider-youtube wp-block-embed-youtube wp-embed-aspect-16-9 wp-has-aspect-ratio\"><div class=\"wp-block-embed__wrapper\">\n<iframe loading=\"lazy\" title=\"Encuentro con Paco Salcedo, presidente de Microsoft Espa\u00f1a\" width=\"1200\" height=\"675\" src=\"https:\/\/www.youtube.com\/embed\/9ZSTbtcrRHI?feature=oembed\" frameborder=\"0\" allow=\"accelerometer; autoplay; clipboard-write; encrypted-media; gyroscope; picture-in-picture; web-share\" referrerpolicy=\"strict-origin-when-cross-origin\" allowfullscreen><\/iframe>\n<\/div><figcaption class=\"wp-element-caption\">Encuentro de Deusto Business Alumni | V\u00eddeo: Deusto Business Alumni DBA<\/figcaption><\/figure>\n\n\n\n<h2 class=\"wp-block-heading\">C\u00f3mo cambiar\u00e1n el empleo y la regulaci\u00f3n seg\u00fan Microsoft<\/h2>\n\n\n\n<p>Microsoft se ve como una frontier firm, una empresa en la frontera de la automatizaci\u00f3n que combina personas y tecnolog\u00eda. Por eso Salcedo insiste en que \u00abigual que yo contrataba a gente que sab\u00eda manejar el Excel, ahora vamos a contratar gente que sepa manejar agentes\u00bb.<\/p>\n\n\n\n<div class=\"gb-element-99c04f73\">\n<div><div class=\"gb-looper-ba735a49\">\n<div class=\"gb-loop-item gb-loop-item-75f6ddc1 post-2217 post type-post status-publish format-standard has-post-thumbnail hentry category-actualidad resize-featured-image\">\n<h4 class=\"gb-text gb-text-aa949192\">Lea tambi\u00e9n: <a href=\"https:\/\/okdiario.com\/techy\/una-tecnologia-para-extraer-oxigeno-y-combustible-del-co2-supera-una-prueba-clave-la-pieza-que-faltaba-para-las-bases-lunares-y-marcianas-y-el-detalle-energetico-que-lo-cambia-todo\/2217\/\">Una tecnolog\u00eda para extraer ox\u00edgeno y combustible del CO2 supera una prueba clave, la pieza que faltaba para las bases lunares y marcianas, y el detalle energ\u00e9tico que lo cambia todo<\/a><\/h4>\n<\/div>\n<\/div><\/div>\n<\/div>\n\n\n\n<p>Seg\u00fan sus estimaciones, hasta 2030 podr\u00edan crearse cerca de 11.600 puestos de trabajo ligados al ecosistema de IA de la compa\u00f1\u00eda en Espa\u00f1a. Para las pymes, el riesgo es no formar a su plantilla a tiempo y quedarse atr\u00e1s en productividad.<\/p>\n\n\n\n<p>El despliegue de esta ola se frena porque la IA solo aprovecha una parte peque\u00f1a de los datos, a\u00fan atrapados en aplicaciones antiguas que Copilot no puede leer. Por eso Salcedo defiende acelerar la adopci\u00f3n de la nube y modernizar el software, y sostiene que Europa puede crear reglas claras, ya que \u00abla <a href=\"https:\/\/okdiario.com\/techy\/un-abogado-es-multado-con-26-millones-por-usar-la-inteligencia-artificial-en-un-recurso\/1874\/\">regularizaci\u00f3n<\/a> es buena y necesaria\u00bb y \u00abest\u00e1 en nuestras manos que la <a href=\"https:\/\/digital-strategy.ec.europa.eu\/en\/policies\/regulatory-framework-ai\" target=\"_blank\" rel=\"noopener\">IA<\/a> sea un \u00e9xito\u00bb.<\/p>\n\n\n\n<div class=\"gb-element-71f9db4c\">\n<div><div class=\"gb-looper-93b4758b\">\n<div class=\"gb-loop-item gb-loop-item-0462966f post-2192 post type-post status-publish format-standard has-post-thumbnail hentry category-inteligencia-artificial resize-featured-image\">\n<h4 class=\"gb-text gb-text-9fea36c9\">Lea tambi\u00e9n: <a href=\"https:\/\/okdiario.com\/techy\/javier-saez-da-la-voz-de-alarma-si-tu-trabajo-consiste-en-sentarte-delante-de-un-ordenador-la-ia-ya-te-tiene-en-el-punto-de-mira-la-lista-de-tareas-que-serian-las-primeras-en-desaparecer-y-el-detal\/2192\/\">Javier S\u00e1ez da la voz de alarma: si tu trabajo consiste en sentarte delante de un ordenador, la IA ya te tiene en el punto de mira, la lista de tareas que ser\u00edan las primeras en desaparecer y el detalle que delata a cualquiera en cuesti\u00f3n de segundos<\/a><\/h4>\n<\/div>\n<\/div><\/div>\n<\/div>\n\n\n\n<p>La informaci\u00f3n procede de un encuentro organizado por Deusto Business Alumni con la participaci\u00f3n de Microsoft Espa\u00f1a.<\/p>\n\n\n\n<p>El encuentro se ha anunciado en la <a href=\"https:\/\/agenda.deusto.es\/es\/encuentro-deusto-business-alumni-con-paco-salcedo-presidente-de-microsoft-espana\/\" target=\"_blank\" rel=\"noopener\"><em>agenda oficial de la Universidad de Deusto<\/em><\/a>.<\/p>\n\n\n\n<p>Foto: Perfil oficial de Paco Salcedo<\/p>\n","protected":false},"excerpt":{"rendered":"<p>Para Microsoft Espa\u00f1a, ya no es clave exprimir hojas de c\u00e1lculo, sino manejar agentes de inteligencia artificial. As\u00ed lo resumi\u00f3 &#8230; <\/p>\n<p class=\"read-more-container\"><a title=\"Paco Salcedo, presidente de Microsoft: \u201cAntes contrat\u00e1bamos a expertos en Excel, ahora contratamos a personas que saben utilizar agentes de IA\u201d\" class=\"read-more button\" href=\"https:\/\/okdiario.com\/techy\/paco-salcedo-presidente-de-microsoft-antes-contratabamos-a-expertos-en-excel-ahora-contratamos-a-personas-que-saben-utilizar-agentes-de-ia\/2327\/#more-2327\" aria-label=\"Leer m\u00e1s sobre Paco Salcedo, presidente de Microsoft: \u201cAntes contrat\u00e1bamos a expertos en Excel, ahora contratamos a personas que saben utilizar agentes de IA\u201d\">Read more<\/a><\/p>\n","protected":false},"author":3,"featured_media":2328,"comment_status":"open","ping_status":"closed","sticky":false,"template":"","format":"standard","meta":{"footnotes":""},"categories":[6],"tags":[],"class_list":["post-2327","post","type-post","status-publish","format-standard","has-post-thumbnail","hentry","category-inteligencia-artificial","resize-featured-image"],"_links":{"self":[{"href":"https:\/\/okdiario.com\/techy\/wp-json\/wp\/v2\/posts\/2327","targetHints":{"allow":["GET"]}}],"collection":[{"href":"https:\/\/okdiario.com\/techy\/wp-json\/wp\/v2\/posts"}],"about":[{"href":"https:\/\/okdiario.com\/techy\/wp-json\/wp\/v2\/types\/post"}],"author":[{"embeddable":true,"href":"https:\/\/okdiario.com\/techy\/wp-json\/wp\/v2\/users\/3"}],"replies":[{"embeddable":true,"href":"https:\/\/okdiario.com\/techy\/wp-json\/wp\/v2\/comments?post=2327"}],"version-history":[{"count":2,"href":"https:\/\/okdiario.com\/techy\/wp-json\/wp\/v2\/posts\/2327\/revisions"}],"predecessor-version":[{"id":2369,"href":"https:\/\/okdiario.com\/techy\/wp-json\/wp\/v2\/posts\/2327\/revisions\/2369"}],"wp:featuredmedia":[{"embeddable":true,"href":"https:\/\/okdiario.com\/techy\/wp-json\/wp\/v2\/media\/2328"}],"wp:attachment":[{"href":"https:\/\/okdiario.com\/techy\/wp-json\/wp\/v2\/media?parent=2327"}],"wp:term":[{"taxonomy":"category","embeddable":true,"href":"https:\/\/okdiario.com\/techy\/wp-json\/wp\/v2\/categories?post=2327"},{"taxonomy":"post_tag","embeddable":true,"href":"https:\/\/okdiario.com\/techy\/wp-json\/wp\/v2\/tags?post=2327"}],"curies":[{"name":"wp","href":"https:\/\/api.w.org\/{rel}","templated":true}]}}