{"id":2192,"date":"2026-03-08T15:39:00","date_gmt":"2026-03-08T14:39:00","guid":{"rendered":"https:\/\/techy44.okdiario.com\/?p=2192"},"modified":"2026-03-06T15:18:34","modified_gmt":"2026-03-06T14:18:34","slug":"javier-saez-da-la-voz-de-alarma-si-tu-trabajo-consiste-en-sentarte-delante-de-un-ordenador-la-ia-ya-te-tiene-en-el-punto-de-mira-la-lista-de-tareas-que-serian-las-primeras-en-desaparecer-y-el-detal","status":"publish","type":"post","link":"https:\/\/okdiario.com\/techy\/javier-saez-da-la-voz-de-alarma-si-tu-trabajo-consiste-en-sentarte-delante-de-un-ordenador-la-ia-ya-te-tiene-en-el-punto-de-mira-la-lista-de-tareas-que-serian-las-primeras-en-desaparecer-y-el-detal\/2192\/","title":{"rendered":"Javier S\u00e1ez da la voz de alarma: si tu trabajo consiste en sentarte delante de un ordenador, la IA ya te tiene en el punto de mira, la lista de tareas que ser\u00edan las primeras en desaparecer y el detalle que delata a cualquiera en cuesti\u00f3n de segundos"},"content":{"rendered":"\n<p>La <a href=\"https:\/\/planderecuperacion.gob.es\/noticias\/que-es-inteligencia-artificial-ia-prtr\" target=\"_blank\" rel=\"noopener\">inteligencia artificial<\/a> ya no es una promesa lejana. Para Javier S\u00e1ez, director de IA en <a href=\"https:\/\/www.learningheroes.com\/\" target=\"_blank\" rel=\"noopener\">Learning Heroes<\/a> y consultor para grandes empresas, su impacto sobre el <a href=\"https:\/\/www.ilo.org\/publications\/generative-ai-and-jobs-2025-update\" target=\"_blank\" rel=\"noopener\">empleo de oficina<\/a> ya se nota.<\/p>\n\n\n\n<div class=\"gb-element-a00da4e5\">\n<div><div class=\"gb-looper-46613eed\">\n<div class=\"gb-loop-item gb-loop-item-a8390598 post-2092 post type-post status-publish format-standard has-post-thumbnail hentry category-actualidad resize-featured-image\">\n<h4 class=\"gb-text gb-text-24a51617\">Lea tambi\u00e9n: <a href=\"https:\/\/okdiario.com\/techy\/si-pareces-completamente-tranquilo-en-una-crisis-ten-cuidado-la-psicologia-lo-relaciona-con-el-apego-evasivo-y-la-inhibicion-emocional-cronica-un-rasgo-oculto-que-muchos-confunden-con-la-frialdad\/2092\/\">Si pareces completamente tranquilo en una crisis, ten cuidado, la psicolog\u00eda lo relaciona con el apego evasivo y la inhibici\u00f3n emocional cr\u00f3nica, un rasgo oculto que muchos confunden con la frialdad<\/a><\/h4>\n<\/div>\n<\/div><\/div>\n<\/div>\n\n\n\n<p>En el p\u00f3dcast <a href=\"https:\/\/tengounplanpodcast.com\/\" target=\"_blank\" rel=\"noopener\">Tengo un plan<\/a>, S\u00e1ez lanza un aviso a cualquiera que pase el d\u00eda delante de la pantalla. \u00abSi el tipo de trabajo que t\u00fa haces es detr\u00e1s de un ordenador, deber\u00edas estar preocupado\u00bb, resume. Explica que en los \u00faltimos seis meses el panorama ha cambiado de forma radical.<\/p>\n\n\n\n<h2 class=\"wp-block-heading\">La oficina como nuevo frente de la automatizaci\u00f3n<\/h2>\n\n\n\n<p>El especialista explica que hemos pasado de una promesa con algo de entusiasmo a un momento en el que la IA ya se usa en procesos reales. Recuerda que la definici\u00f3n de inteligencia artificial apunta a resolver problemas del mundo de forma no humana y a gran escala, lo que multiplica la capacidad de trabajo mental de una organizaci\u00f3n.<\/p>\n\n\n\n<div class=\"gb-element-fdbf59e3\">\n<div><div class=\"gb-looper-84bc58f6\">\n<div class=\"gb-loop-item gb-loop-item-649ac57b post-2070 post type-post status-publish format-standard has-post-thumbnail hentry category-actualidad resize-featured-image\">\n<h4 class=\"gb-text gb-text-bafa8c41\">Lea tambi\u00e9n: <a href=\"https:\/\/okdiario.com\/techy\/marie-curie-nacio-en-1867-sobrevivio-a-perdidas-brutales-y-termino-haciendo-historia-con-dos-premios-nobel-pero-su-cita-mas-famosa-hoy-en-dia-suena-como-una-bofetada-moderna-que-te-obliga-a-releerla\/2070\/\">Marie Curie naci\u00f3 en 1867, sobrevivi\u00f3 a p\u00e9rdidas brutales y termin\u00f3 haciendo historia con dos premios Nobel, pero su cita m\u00e1s famosa hoy en d\u00eda suena como una bofetada moderna que te obliga a releerla<\/a><\/h4>\n<\/div>\n<\/div><\/div>\n<\/div>\n\n\n\n<p>A diferencia de la revoluci\u00f3n industrial, que transform\u00f3 sobre todo tareas f\u00edsicas, ahora el cambio se concentra en la parte cognitiva del empleo. S\u00e1ez lo resume en una idea central, porque \u00ablo que vamos a escalar ahora es la habilidad de pensar\u00bb, algo que hace muy dif\u00edcil anticipar el alcance del impacto.<\/p>\n\n\n\n<h2 class=\"wp-block-heading\">Qu\u00e9 trabajo de oficina puede automatizar la IA<\/h2>\n\n\n\n<p>Hoy ya es posible dar a un modelo de IA instrucciones claras y cierto nivel de autonom\u00eda para que ejecute tareas complejas encadenadas. \u00abY no estoy hablando de cosas como te\u00f3ricas de que se podr\u00e1, os hablo de lo que ya se puede hacer\u00bb, subraya, para remarcar que habla de herramientas que ya est\u00e1n disponibles.<\/p>\n\n\n\n<p>Seg\u00fan S\u00e1ez, una parte importante de lo que hace quien pasa la jornada delante de un ordenador ya es automatizable. Para reforzar su argumento, cita un <a href=\"https:\/\/www.microsoft.com\/en-us\/worklab\/work-trend-index\" target=\"_blank\" rel=\"noopener\">estudio de Microsoft<\/a> sobre el uso de <a href=\"https:\/\/okdiario.com\/techy\/kpmg-cazo-a-sus-propios-empleados-usando-sus-herramientas-de-deteccion-de-ia-y-termino-sancionando-a-un-partner-por-copiar-en-formacion-interna\/2014\/\">herramientas corporativas<\/a>. \u00abSiete de cada diez personas est\u00e1n en Microsoft Office, haciendo PowerPoints, Excels, correos o en una llamada de Teams\u00bb, un trabajo que describe como \u00abalineamiento humano\u00bb y que, en sus palabras, \u00abya es automatizable\u00bb.<\/p>\n\n\n\n<figure class=\"wp-block-embed is-type-video is-provider-youtube wp-block-embed-youtube wp-embed-aspect-16-9 wp-has-aspect-ratio\"><div class=\"wp-block-embed__wrapper\">\n<iframe loading=\"lazy\" title=\"Experto N\u00ba1 en IA Predice: \u201cEn 2030 la IA tendr\u00e1 Cuerpo ROBOT!\u201d - C\u00f3mo Aprovecharla y Ganar Dinero\" width=\"1200\" height=\"675\" src=\"https:\/\/www.youtube.com\/embed\/owgE1bFHc4o?feature=oembed\" frameborder=\"0\" allow=\"accelerometer; autoplay; clipboard-write; encrypted-media; gyroscope; picture-in-picture; web-share\" referrerpolicy=\"strict-origin-when-cross-origin\" allowfullscreen><\/iframe>\n<\/div><figcaption class=\"wp-element-caption\">Trabajo de oficina y la IA | V\u00eddeo: Tengo un Plan<\/figcaption><\/figure>\n\n\n\n<h2 class=\"wp-block-heading\">Del tecn\u00f3crata al trabajo m\u00e1s humano<\/h2>\n\n\n\n<p>El experto sostiene que el <a href=\"https:\/\/okdiario.com\/techy\/elegir-carrera-en-2026-ya-no-es-solo-vocacion-un-analisis-con-ia-apunta-a-3-grados-tradicionalmente-seguros-que-podrian-tener-peor-salida-en-10-o-20-anos\/21\/\">trabajo de oficina<\/a> tal y como se conoce, desde el tecn\u00f3crata avanzado hasta el perfil m\u00e1s tecn\u00f3logo, ya se puede cambiar por sistemas de IA en muchos casos. Tambi\u00e9n apunta a que podr\u00edan ganar peso trabajos m\u00e1s artesanales o claramente humanos, donde el contacto directo importa m\u00e1s que los documentos.<\/p>\n\n\n\n<div class=\"gb-element-72c78fb6\">\n<div><div class=\"gb-looper-f4de75b4\">\n<div class=\"gb-loop-item gb-loop-item-9fb557c3 post-2143 post type-post status-publish format-standard has-post-thumbnail hentry category-actualidad resize-featured-image\">\n<h4 class=\"gb-text gb-text-311990e4\">Lea tambi\u00e9n: <a href=\"https:\/\/okdiario.com\/techy\/quienes-son-los-cuatro-miembros-de-la-crew-12-y-por-que-se-retraso-su-lanzamiento-en-el-ultimo-momento-tras-cambios-en-la-cuarentena-y-el-calendario-ocho-meses-en-la-iss-y-una-mision-con-giros-y-vuel\/2143\/\">Qui\u00e9nes son los cuatro miembros de la Crew-12 y por qu\u00e9 se retras\u00f3 su lanzamiento en el \u00faltimo momento tras cambios en la cuarentena y el calendario, ocho meses en la ISS y una misi\u00f3n con giros y vueltas que parecen sacados de una serie de televisi\u00f3n<\/a><\/h4>\n<\/div>\n<\/div><\/div>\n<\/div>\n\n\n\n<p>S\u00e1ez no plantea un destino cerrado, pero insiste en la necesidad de reaccionar. Recuerda que en enero se han producido despidos en empresas tecnol\u00f3gicas y lanza un mensaje para quien quiera seguir en la capa productiva de la sociedad, porque \u00abtienes que cambiar la forma en la que aportes valor\u00bb. \u00abLa <a href=\"https:\/\/okdiario.com\/techy\/un-abogado-es-multado-con-26-millones-por-usar-la-inteligencia-artificial-en-un-recurso\/1874\/\">tecnolog\u00eda<\/a> ya existe y lo que se puede hacer es brutal\u00bb, concluye, y admite que cree que estamos infravalorando el alcance de esta ola.<\/p>\n\n\n\n<div class=\"gb-element-057e8dbe\">\n<div><div class=\"gb-looper-051b1c86\">\n<div class=\"gb-loop-item gb-loop-item-ec827749 post-2115 post type-post status-publish format-standard has-post-thumbnail hentry category-inteligencia-artificial resize-featured-image\">\n<h4 class=\"gb-text gb-text-c2b7e451\">Lea tambi\u00e9n: <a href=\"https:\/\/okdiario.com\/techy\/google-prohibe-a-los-suscriptores-de-gemini-ultra-utilizar-openclaw-lo-que-ha-desatado-la-polemica-los-usuarios-que-pagan-250-dolares-al-mes-afirman-que-no-hubo-una-advertencia-clara-y-que-solo-esta\/2115\/\">Google proh\u00edbe a los suscriptores de Gemini Ultra utilizar OpenClaw, lo que ha desatado la pol\u00e9mica. Los usuarios que pagan 250 d\u00f3lares al mes afirman que no hubo una advertencia clara y que solo estaban gastando su cuota<\/a><\/h4>\n<\/div>\n<\/div><\/div>\n<\/div>\n\n\n\n<p>El estudio citado se ha publicado en <a href=\"https:\/\/www.microsoft.com\/en-us\/worklab\/work-trend-index\/ai-at-work-is-here-now-comes-the-hard-part\" target=\"_blank\" rel=\"noopener\"><em>Microsoft<\/em><\/a>.<\/p>\n\n\n\n<p>Foto: Tengo un Plan<\/p>\n","protected":false},"excerpt":{"rendered":"<p>La inteligencia artificial ya no es una promesa lejana. Para Javier S\u00e1ez, director de IA en Learning Heroes y consultor &#8230; <\/p>\n<p class=\"read-more-container\"><a title=\"Javier S\u00e1ez da la voz de alarma: si tu trabajo consiste en sentarte delante de un ordenador, la IA ya te tiene en el punto de mira, la lista de tareas que ser\u00edan las primeras en desaparecer y el detalle que delata a cualquiera en cuesti\u00f3n de segundos\" class=\"read-more button\" href=\"https:\/\/okdiario.com\/techy\/javier-saez-da-la-voz-de-alarma-si-tu-trabajo-consiste-en-sentarte-delante-de-un-ordenador-la-ia-ya-te-tiene-en-el-punto-de-mira-la-lista-de-tareas-que-serian-las-primeras-en-desaparecer-y-el-detal\/2192\/#more-2192\" aria-label=\"Leer m\u00e1s sobre Javier S\u00e1ez da la voz de alarma: si tu trabajo consiste en sentarte delante de un ordenador, la IA ya te tiene en el punto de mira, la lista de tareas que ser\u00edan las primeras en desaparecer y el detalle que delata a cualquiera en cuesti\u00f3n de segundos\">Read more<\/a><\/p>\n","protected":false},"author":7,"featured_media":2193,"comment_status":"open","ping_status":"","sticky":false,"template":"","format":"standard","meta":{"footnotes":""},"categories":[6],"tags":[],"class_list":["post-2192","post","type-post","status-publish","format-standard","has-post-thumbnail","hentry","category-inteligencia-artificial","resize-featured-image"],"_links":{"self":[{"href":"https:\/\/okdiario.com\/techy\/wp-json\/wp\/v2\/posts\/2192","targetHints":{"allow":["GET"]}}],"collection":[{"href":"https:\/\/okdiario.com\/techy\/wp-json\/wp\/v2\/posts"}],"about":[{"href":"https:\/\/okdiario.com\/techy\/wp-json\/wp\/v2\/types\/post"}],"author":[{"embeddable":true,"href":"https:\/\/okdiario.com\/techy\/wp-json\/wp\/v2\/users\/7"}],"replies":[{"embeddable":true,"href":"https:\/\/okdiario.com\/techy\/wp-json\/wp\/v2\/comments?post=2192"}],"version-history":[{"count":2,"href":"https:\/\/okdiario.com\/techy\/wp-json\/wp\/v2\/posts\/2192\/revisions"}],"predecessor-version":[{"id":2234,"href":"https:\/\/okdiario.com\/techy\/wp-json\/wp\/v2\/posts\/2192\/revisions\/2234"}],"wp:featuredmedia":[{"embeddable":true,"href":"https:\/\/okdiario.com\/techy\/wp-json\/wp\/v2\/media\/2193"}],"wp:attachment":[{"href":"https:\/\/okdiario.com\/techy\/wp-json\/wp\/v2\/media?parent=2192"}],"wp:term":[{"taxonomy":"category","embeddable":true,"href":"https:\/\/okdiario.com\/techy\/wp-json\/wp\/v2\/categories?post=2192"},{"taxonomy":"post_tag","embeddable":true,"href":"https:\/\/okdiario.com\/techy\/wp-json\/wp\/v2\/tags?post=2192"}],"curies":[{"name":"wp","href":"https:\/\/api.w.org\/{rel}","templated":true}]}}