{"id":2109,"date":"2026-03-05T15:36:00","date_gmt":"2026-03-05T14:36:00","guid":{"rendered":"https:\/\/techy44.okdiario.com\/?p=2109"},"modified":"2026-03-04T12:45:31","modified_gmt":"2026-03-04T11:45:31","slug":"adios-a-moviles-militares-y-hola-a-apple-en-salas-sensibles-iphone-y-ipad-con-ios-26-ya-pueden-manejar-informacion-nato-restricted-y-es-un-bombazo-alemania-evaluo-la-seguridad-y-ah","status":"publish","type":"post","link":"https:\/\/okdiario.com\/techy\/adios-a-moviles-militares-y-hola-a-apple-en-salas-sensibles-iphone-y-ipad-con-ios-26-ya-pueden-manejar-informacion-nato-restricted-y-es-un-bombazo-alemania-evaluo-la-seguridad-y-ah\/2109\/","title":{"rendered":"Adi\u00f3s a m\u00f3viles \u2018militares\u2019 y hola a Apple en salas sensibles: iPhone y iPad con iOS 26 ya pueden manejar informaci\u00f3n NATO RESTRICTED y es un bombazo, Alemania evalu\u00f3 la seguridad y ahora vale para todos los pa\u00edses aliados"},"content":{"rendered":"\n<p>Apple ha logrado algo que hasta ahora estaba reservado a equipos muy especializados del mundo gubernamental. El iPhone y el iPad que se compran en una tienda normal han sido aprobados para manejar informaci\u00f3n clasificada de nivel OTAN Restringido en los 32 pa\u00edses aliados, usando iOS 26 y iPadOS 26 y sin necesidad de software, hardware ni accesorios de seguridad adicionales.<\/p>\n\n\n\n<p>En la pr\u00e1ctica, significa que un dispositivo de consumo puede sentarse sobre la mesa donde se toman decisiones sensibles, aunque dentro de un marco muy controlado. Los aliados de la OTAN ven este paso como un cambio en la forma en que se entiende la seguridad m\u00f3vil, m\u00e1s cercana a lo que la gente usa en su vida diaria que a los viejos terminales blindados.<\/p>\n\n\n\n<h2 class=\"wp-block-heading\">iPhone y iPad pasan el examen aliado<\/h2>\n\n\n\n<p>El visto bueno de la OTAN llega despu\u00e9s de que los sistemas de iOS y iPadOS acreditaran que pueden manejar datos clasificados hasta el nivel <a href=\"https:\/\/www.archives.gov\/cui\/registry\/category-detail\/nato-restricted\" target=\"_blank\" rel=\"noopener\">OTAN Restringido<\/a>, el escal\u00f3n m\u00e1s bajo del sistema de clasificaci\u00f3n aliado. Los dispositivos aparecen ahora en el <a href=\"https:\/\/www.ia.nato.int\/niapc\/Product\/Indigo-26_968\" target=\"_blank\" rel=\"noopener\">cat\u00e1logo<\/a> de productos de garant\u00eda de informaci\u00f3n de la alianza, que recoge la tecnolog\u00eda aprobada para entornos con informaci\u00f3n clasificada.<\/p>\n\n\n\n<div class=\"gb-element-a00da4e5\">\n<div><div class=\"gb-looper-46613eed\">\n<div class=\"gb-loop-item gb-loop-item-a8390598 post-2057 post type-post status-publish format-standard has-post-thumbnail hentry category-inteligencia-artificial resize-featured-image\">\n<h4 class=\"gb-text gb-text-24a51617\">Lea tambi\u00e9n: <a href=\"https:\/\/okdiario.com\/techy\/una-cafeteria-cambia-al-modo-gran-hermano-y-neurospot-ai-mide-el-tiempo-de-los-baristas-los-cafes-por-persona-y-los-clientes-desde-15-minutos-hasta-mas-de-una-hora\/2057\/\">Una cafeter\u00eda cambia al modo Gran Hermano y NeuroSpot AI mide el tiempo de los baristas, los caf\u00e9s por persona y los clientes, desde 15 minutos hasta m\u00e1s de una hora<\/a><\/h4>\n<\/div>\n<\/div><\/div>\n<\/div>\n\n\n\n<p>La certificaci\u00f3n cubre el uso de las apps integradas de Correo, Calendario y Contactos, que son las que suelen concentrar el trabajo diario de funcionarios y personal militar. Seg\u00fan la propia documentaci\u00f3n t\u00e9cnica, no hace falta instalar capas de seguridad externas siempre que el dispositivo est\u00e9 gestionado por un servicio de administraci\u00f3n y tenga activado un c\u00f3digo de acceso o la identificaci\u00f3n biom\u00e9trica.<\/p>\n\n\n\n<p>La pieza clave en todo este proceso ha sido la Oficina Federal Alemana para la Seguridad de la Informaci\u00f3n, conocida como <a href=\"https:\/\/www.bsi.bund.de\/DE\/Service-Navi\/Presse\/Pressemitteilungen\/Presse2022\/221005_Apple_Sicherheitsfunktionen.html\" target=\"_blank\" rel=\"noopener\">BSI<\/a>. Primero autoriz\u00f3 el uso de iPhone y iPad para informaci\u00f3n del gobierno alem\u00e1n en el nivel <a href=\"https:\/\/www.bsi.bund.de\/EN\/Themen\/Oeffentliche-Verwaltung\/Zulassung\/mobile_Kommunikation\/mobileKommunikation_node.html\" target=\"_blank\" rel=\"noopener\">VS NfD<\/a>, y despu\u00e9s ampli\u00f3 su evaluaci\u00f3n con pruebas t\u00e9cnicas exhaustivas y un an\u00e1lisis de seguridad profundo que ahora se extiende al conjunto de las naciones de la OTAN.<\/p>\n\n\n\n<div class=\"gb-element-744ef895\">\n<div><div class=\"gb-looper-8364bbdf\">\n<div class=\"gb-loop-item gb-loop-item-5ad2db1f post-2029 post type-post status-publish format-standard has-post-thumbnail hentry category-inteligencia-artificial resize-featured-image\">\n<h4 class=\"gb-text gb-text-409b477f\">Lea tambi\u00e9n: <a href=\"https:\/\/okdiario.com\/techy\/el-gran-problema-no-es-que-la-ia-mienta-sino-que-puede-fingir-un-razonamiento-moral-como-un-actor-perfecto-y-nadie-sabe-si-realmente-lo-entiende\/2029\/\">El gran problema no es que la IA mienta, sino que puede fingir un razonamiento moral como un actor perfecto, y nadie sabe si realmente lo entiende<\/a><\/h4>\n<\/div>\n<\/div><\/div>\n<\/div>\n\n\n\n<h2 class=\"wp-block-heading\">Qu\u00e9 significa el nivel OTAN Restringido<\/h2>\n\n\n\n<p>El sistema de clasificaci\u00f3n aliado incluye cuatro niveles de sensibilidad que van de OTAN Restringido a Confidencial, Secreto y Alto Secreto C\u00f3smico. El nivel aprobado para los dispositivos de Apple se aplica a informaci\u00f3n que, si se filtra, ser\u00eda perjudicial para los intereses de la alianza, pero no llega a los escalones superiores de riesgo.<\/p>\n\n\n\n<p>Para que un iPhone o un iPad entren en ese juego no basta con sacarlos de la caja y ya est\u00e1. Las directrices de la OTAN exigen que sean terminales gestionados, con pol\u00edticas de seguridad activadas, uso obligatorio de <a href=\"https:\/\/www.apple.com\/business-docs\/FaceID_Security_Guide.pdf\" target=\"_blank\" rel=\"noopener\">Face ID<\/a> o Touch ID y reglas estrictas en caso de p\u00e9rdida o robo del dispositivo.<\/p>\n\n\n\n<p>En otras palabras, el mismo hardware que alguien usa en casa puede servir para trabajo clasificado, pero solo cuando entra en un entorno muy controlado. No convierte cualquier m\u00f3vil personal en un \u201ctel\u00e9fono rojo\u201d, aunque el salto simb\u00f3lico es evidente.<\/p>\n\n\n\n<div class=\"gb-element-fe2e7b6b\">\n<div><div class=\"gb-looper-ec01ad13\">\n<div class=\"gb-loop-item gb-loop-item-445056a8 post-2020 post type-post status-publish format-standard has-post-thumbnail hentry category-actualidad resize-featured-image\">\n<h4 class=\"gb-text gb-text-856a81d1\">Lea tambi\u00e9n: <a href=\"https:\/\/okdiario.com\/techy\/adios-a-las-pilas-en-los-dispositivos-portatiles-japon-imprime-biopilas-en-una-sola-pasada-con-tinta-enzimatica-y-promete-parches-sanitarios-que-funcionan-con-el-sudor\/2020\/\">Adi\u00f3s a las pilas en los dispositivos port\u00e1tiles: Jap\u00f3n imprime biopilas en una sola pasada con tinta enzim\u00e1tica y promete parches sanitarios que funcionan con el sudor<\/a><\/h4>\n<\/div>\n<\/div><\/div>\n<\/div>\n\n\n\n<h2 class=\"wp-block-heading\">Seguridad integrada en el dispositivo<\/h2>\n\n\n\n<p>La certificaci\u00f3n se apoya en mecanismos que Apple lleva a\u00f1os incorporando a sus productos, como el <a href=\"https:\/\/support.apple.com\/guide\/security\/welcome\/web\" target=\"_blank\" rel=\"noopener\">cifrado<\/a> a nivel de hardware y el uso del enclave seguro para custodiar claves y datos biom\u00e9tricos. A esto se suma la autenticaci\u00f3n con Face ID y Touch ID, que impide el acceso cuando el dispositivo cae en manos no autorizadas, y una funci\u00f3n llamada Memory Integrity Enforcement que vigila la memoria para dificultar el trabajo del spyware.<\/p>\n\n\n\n<p>Ivan Krsti\u0107, responsable de ingenier\u00eda y arquitectura de seguridad en Apple, resume el cambio con una idea sencilla, aunque con bastante carga hist\u00f3rica. Antes de la llegada del iPhone, los dispositivos realmente seguros sol\u00edan ser soluciones a medida para gobiernos y grandes empresas, mientras que ahora esas mismas protecciones llegan \u201cde serie\u201d al usuario que compra un m\u00f3vil en tienda.<\/p>\n\n\n\n<p>La presidenta del BSI, Claudia Plattner, apunta que una transformaci\u00f3n digital segura solo funciona si la seguridad se incorpora desde el inicio del dise\u00f1o del producto. Su mensaje encaja con una tendencia m\u00e1s amplia en ciberseguridad, donde los reguladores valoran cada vez m\u00e1s que la protecci\u00f3n est\u00e9 integrada en la plataforma y no a\u00f1adida a \u00faltima hora como un parche.<\/p>\n\n\n\n<div class=\"gb-element-0bb57503\">\n<div><div class=\"gb-looper-34503574\">\n<div class=\"gb-loop-item gb-loop-item-ba8b31b0 post-2017 post type-post status-publish format-standard has-post-thumbnail hentry category-inteligencia-artificial resize-featured-image\">\n<h4 class=\"gb-text gb-text-89882a1a\">Lea tambi\u00e9n: <a href=\"https:\/\/okdiario.com\/techy\/lockheed-prueba-un-f-35-con-ia-que-identifica-contactos-desconocidos-en-vuelo-y-promete-recortar-el-tiempo-de-decision-del-piloto-en-segundos-criticos\/2017\/\">Lockheed prueba un F-35 con IA que identifica contactos desconocidos en vuelo y promete recortar el tiempo de decisi\u00f3n del piloto en segundos cr\u00edticos<\/a><\/h4>\n<\/div>\n<\/div><\/div>\n<\/div>\n\n\n\n<h2 class=\"wp-block-heading\">Qu\u00e9 cambia para defensa y empresas<\/h2>\n\n\n\n<p>Para personal de defensa, diplom\u00e1ticos y funcionarios militares, el movimiento abre la puerta a sustituir parte de los viejos terminales rugerizados por hardware de consumo m\u00e1s ligero, al menos para comunicaciones de nivel restringido. Es la primera vez que dispositivos m\u00f3viles de consumo alcanzan este nivel de certificaci\u00f3n aliada, lo que en gran medida refuerza su imagen de seguridad tambi\u00e9n en el mercado civil.<\/p>\n\n\n\n<p>Al final del d\u00eda, esto no elimina los riesgos, solo cambia el equilibrio entre comodidad y control. Expertos en seguridad recuerdan que usar dispositivos muy populares tambi\u00e9n ampl\u00eda la superficie de ataque, por lo que las pol\u00edticas de gesti\u00f3n y las auditor\u00edas seguir\u00e1n siendo cr\u00edticas incluso con la bendici\u00f3n de la OTAN.<\/p>\n\n\n\n<p>Para las empresas, incluso para quienes nunca ver\u00e1n un documento clasificado, la certificaci\u00f3n funciona como un sello indirecto. En la pr\u00e1ctica, significa que las mismas defensas que convencen a una alianza militar internacional respaldan tambi\u00e9n el m\u00f3vil del trabajador que revisa correos en el tren camino a la oficina.<\/p>\n\n\n\n<p>La nota de prensa oficial se ha publicado en <a href=\"https:\/\/www.apple.com\/es\/newsroom\/2026\/02\/iphone-and-ipad-approved-to-handle-classified-nato-information\/\" target=\"_blank\" rel=\"noopener\"><em>Apple Newsroom<\/em><\/a>.<\/p>\n\n\n\n<div class=\"gb-element-0ae7f5f5\">\n<div><div class=\"gb-looper-22024aed\">\n<div class=\"gb-loop-item gb-loop-item-6505c042 post-2011 post type-post status-publish format-standard has-post-thumbnail hentry category-inteligencia-artificial resize-featured-image\">\n<h4 class=\"gb-text gb-text-21c65d6a\">Lea tambi\u00e9n: <a href=\"https:\/\/okdiario.com\/techy\/angela-schijf-46-anos-confiesa-lo-que-mas-le-inquieta-hoy-la-inteligencia-artificial-me-da-miedo-va-demasiado-rapido\/2011\/\">Angela Schijf, (46 a\u00f1os), confiesa lo que m\u00e1s le inquieta hoy: \u201cLa inteligencia artificial me da miedo, va demasiado r\u00e1pido\u201d<\/a><\/h4>\n<\/div>\n<\/div><\/div>\n<\/div>\n","protected":false},"excerpt":{"rendered":"<p>Apple ha logrado algo que hasta ahora estaba reservado a equipos muy especializados del mundo gubernamental. El iPhone y el &#8230; <\/p>\n<p class=\"read-more-container\"><a title=\"Adi\u00f3s a m\u00f3viles \u2018militares\u2019 y hola a Apple en salas sensibles: iPhone y iPad con iOS 26 ya pueden manejar informaci\u00f3n NATO RESTRICTED y es un bombazo, Alemania evalu\u00f3 la seguridad y ahora vale para todos los pa\u00edses aliados\" class=\"read-more button\" href=\"https:\/\/okdiario.com\/techy\/adios-a-moviles-militares-y-hola-a-apple-en-salas-sensibles-iphone-y-ipad-con-ios-26-ya-pueden-manejar-informacion-nato-restricted-y-es-un-bombazo-alemania-evaluo-la-seguridad-y-ah\/2109\/#more-2109\" aria-label=\"Leer m\u00e1s sobre Adi\u00f3s a m\u00f3viles \u2018militares\u2019 y hola a Apple en salas sensibles: iPhone y iPad con iOS 26 ya pueden manejar informaci\u00f3n NATO RESTRICTED y es un bombazo, Alemania evalu\u00f3 la seguridad y ahora vale para todos los pa\u00edses aliados\">Read more<\/a><\/p>\n","protected":false},"author":7,"featured_media":2110,"comment_status":"open","ping_status":"","sticky":false,"template":"","format":"standard","meta":{"footnotes":""},"categories":[7],"tags":[],"class_list":["post-2109","post","type-post","status-publish","format-standard","has-post-thumbnail","hentry","category-ciberseguridad","resize-featured-image"],"_links":{"self":[{"href":"https:\/\/okdiario.com\/techy\/wp-json\/wp\/v2\/posts\/2109","targetHints":{"allow":["GET"]}}],"collection":[{"href":"https:\/\/okdiario.com\/techy\/wp-json\/wp\/v2\/posts"}],"about":[{"href":"https:\/\/okdiario.com\/techy\/wp-json\/wp\/v2\/types\/post"}],"author":[{"embeddable":true,"href":"https:\/\/okdiario.com\/techy\/wp-json\/wp\/v2\/users\/7"}],"replies":[{"embeddable":true,"href":"https:\/\/okdiario.com\/techy\/wp-json\/wp\/v2\/comments?post=2109"}],"version-history":[{"count":3,"href":"https:\/\/okdiario.com\/techy\/wp-json\/wp\/v2\/posts\/2109\/revisions"}],"predecessor-version":[{"id":2132,"href":"https:\/\/okdiario.com\/techy\/wp-json\/wp\/v2\/posts\/2109\/revisions\/2132"}],"wp:featuredmedia":[{"embeddable":true,"href":"https:\/\/okdiario.com\/techy\/wp-json\/wp\/v2\/media\/2110"}],"wp:attachment":[{"href":"https:\/\/okdiario.com\/techy\/wp-json\/wp\/v2\/media?parent=2109"}],"wp:term":[{"taxonomy":"category","embeddable":true,"href":"https:\/\/okdiario.com\/techy\/wp-json\/wp\/v2\/categories?post=2109"},{"taxonomy":"post_tag","embeddable":true,"href":"https:\/\/okdiario.com\/techy\/wp-json\/wp\/v2\/tags?post=2109"}],"curies":[{"name":"wp","href":"https:\/\/api.w.org\/{rel}","templated":true}]}}