{"id":2011,"date":"2026-03-03T09:42:00","date_gmt":"2026-03-03T08:42:00","guid":{"rendered":"https:\/\/techy44.okdiario.com\/?p=2011"},"modified":"2026-03-03T09:16:15","modified_gmt":"2026-03-03T08:16:15","slug":"angela-schijf-46-anos-confiesa-lo-que-mas-le-inquieta-hoy-la-inteligencia-artificial-me-da-miedo-va-demasiado-rapido","status":"publish","type":"post","link":"https:\/\/okdiario.com\/techy\/angela-schijf-46-anos-confiesa-lo-que-mas-le-inquieta-hoy-la-inteligencia-artificial-me-da-miedo-va-demasiado-rapido\/2011\/","title":{"rendered":"Angela Schijf, (46 a\u00f1os), confiesa lo que m\u00e1s le inquieta hoy: \u201cLa inteligencia artificial me da miedo, va demasiado r\u00e1pido\u201d"},"content":{"rendered":"\n<p>La actriz neerlandesa Angela Schijf, de cuarenta y seis a\u00f1os, regresa a la pantalla como Eva en una nueva temporada de \u00abFlikken Maastricht\u00bb. Vive en Amberes con su marido, el tambi\u00e9n actor Tom Van Landuyt, y con su hija peque\u00f1a, mientras las otras dos hijas ya se han independizado.<\/p>\n\n\n\n<p>En esta etapa profesional y personal, Schijf presenta una serie que define como \u201cs\u00faper emocionante\u201d y al mismo tiempo comparte dudas muy humanas sobre la tecnolog\u00eda, la familia y el paso del tiempo. Habla de miedo a la inteligencia artificial, de enfados que todav\u00eda le duelen y de c\u00f3mo la terapia y el jard\u00edn se han convertido en lugares para respirar.<\/p>\n\n\n\n<h2 class=\"wp-block-heading\">Nueva temporada y vida en familia<\/h2>\n\n\n\n<p>Angela Schijf adelanta que la nueva temporada de \u00abFlikken Maastricht\u00bb llega con historias sorprendentes. Su personaje, la inspectora Eva, ve c\u00f3mo su vida pierde toda estructura y da un vuelco, algo que la actriz vive como un reto creativo y emocional.<\/p>\n\n\n\n<div class=\"gb-element-a00da4e5\">\n<div><div class=\"gb-looper-46613eed\">\n<div class=\"gb-loop-item gb-loop-item-a8390598 post-2008 post type-post status-publish format-standard has-post-thumbnail hentry category-juegos resize-featured-image\">\n<h4 class=\"gb-text gb-text-24a51617\">Lea tambi\u00e9n: <a href=\"https:\/\/okdiario.com\/techy\/una-sola-carta-de-pokemon-rompe-el-record-mundial-en-subasta-con-16-492-000-dolares-y-es-tan-rara-que-solo-existen-39-copias\/2008\/\">Una sola carta de Pok\u00e9mon rompe el r\u00e9cord mundial en subasta con 16.492.000 d\u00f3lares y es tan rara que solo existen 39 copias<\/a><\/h4>\n<\/div>\n<\/div><\/div>\n<\/div>\n\n\n\n<p>Se trata de una serie polic\u00edaca de largo recorrido en la televisi\u00f3n p\u00fablica neerlandesa. AVROTROS emitir\u00e1 nuevos episodios en NPO 1 un viernes veintisiete de febrero a las ocho y media de la tarde y Schijf cree que muchos espectadores reconocer\u00e1n la tensi\u00f3n de intentar mantener el control cuando todo a su alrededor se desordena.<\/p>\n\n\n\n<h2 class=\"wp-block-heading\">La IA y otros miedos cotidianos<\/h2>\n\n\n\n<p>Cuando le preguntan qu\u00e9 la irrita m\u00e1s en este momento, Angela Schijf responde que la IA. Habla de inteligencia artificial como esos programas y sistemas que generan textos, im\u00e1genes o respuestas a partir de montones de datos y admite que, cuando busca algo en internet, ya no sabe si puede fiarse de lo que ve en la pantalla.<\/p>\n\n\n\n<div class=\"gb-element-d739ede9\">\n<div><div class=\"gb-looper-75c000fd\">\n<div class=\"gb-loop-item gb-loop-item-d6749f49 post-1984 post type-post status-publish format-standard has-post-thumbnail hentry category-juegos resize-featured-image\">\n<h4 class=\"gb-text gb-text-fdb4dd89\">Lea tambi\u00e9n: <a href=\"https:\/\/okdiario.com\/techy\/un-empleado-de-circle-k-compro-un-boleto-de-128-millones-en-su-propia-tienda-y-ahora-un-juez-tiene-que-decidir-quien-se-queda-con-el-premio\/1984\/\">Un empleado de Circle K compr\u00f3 un boleto de $12,8 millones en su propia tienda y ahora un juez tiene que decidir qui\u00e9n se queda con el premio<\/a><\/h4>\n<\/div>\n<\/div><\/div>\n<\/div>\n\n\n\n<p>Cuenta que los avances son tan r\u00e1pidos que la velocidad, m\u00e1s que entusiasmarla, la asusta. Al final del d\u00eda siente que la tecnolog\u00eda va por delante y que las personas corren detr\u00e1s intentando entender qu\u00e9 es real y qu\u00e9 no dentro de toda esa informaci\u00f3n automatizada, una sensaci\u00f3n que muchos comparten aunque no lo digan en voz alta.<\/p>\n\n\n\n<p>Sus miedos no se quedan en lo digital. Schijf confiesa que, mientras conduce, a menudo se imagina saliendo despedida en una curva o siendo golpeada por otro coche, pensamientos que describe como irracionales pero persistentes. En medio de esas preocupaciones tambi\u00e9n reconoce que los comestibles son \u201cinsoportablemente caros\u201d y recuerda una peque\u00f1a mentira reciente a su marido al asegurarle que hab\u00eda cerrado una ventana que en realidad no estaba segura de haber revisado.<\/p>\n\n\n\n<h2 class=\"wp-block-heading\">Culpa, terapia y recuerdos que no se van<\/h2>\n\n\n\n<p>Angela Schijf admite que a veces su propio car\u00e1cter la desborda. Relata que recientemente estaba tan irritable que perdi\u00f3 los nervios con su hija del medio y todav\u00eda se arrepiente, algo que ella misma califica como \u201crealmente no estuvo bien\u201d. Asegura que le habr\u00eda gustado escuchar antes la idea de que la ira puede existir y que incluso puede ser una fortaleza si se entiende y se canaliza bien en lugar de esconderla.<\/p>\n\n\n\n<div class=\"gb-element-081ac272\">\n<div><div class=\"gb-looper-b1e1d413\">\n<div class=\"gb-loop-item gb-loop-item-ecd9b50a post-1975 post type-post status-publish format-standard has-post-thumbnail hentry category-ciberseguridad resize-featured-image\">\n<h4 class=\"gb-text gb-text-56da4c7d\">Lea tambi\u00e9n: <a href=\"https:\/\/okdiario.com\/techy\/un-estudio-con-29-millones-de-pin-filtrados-desvela-el-dato-que-da-miedo-casi-1-de-cada-10-personas-usa-el-mismo-codigo-y-por-eso-adivinarlo-es-facilisimo\/1975\/\">Un estudio con 29 millones de PIN filtrados desvela el dato que da miedo: casi 1 de cada 10 personas usa el mismo c\u00f3digo y por eso adivinarlo es facil\u00edsimo<\/a><\/h4>\n<\/div>\n<\/div><\/div>\n<\/div>\n\n\n\n<p>La actriz cuenta que en las \u00faltimas veinticuatro horas ha pasado por la consulta de un haptonomista, un profesional que trabaja con el tacto y las sensaciones corporales, y que la sesi\u00f3n la conmovi\u00f3 hasta las l\u00e1grimas de liberaci\u00f3n. Tambi\u00e9n recuerda con cari\u00f1o las horas en la escuela de ballet de su pueblo y encuentra ahora alivio en la jardiner\u00eda y en gestos sencillos como llenar el carrito con fruta fresca.<\/p>\n","protected":false},"excerpt":{"rendered":"<p>La actriz neerlandesa Angela Schijf, de cuarenta y seis a\u00f1os, regresa a la pantalla como Eva en una nueva temporada &#8230; <\/p>\n<p class=\"read-more-container\"><a title=\"Angela Schijf, (46 a\u00f1os), confiesa lo que m\u00e1s le inquieta hoy: \u201cLa inteligencia artificial me da miedo, va demasiado r\u00e1pido\u201d\" class=\"read-more button\" href=\"https:\/\/okdiario.com\/techy\/angela-schijf-46-anos-confiesa-lo-que-mas-le-inquieta-hoy-la-inteligencia-artificial-me-da-miedo-va-demasiado-rapido\/2011\/#more-2011\" aria-label=\"Leer m\u00e1s sobre Angela Schijf, (46 a\u00f1os), confiesa lo que m\u00e1s le inquieta hoy: \u201cLa inteligencia artificial me da miedo, va demasiado r\u00e1pido\u201d\">Read more<\/a><\/p>\n","protected":false},"author":3,"featured_media":2012,"comment_status":"open","ping_status":"closed","sticky":false,"template":"","format":"standard","meta":{"footnotes":""},"categories":[6],"tags":[],"class_list":["post-2011","post","type-post","status-publish","format-standard","has-post-thumbnail","hentry","category-inteligencia-artificial","resize-featured-image"],"_links":{"self":[{"href":"https:\/\/okdiario.com\/techy\/wp-json\/wp\/v2\/posts\/2011","targetHints":{"allow":["GET"]}}],"collection":[{"href":"https:\/\/okdiario.com\/techy\/wp-json\/wp\/v2\/posts"}],"about":[{"href":"https:\/\/okdiario.com\/techy\/wp-json\/wp\/v2\/types\/post"}],"author":[{"embeddable":true,"href":"https:\/\/okdiario.com\/techy\/wp-json\/wp\/v2\/users\/3"}],"replies":[{"embeddable":true,"href":"https:\/\/okdiario.com\/techy\/wp-json\/wp\/v2\/comments?post=2011"}],"version-history":[{"count":3,"href":"https:\/\/okdiario.com\/techy\/wp-json\/wp\/v2\/posts\/2011\/revisions"}],"predecessor-version":[{"id":2041,"href":"https:\/\/okdiario.com\/techy\/wp-json\/wp\/v2\/posts\/2011\/revisions\/2041"}],"wp:featuredmedia":[{"embeddable":true,"href":"https:\/\/okdiario.com\/techy\/wp-json\/wp\/v2\/media\/2012"}],"wp:attachment":[{"href":"https:\/\/okdiario.com\/techy\/wp-json\/wp\/v2\/media?parent=2011"}],"wp:term":[{"taxonomy":"category","embeddable":true,"href":"https:\/\/okdiario.com\/techy\/wp-json\/wp\/v2\/categories?post=2011"},{"taxonomy":"post_tag","embeddable":true,"href":"https:\/\/okdiario.com\/techy\/wp-json\/wp\/v2\/tags?post=2011"}],"curies":[{"name":"wp","href":"https:\/\/api.w.org\/{rel}","templated":true}]}}