{"id":1952,"date":"2026-02-28T18:47:00","date_gmt":"2026-02-28T17:47:00","guid":{"rendered":"https:\/\/techy44.okdiario.com\/?p=1952"},"modified":"2026-02-26T14:51:33","modified_gmt":"2026-02-26T13:51:33","slug":"golpe-a-anonymous-fenix-en-espana-detenidos-los-cuatro-hackers-principales-tras-una-oleada-de-ataques-ddos-contra-ministerios-y-webs-publicas","status":"publish","type":"post","link":"https:\/\/okdiario.com\/techy\/golpe-a-anonymous-fenix-en-espana-detenidos-los-cuatro-hackers-principales-tras-una-oleada-de-ataques-ddos-contra-ministerios-y-webs-publicas\/1952\/","title":{"rendered":"Golpe a \u2018Anonymous F\u00e9nix\u2019 en Espa\u00f1a: detenidos los cuatro hackers principales tras una oleada de ataques DDoS contra ministerios y webs p\u00fablicas"},"content":{"rendered":"\n<p>La Guardia Civil ha detenido a los cuatro principales integrantes del grupo hacktivista espa\u00f1ol \u00abAnonymous F\u00e9nix\u00bb por su presunta participaci\u00f3n en <a href=\"https:\/\/www.incibe.es\/sites\/default\/files\/docs\/guia-ciberataques\/osi-guia-ciberataques.pdf\" target=\"_blank\" rel=\"noopener\">ciberataques<\/a> contra webs de ministerios, partidos pol\u00edticos e instituciones p\u00fablicas. Seg\u00fan la <a href=\"https:\/\/web.guardiacivil.es\/es\/destacados\/noticias\/Detenidos-los-cuatro-principales-integrantes-del-grupo-hacktivista-Anonymous-Fenix-por-ciberataques-contra-organismos-publicos\/\" target=\"_blank\" rel=\"noopener\">nota oficial<\/a>, los arrestos culminan una investigaci\u00f3n abierta tras la aparici\u00f3n del grupo en 2023.<\/p>\n\n\n\n<p>El grupo se hizo especialmente visible tras la <a href=\"https:\/\/aemetblog.es\/2023\/06\/03\/que-es-una-dana-y-como-se-formapor-que-es-mas-adecuado-usar-este-termino-que-gota-fria\/\" target=\"_blank\" rel=\"noopener\">DANA<\/a> de Valencia de 2024, cuando sus ataques lograron tumbar de forma temporal varias p\u00e1ginas de la Administraci\u00f3n. \u00bfQu\u00e9 significa esto para cualquiera que entra a diario en la web de un ministerio? Que unos pocos clics coordinados pueden dejar fuera de juego servicios que mucha gente necesita en momentos cr\u00edticos.<\/p>\n\n\n\n<h2 class=\"wp-block-heading\">Qui\u00e9n es el grupo \u00abAnonymous F\u00e9<strong>nix\u00bb<\/strong><\/h2>\n\n\n\n<p>Seg\u00fan la Guardia Civil, \u00abAnonymous F\u00e9nix\u00bb comenz\u00f3 su actividad en abril de 2023 y se presentaba como parte del movimiento internacional Anonymous. Su campo de operaciones eran las redes sociales, sobre todo X y Telegram, donde publicaban noticias e informaci\u00f3n contra instituciones espa\u00f1olas y contra gobiernos de varios pa\u00edses de Sudam\u00e9rica.<\/p>\n\n\n\n<p>A partir de septiembre de 2024, el grupo lanz\u00f3 una campa\u00f1a de reclutamiento dirigida a voluntarios dispuestos a participar en ataques coordinados. En la pr\u00e1ctica, esto convirti\u00f3 sus canales en algo parecido a una sala de mando digital donde se anunciaban objetivos y horarios para los ciberataques.<\/p>\n\n\n\n<figure class=\"wp-block-embed is-type-video is-provider-youtube wp-block-embed-youtube wp-embed-aspect-16-9 wp-has-aspect-ratio\"><div class=\"wp-block-embed__wrapper\">\n<iframe loading=\"lazy\" title=\"Detenidos los cuatro principales miembros del grupos &#039;Anonymous F\u00e9nix&#039;\" width=\"1200\" height=\"675\" src=\"https:\/\/www.youtube.com\/embed\/pLP_-k-qe30?feature=oembed\" frameborder=\"0\" allow=\"accelerometer; autoplay; clipboard-write; encrypted-media; gyroscope; picture-in-picture; web-share\" referrerpolicy=\"strict-origin-when-cross-origin\" allowfullscreen><\/iframe>\n<\/div><figcaption class=\"wp-element-caption\">Momento de la detenci\u00f3n | V\u00eddeo: Europa Press<\/figcaption><\/figure>\n\n\n\n<h2 class=\"wp-block-heading\">C\u00f3mo funcionaban los ciberataques DDoS<\/h2>\n\n\n\n<p>Los ataques atribuidos a \u00abAnonymous F\u00e9nix\u00bb se basaban en la t\u00e9cnica conocida como <a href=\"https:\/\/www.incibe.es\/ciudadania\/blog\/que-son-los-ataques-dos-y-ddos\" target=\"_blank\" rel=\"noopener\">denegaci\u00f3n distribuida de servicios<\/a>, o DDoS. En t\u00e9rminos simples, consiste en enviar a una misma web una avalancha de peticiones al mismo tiempo hasta que el servidor se satura y deja de responder a los usuarios normales.<\/p>\n\n\n\n<p>Es como si miles de personas llamaran a la vez a la misma puerta digital. Durante esos minutos u horas, quien intenta hacer un tr\u00e1mite en la web afectada se encuentra con un portal ca\u00eddo o muy lento, algo que muchos ciudadanos han sufrido alguna vez sin saber qu\u00e9 ocurre detr\u00e1s.<\/p>\n\n\n\n<h2 class=\"wp-block-heading\">Investigaci\u00f3n, detenciones y por qu\u00e9 importa<\/h2>\n\n\n\n<p>La operaci\u00f3n se desarroll\u00f3 en dos fases. En mayo de 2025, agentes especializados detuvieron al administrador y al moderador del grupo en Alcal\u00e1 de Henares y Oviedo, y el an\u00e1lisis de sus equipos llev\u00f3 a identificar a los dos hackers m\u00e1s activos, arrestados a mediados de febrero en Ibiza y M\u00f3stoles.<\/p>\n\n\n\n<p>Adem\u00e1s de las detenciones, la Justicia ha intervenido el perfil del grupo en X y su cuenta de YouTube, y ha ordenado el cierre de su canal en Telegram. La investigaci\u00f3n ha contado con el apoyo t\u00e9cnico del <a href=\"https:\/\/www.cni.es\/centro-criptologico-nacional\" target=\"_blank\" rel=\"noopener\">Centro Criptol\u00f3gico Nacional<\/a> y la coordinaci\u00f3n de la <a href=\"https:\/\/www.fiscal.es\/memorias\/memoria2024\/FISCALIA_SITE\/capitulo_III\/cap_III_8_3.html\" target=\"_blank\" rel=\"noopener\">Fiscal\u00eda de Criminalidad Inform\u00e1tica<\/a>, la Fiscal\u00eda de Madrid y un juzgado de instrucci\u00f3n de Madrid.<\/p>\n\n\n\n<p>Todo este esfuerzo puede sonar lejano, pero afecta de lleno a la vida diaria. Cada vez que una web p\u00fablica permanece disponible durante una crisis, hay detr\u00e1s equipos que intentan frenar ataques como los de \u00abAnonymous F\u00e9nix\u00bb para evitar que un tr\u00e1mite urgente, una cita m\u00e9dica o una ayuda econ\u00f3mica quede bloqueada cuando m\u00e1s se necesita.<\/p>\n\n\n\n<p>La nota de prensa oficial se ha publicado en la p\u00e1gina web de la <a href=\"https:\/\/www.guardiacivil.es\" target=\"_blank\" rel=\"noopener\"><em>Guardia Civil<\/em><\/a>.<\/p>\n","protected":false},"excerpt":{"rendered":"<p>La Guardia Civil ha detenido a los cuatro principales integrantes del grupo hacktivista espa\u00f1ol \u00abAnonymous F\u00e9nix\u00bb por su presunta participaci\u00f3n &#8230; <\/p>\n<p class=\"read-more-container\"><a title=\"Golpe a \u2018Anonymous F\u00e9nix\u2019 en Espa\u00f1a: detenidos los cuatro hackers principales tras una oleada de ataques DDoS contra ministerios y webs p\u00fablicas\" class=\"read-more button\" href=\"https:\/\/okdiario.com\/techy\/golpe-a-anonymous-fenix-en-espana-detenidos-los-cuatro-hackers-principales-tras-una-oleada-de-ataques-ddos-contra-ministerios-y-webs-publicas\/1952\/#more-1952\" aria-label=\"Leer m\u00e1s sobre Golpe a \u2018Anonymous F\u00e9nix\u2019 en Espa\u00f1a: detenidos los cuatro hackers principales tras una oleada de ataques DDoS contra ministerios y webs p\u00fablicas\">Read more<\/a><\/p>\n","protected":false},"author":3,"featured_media":1953,"comment_status":"open","ping_status":"","sticky":false,"template":"","format":"standard","meta":{"footnotes":""},"categories":[7],"tags":[],"class_list":["post-1952","post","type-post","status-publish","format-standard","has-post-thumbnail","hentry","category-ciberseguridad","resize-featured-image"],"_links":{"self":[{"href":"https:\/\/okdiario.com\/techy\/wp-json\/wp\/v2\/posts\/1952","targetHints":{"allow":["GET"]}}],"collection":[{"href":"https:\/\/okdiario.com\/techy\/wp-json\/wp\/v2\/posts"}],"about":[{"href":"https:\/\/okdiario.com\/techy\/wp-json\/wp\/v2\/types\/post"}],"author":[{"embeddable":true,"href":"https:\/\/okdiario.com\/techy\/wp-json\/wp\/v2\/users\/3"}],"replies":[{"embeddable":true,"href":"https:\/\/okdiario.com\/techy\/wp-json\/wp\/v2\/comments?post=1952"}],"version-history":[{"count":1,"href":"https:\/\/okdiario.com\/techy\/wp-json\/wp\/v2\/posts\/1952\/revisions"}],"predecessor-version":[{"id":1956,"href":"https:\/\/okdiario.com\/techy\/wp-json\/wp\/v2\/posts\/1952\/revisions\/1956"}],"wp:featuredmedia":[{"embeddable":true,"href":"https:\/\/okdiario.com\/techy\/wp-json\/wp\/v2\/media\/1953"}],"wp:attachment":[{"href":"https:\/\/okdiario.com\/techy\/wp-json\/wp\/v2\/media?parent=1952"}],"wp:term":[{"taxonomy":"category","embeddable":true,"href":"https:\/\/okdiario.com\/techy\/wp-json\/wp\/v2\/categories?post=1952"},{"taxonomy":"post_tag","embeddable":true,"href":"https:\/\/okdiario.com\/techy\/wp-json\/wp\/v2\/tags?post=1952"}],"curies":[{"name":"wp","href":"https:\/\/api.w.org\/{rel}","templated":true}]}}