{"id":1921,"date":"2026-02-27T12:42:00","date_gmt":"2026-02-27T11:42:00","guid":{"rendered":"https:\/\/techy44.okdiario.com\/?p=1921"},"modified":"2026-02-26T13:18:03","modified_gmt":"2026-02-26T12:18:03","slug":"mexico-se-lanza-a-por-el-top-20-mundial-con-coatlicue-y-sus-314-petaflops-que-podrian-convertirla-en-la-supercomputadora-publica-mas-grande-de-latinoamerica","status":"publish","type":"post","link":"https:\/\/okdiario.com\/techy\/mexico-se-lanza-a-por-el-top-20-mundial-con-coatlicue-y-sus-314-petaflops-que-podrian-convertirla-en-la-supercomputadora-publica-mas-grande-de-latinoamerica\/1921\/","title":{"rendered":"M\u00e9xico se lanza a por el Top 20 mundial con Coatlicue y sus 314 petaflops que podr\u00edan convertirla en la supercomputadora p\u00fablica m\u00e1s grande de Latinoam\u00e9rica"},"content":{"rendered":"\n<p><a href=\"https:\/\/www.gob.mx\/presidencia\/prensa\/presidenta-claudia-sheinbaum-presenta-coatlicue-la-supercomputadora-del-pueblo-de-mexico-y-la-mas-poderosa-de-america-latina\" target=\"_blank\" rel=\"noopener\">Coatlicue<\/a> es la supercomputadora que el Gobierno de M\u00e9xico quiere poner en marcha hacia 2027. Con una potencia prevista de 314 petaflops, los c\u00e1lculos oficiales apuntan a que podr\u00eda situarse entre las veinte m\u00e1quinas m\u00e1s potentes del mundo y convertirse en la mayor de Am\u00e9rica Latina.<\/p>\n\n\n\n<p>El proyecto lo coordina la <a href=\"https:\/\/www.gob.mx\/atdt\" target=\"_blank\" rel=\"noopener\">Agencia de Transformaci\u00f3n Digital y Telecomunicaciones<\/a>, que la ve como una forma de atacar problemas p\u00fablicos que llevan a\u00f1os pendientes. En palabras de <a href=\"https:\/\/www.gob.mx\/atdt\/sobre-la-agencia\" target=\"_blank\" rel=\"noopener\">Jorge Luis P\u00e9rez Hern\u00e1ndez<\/a>, \u00abCoatlicue es la semilla para resolver los problemas de hoy y preparar a las generaciones futuras\u00bb.<\/p>\n\n\n\n<h2 class=\"wp-block-heading\">Una supercomputadora para problemas muy concretos<\/h2>\n\n\n\n<p>Seg\u00fan Jorge Luis P\u00e9rez Hern\u00e1ndez, ser\u00e1 la primera vez que M\u00e9xico disponga de una supercomputadora de esta magnitud. Muchos investigadores mexicanos ya trabajan en centros de otros pa\u00edses y, al volver, se quedan sin una herramienta similar. La apuesta es que puedan seguir investigando aqu\u00ed con infraestructura de alto nivel.<\/p>\n\n\n\n<p>\u00bfQu\u00e9 hacer con tanta potencia de c\u00e1lculo? Dentro del equipo unos miran a la eficiencia energ\u00e9tica, otros al clima y otros al combate a la corrupci\u00f3n. La idea es que, con suficientes datos y c\u00f3mputo, estos retos se vuelvan m\u00e1s abordables sin presentar a Coatlicue como una varita m\u00e1gica.<\/p>\n\n\n\n<h2 class=\"wp-block-heading\">C\u00f3mo ser\u00e1 Coatlicue y qu\u00e9 necesita para funcionar<\/h2>\n\n\n\n<p>La agencia firm\u00f3 un convenio con el <a href=\"https:\/\/www.ciencia.gob.es\/Noticias\/2026\/enero\/adjudicada-ampliacion-MareNostrum-5-BSC.html\" target=\"_blank\" rel=\"noopener\">Centro de Supercomputaci\u00f3n de Barcelona<\/a>, cuyo director, Mateo Valero, asesora al equipo mexicano. All\u00ed combinan CPUs y GPUs, mientras que el dise\u00f1o de Coatlicue apuesta casi por completo por tarjetas gr\u00e1ficas para modelos de inteligencia artificial y an\u00e1lisis de datos.<\/p>\n\n\n\n<p>El dise\u00f1o prev\u00e9 miles de GPUs integradas en cientos de racks para sumar la potencia necesaria. Alimentar y enfriar esa maquinaria exige m\u00e1s de doce megavatios, coordinaci\u00f3n con la <a href=\"https:\/\/www.cfe.mx\/\" target=\"_blank\" rel=\"noopener\">Comisi\u00f3n Federal de Electricidad<\/a> y un sistema geot\u00e9rmico en circuito cerrado que recircula el agua bajo tierra en lugar de evaporarla.<\/p>\n\n\n\n<h2 class=\"wp-block-heading\">Calendario, futuro y papel en la innovaci\u00f3n mexicana<\/h2>\n\n\n\n<p>El calendario t\u00e9cnico es ajustado. En 2026 se abordar\u00eda la obra civil y la infraestructura el\u00e9ctrica y de refrigeraci\u00f3n y, en paralelo, se lanzar\u00eda la compra de las GPUs con la idea de recibir el nuevo modelo en 2027 y renovar el hardware cada cinco a\u00f1os.<\/p>\n\n\n\n<p>Con la potencia prevista, el equipo calcula que Coatlicue podr\u00eda entrar en el Top 20 mundial. Aun as\u00ed, P\u00e9rez Hern\u00e1ndez insiste en que no buscan una carrera de supercomputadoras y opina que, por ahora, la computaci\u00f3n cu\u00e1ntica sigue inmadura para encargarse de los problemas p\u00fablicos que apremian a M\u00e9xico.<\/p>\n\n\n\n<p>Coatlicue forma parte del programa <a href=\"https:\/\/www.gob.mx\/atdt\/comunicacion\/mexico-pone-en-marcha-el-mayor-centro-de-formacion-en-inteligencia-artificial-de-latinoamerica\" target=\"_blank\" rel=\"noopener\">M\u00e9xico pa\u00eds de innovaci\u00f3n<\/a>, que incluye iniciativas de formaci\u00f3n en inteligencia artificial y an\u00e1lisis de datos. Si el plan se mantiene, el \u00e9xito de la supercomputadora se medir\u00e1 menos en petaflops y m\u00e1s en los cambios que logre en la ciencia y los servicios p\u00fablicos.<\/p>\n\n\n\n<p>El proyecto Coatlicue se ha presentado oficialmente por la Agencia de Transformaci\u00f3n Digital y Telecomunicaciones, con asesor\u00eda del Centro de Supercomputaci\u00f3n de Barcelona.<\/p>\n\n\n\n<p>Foto: Gobierno de M\u00e9xico<\/p>\n","protected":false},"excerpt":{"rendered":"<p>Coatlicue es la supercomputadora que el Gobierno de M\u00e9xico quiere poner en marcha hacia 2027. Con una potencia prevista de &#8230; <\/p>\n<p class=\"read-more-container\"><a title=\"M\u00e9xico se lanza a por el Top 20 mundial con Coatlicue y sus 314 petaflops que podr\u00edan convertirla en la supercomputadora p\u00fablica m\u00e1s grande de Latinoam\u00e9rica\" class=\"read-more button\" href=\"https:\/\/okdiario.com\/techy\/mexico-se-lanza-a-por-el-top-20-mundial-con-coatlicue-y-sus-314-petaflops-que-podrian-convertirla-en-la-supercomputadora-publica-mas-grande-de-latinoamerica\/1921\/#more-1921\" aria-label=\"Leer m\u00e1s sobre M\u00e9xico se lanza a por el Top 20 mundial con Coatlicue y sus 314 petaflops que podr\u00edan convertirla en la supercomputadora p\u00fablica m\u00e1s grande de Latinoam\u00e9rica\">Read more<\/a><\/p>\n","protected":false},"author":3,"featured_media":1923,"comment_status":"open","ping_status":"","sticky":false,"template":"","format":"standard","meta":{"footnotes":""},"categories":[4],"tags":[],"class_list":["post-1921","post","type-post","status-publish","format-standard","has-post-thumbnail","hentry","category-dispositivos","resize-featured-image"],"_links":{"self":[{"href":"https:\/\/okdiario.com\/techy\/wp-json\/wp\/v2\/posts\/1921","targetHints":{"allow":["GET"]}}],"collection":[{"href":"https:\/\/okdiario.com\/techy\/wp-json\/wp\/v2\/posts"}],"about":[{"href":"https:\/\/okdiario.com\/techy\/wp-json\/wp\/v2\/types\/post"}],"author":[{"embeddable":true,"href":"https:\/\/okdiario.com\/techy\/wp-json\/wp\/v2\/users\/3"}],"replies":[{"embeddable":true,"href":"https:\/\/okdiario.com\/techy\/wp-json\/wp\/v2\/comments?post=1921"}],"version-history":[{"count":1,"href":"https:\/\/okdiario.com\/techy\/wp-json\/wp\/v2\/posts\/1921\/revisions"}],"predecessor-version":[{"id":1924,"href":"https:\/\/okdiario.com\/techy\/wp-json\/wp\/v2\/posts\/1921\/revisions\/1924"}],"wp:featuredmedia":[{"embeddable":true,"href":"https:\/\/okdiario.com\/techy\/wp-json\/wp\/v2\/media\/1923"}],"wp:attachment":[{"href":"https:\/\/okdiario.com\/techy\/wp-json\/wp\/v2\/media?parent=1921"}],"wp:term":[{"taxonomy":"category","embeddable":true,"href":"https:\/\/okdiario.com\/techy\/wp-json\/wp\/v2\/categories?post=1921"},{"taxonomy":"post_tag","embeddable":true,"href":"https:\/\/okdiario.com\/techy\/wp-json\/wp\/v2\/tags?post=1921"}],"curies":[{"name":"wp","href":"https:\/\/api.w.org\/{rel}","templated":true}]}}