{"id":1854,"date":"2026-02-25T18:35:00","date_gmt":"2026-02-25T17:35:00","guid":{"rendered":"https:\/\/techy44.okdiario.com\/?p=1854"},"modified":"2026-02-25T20:22:40","modified_gmt":"2026-02-25T19:22:40","slug":"el-historico-plan-de-espana-y-portugal-para-lanzar-una-flota-de-satelites-que-vigilara-cada-rincon-de-nuestras-costas-desde-el-espacio","status":"publish","type":"post","link":"https:\/\/okdiario.com\/techy\/el-historico-plan-de-espana-y-portugal-para-lanzar-una-flota-de-satelites-que-vigilara-cada-rincon-de-nuestras-costas-desde-el-espacio\/1854\/","title":{"rendered":"El hist\u00f3rico plan de Espa\u00f1a y Portugal para lanzar una flota de sat\u00e9lites que vigilar\u00e1 cada rinc\u00f3n de nuestras costas desde el espacio"},"content":{"rendered":"\n<p><em>La Agencia Espacial Espa\u00f1ola prev\u00e9 tener listo el primer aparato a finales de 2026 y apunta a un primer lanzamiento en la primera mitad de 2027, con Open Cosmos al frente del tramo espa\u00f1ol<\/em><\/p>\n\n\n\n<p>La alianza hispanoportuguesa para desplegar una <strong>\u201cConstelaci\u00f3n Atl\u00e1ntica\u201d<\/strong> de observaci\u00f3n de la Tierra entra en fase industrial con un objetivo muy concreto: <strong>mirar con m\u00e1s frecuencia<\/strong> el territorio y el oc\u00e9ano para mejorar la respuesta ante incendios, temporales, inundaciones o episodios de erosi\u00f3n costera. El plan, impulsado por Espa\u00f1a y Portugal, prev\u00e9 <strong>16 sat\u00e9lites<\/strong> operando de forma coordinada, ocho aportados por cada pa\u00eds. En el caso espa\u00f1ol, la <a href=\"https:\/\/www.aee.gob.es\/Noticias\/2025\/julio\/open-cosmos-constelacion-atlantica.html\" target=\"_blank\" rel=\"noopener\"><strong>Agencia Espacial Espa\u00f1ola<\/strong><\/a> ha seleccionado a <strong>Open Cosmos<\/strong> para liderar el desarrollo del componente nacional.<\/p>\n\n\n\n<div class=\"gb-element-a00da4e5\">\n<div><div class=\"gb-looper-46613eed\">\n<div class=\"gb-loop-item gb-loop-item-a8390598 post-37 post type-post status-publish format-standard has-post-thumbnail hentry category-dispositivos resize-featured-image\">\n<h4 class=\"gb-text gb-text-24a51617\">Lea tambi\u00e9n: <a href=\"https:\/\/okdiario.com\/techy\/cientificos-desarrollan-pancreas-artificial-con-celulas-vivas-y-que-puede-ser-una-esperanza-para-diabeticos\/37\/\">Cient\u00edficos desarrollan p\u00e1ncreas artificial con c\u00e9lulas vivas y que puede ser una esperanza para diab\u00e9ticos<\/a><\/h4>\n<\/div>\n<\/div><\/div>\n<\/div>\n\n\n\n<p>El calendario que maneja la parte espa\u00f1ola pasa por un primer sat\u00e9lite de demostraci\u00f3n, el <strong>Pathfinder<\/strong>, cuya finalizaci\u00f3n se sit\u00faa <strong>a finales de 2026<\/strong>, para optar despu\u00e9s a un lanzamiento en la <strong>primera mitad de 2027<\/strong> si el programa mantiene el ritmo previsto. A partir de ah\u00ed, la constelaci\u00f3n deber\u00eda ir complet\u00e1ndose con m\u00e1s unidades en los a\u00f1os siguientes.<\/p>\n\n\n\n<p>El dise\u00f1o pol\u00edtico del proyecto no se limita a repartir el trabajo en dos mitades. La idea es operar como <strong>un sistema compartido<\/strong>, de modo que cada pa\u00eds pueda aprovechar la cobertura completa cuando la constelaci\u00f3n sobrevuele su zona de inter\u00e9s. Este tipo de arquitectura busca que la informaci\u00f3n llegue antes a quienes toman decisiones, desde servicios de emergencias hasta organismos ambientales o mar\u00edtimos, y reduce la dependencia de compras puntuales de im\u00e1genes en crisis.<\/p>\n\n\n\n<h2 class=\"wp-block-heading\">Qu\u00e9 \u201cmide\u201d el Atl\u00e1ntico desde \u00f3rbita<\/h2>\n\n\n\n<p>La aportaci\u00f3n espa\u00f1ola se apoya en peque\u00f1os sat\u00e9lites con una combinaci\u00f3n de cargas \u00fatiles pensada para usos civiles con impacto inmediato. La Agencia Espacial Espa\u00f1ola ha detallado, dentro del paquete adjudicado, una <strong>c\u00e1mara multiespectral<\/strong>, tecnolog\u00eda de <strong>reflectometr\u00eda GNSS R<\/strong> para inferencias sobre el estado de la superficie y un m\u00f3dulo para <strong>conectividad IoT<\/strong>, con peso industrial espa\u00f1ol en buena parte de los equipos.<\/p>\n\n\n\n<div class=\"gb-element-9969c055\">\n<div><div class=\"gb-looper-c47ae8b6\">\n<div class=\"gb-loop-item gb-loop-item-4ffc7371 post-34 post type-post status-publish format-standard has-post-thumbnail hentry category-juegos resize-featured-image\">\n<h4 class=\"gb-text gb-text-cdf3a290\">Lea tambi\u00e9n: <a href=\"https:\/\/okdiario.com\/techy\/playstation-6-podria-no-llegar-en-2027-y-el-motivo-no-es-un-juego-ni-una-estrategia-de-sony-es-la-guerra-por-la-memoria-que-esta-provocando-la-ia\/34\/\">PlayStation 6 podr\u00eda no llegar en 2027 y el motivo no es un juego ni una estrategia de Sony, es la guerra por la memoria que est\u00e1 provocando la IA<\/a><\/h4>\n<\/div>\n<\/div><\/div>\n<\/div>\n\n\n\n<p>En la pr\u00e1ctica, esa mezcla permite vigilar <strong>vegetaci\u00f3n y humedad<\/strong>, detectar cambios tras incendios, seguir <strong>din\u00e1micas costeras<\/strong> y mejorar la trazabilidad de fen\u00f3menos que hoy se reconstruyen con m\u00e1s lagunas de tiempo. El enfoque est\u00e1 alineado con una tendencia clara del sector. M\u00e1s sat\u00e9lites m\u00e1s peque\u00f1os para acortar revisitas y obtener series temporales \u00fatiles, no solo \u201cfotos bonitas\u201d espaciadas.<\/p>\n\n\n\n<h2 class=\"wp-block-heading\"><strong>La industria espa\u00f1ola como parte del ar<\/strong>g<strong>umento<\/strong><\/h2>\n\n\n\n<p>La Constelaci\u00f3n Atl\u00e1ntica tambi\u00e9n se presenta como un programa de <strong>autonom\u00eda estrat\u00e9gica<\/strong>, un t\u00e9rmino que en el espacio significa asegurar acceso propio a datos cr\u00edticos, capacidades industriales y ciclos de desarrollo que no dependan de terceros en momentos sensibles. La adjudicaci\u00f3n a Open Cosmos se produjo tras un proceso competitivo gestionado por la ESA, con el objetivo expl\u00edcito de reforzar el tejido industrial nacional y acelerar la madurez del ecosistema de peque\u00f1os sat\u00e9lites.<\/p>\n\n\n\n<p>Adem\u00e1s de la fabricaci\u00f3n, el valor real se juega despu\u00e9s en el terreno menos visible. La cadena de procesamiento, la validaci\u00f3n cient\u00edfica, la explotaci\u00f3n de productos y servicios y la integraci\u00f3n con sistemas nacionales de emergencias y vigilancia mar\u00edtima. Ah\u00ed es donde la constelaci\u00f3n puede dejar de ser un proyecto tecnol\u00f3gico para convertirse en infraestructura p\u00fablica de datos.<\/p>\n\n\n\n<h2 class=\"wp-block-heading\">M\u00e1laga como term\u00f3metro del \u201cnew space\u201d espa\u00f1ol<\/h2>\n\n\n\n<p>El programa ha ido ganando foco en encuentros sectoriales como el <strong>Small Satellites and Services International Forum<\/strong> de M\u00e1laga, convertido en escaparate de la industria de peque\u00f1os sat\u00e9lites y de la <a href=\"https:\/\/esastar-publication-ext.sso.esa.int\/ESATenderActions\/details\/126526\" target=\"_blank\" rel=\"noopener\">conversaci\u00f3n europea<\/a> sobre capacidades duales, resiliencia y comunicaciones seguras.<\/p>\n\n\n\n<div class=\"gb-element-df96ab37\">\n<div><div class=\"gb-looper-be075dee\">\n<div class=\"gb-loop-item gb-loop-item-099fd3a2 post-40 post type-post status-publish format-standard has-post-thumbnail hentry category-actualidad resize-featured-image\">\n<h4 class=\"gb-text gb-text-8cafb7af\">Lea tambi\u00e9n: <a href=\"https:\/\/okdiario.com\/techy\/japon-acaba-de-mandar-una-caja-de-madera-al-espacio-y-el-motivo-real-tiene-que-ver-con-el-basurero-que-estamos-creando-sobre-la-tierra\/40\/\">Jap\u00f3n acaba de mandar una caja de madera al espacio y el motivo real tiene que ver con el \u201cbasurero\u201d que estamos creando sobre la Tierra<\/a><\/h4>\n<\/div>\n<\/div><\/div>\n<\/div>\n\n\n\n<p>La presencia de agencias y empresas en esta cita refuerza una idea que el sector repite desde hace a\u00f1os. La carrera espacial ya no va solo de grandes plataformas, tambi\u00e9n de constelaciones especializadas y de servicios que se contratan como una utilidad estrat\u00e9gica.<\/p>\n","protected":false},"excerpt":{"rendered":"<p>La Agencia Espacial Espa\u00f1ola prev\u00e9 tener listo el primer aparato a finales de 2026 y apunta a un primer lanzamiento &#8230; <\/p>\n<p class=\"read-more-container\"><a title=\"El hist\u00f3rico plan de Espa\u00f1a y Portugal para lanzar una flota de sat\u00e9lites que vigilar\u00e1 cada rinc\u00f3n de nuestras costas desde el espacio\" class=\"read-more button\" href=\"https:\/\/okdiario.com\/techy\/el-historico-plan-de-espana-y-portugal-para-lanzar-una-flota-de-satelites-que-vigilara-cada-rincon-de-nuestras-costas-desde-el-espacio\/1854\/#more-1854\" aria-label=\"Leer m\u00e1s sobre El hist\u00f3rico plan de Espa\u00f1a y Portugal para lanzar una flota de sat\u00e9lites que vigilar\u00e1 cada rinc\u00f3n de nuestras costas desde el espacio\">Read more<\/a><\/p>\n","protected":false},"author":3,"featured_media":1855,"comment_status":"open","ping_status":"closed","sticky":false,"template":"","format":"standard","meta":{"footnotes":""},"categories":[5],"tags":[],"class_list":["post-1854","post","type-post","status-publish","format-standard","has-post-thumbnail","hentry","category-actualidad","resize-featured-image"],"_links":{"self":[{"href":"https:\/\/okdiario.com\/techy\/wp-json\/wp\/v2\/posts\/1854","targetHints":{"allow":["GET"]}}],"collection":[{"href":"https:\/\/okdiario.com\/techy\/wp-json\/wp\/v2\/posts"}],"about":[{"href":"https:\/\/okdiario.com\/techy\/wp-json\/wp\/v2\/types\/post"}],"author":[{"embeddable":true,"href":"https:\/\/okdiario.com\/techy\/wp-json\/wp\/v2\/users\/3"}],"replies":[{"embeddable":true,"href":"https:\/\/okdiario.com\/techy\/wp-json\/wp\/v2\/comments?post=1854"}],"version-history":[{"count":3,"href":"https:\/\/okdiario.com\/techy\/wp-json\/wp\/v2\/posts\/1854\/revisions"}],"predecessor-version":[{"id":1905,"href":"https:\/\/okdiario.com\/techy\/wp-json\/wp\/v2\/posts\/1854\/revisions\/1905"}],"wp:featuredmedia":[{"embeddable":true,"href":"https:\/\/okdiario.com\/techy\/wp-json\/wp\/v2\/media\/1855"}],"wp:attachment":[{"href":"https:\/\/okdiario.com\/techy\/wp-json\/wp\/v2\/media?parent=1854"}],"wp:term":[{"taxonomy":"category","embeddable":true,"href":"https:\/\/okdiario.com\/techy\/wp-json\/wp\/v2\/categories?post=1854"},{"taxonomy":"post_tag","embeddable":true,"href":"https:\/\/okdiario.com\/techy\/wp-json\/wp\/v2\/tags?post=1854"}],"curies":[{"name":"wp","href":"https:\/\/api.w.org\/{rel}","templated":true}]}}