{"id":2965,"date":"2026-04-02T07:45:00","date_gmt":"2026-04-02T12:45:00","guid":{"rendered":"https:\/\/techy44.okdiario.com\/en\/?p=2965"},"modified":"2026-04-02T06:20:32","modified_gmt":"2026-04-02T11:20:32","slug":"brazil-just-unveiled-its-first-home-assembled-supersonic-fighter-jet-and-the-gripen-rollout-is-turning-a-defense-deal-into-a-bigger-test-of-industrial-power","status":"publish","type":"post","link":"https:\/\/okdiario.com\/techy\/en\/brazil-just-unveiled-its-first-home-assembled-supersonic-fighter-jet-and-the-gripen-rollout-is-turning-a-defense-deal-into-a-bigger-test-of-industrial-power\/2965\/","title":{"rendered":"Brazil just unveiled its first home-assembled supersonic fighter jet, and the Gripen rollout is turning a defense deal into a bigger test of industrial power"},"content":{"rendered":"\n<p>Brazil has just crossed a major aerospace threshold. On March 25, 2026, Embraer, Saab, and the Brazilian Air Force rolled out the first Gripen E produced in Brazil at Embraer\u2019s Gavi\u00e3o Peixoto site in S\u00e3o Paulo state, with President Luiz In\u00e1cio Lula da Silva at the ceremony.<\/p>\n\n\n\n<p>It is an unmistakable defense headline, but there is a quieter environmental one riding in the back seat. Fighter jets run on fossil jet fuel, and the global climate footprint of militaries is far from small. <\/p>\n\n\n\n<p>Brazil\u2019s push to localize high-end aircraft production now collides with another national ambition: using biofuels and <a href=\"https:\/\/okdiario.com\/techy\/en\/dassault-unveils-the-falcon-10x-its-most-ambitious-and-technologically-advanced-private-jet\/2529\/\">sustainable aviation fuel<\/a> to cut transport emissions.<\/p>\n\n\n\n<h2 class=\"wp-block-heading\">A new fighter line with export ambitions<\/h2>\n\n\n\n<p>Brazil signed for Saab\u2019s Gripen in 2014, choosing it over other Western fighters to replace an aging fleet, and the plan included technology transfer and local assembly. Reuters reports that 15 of the 36 aircraft in the contract are set to be produced at Embraer\u2019s Brazilian plant, making Brazil the first Latin American nation to assemble a supersonic fighter jet.<\/p>\n\n\n\n<div class=\"gb-element-a00da4e5\">\n<div><div class=\"gb-looper-46613eed\">\n<div class=\"gb-loop-item gb-loop-item-a8390598 post-2881 post type-post status-publish format-standard has-post-thumbnail hentry category-military-defense resize-featured-image\">\n<h4 class=\"gb-text gb-text-24a51617\">Also Read: <a href=\"https:\/\/okdiario.com\/techy\/en\/this-ugly-war-plane-hides-a-1200-pound-titanium-bathtub-for-its-pilot-and-the-bizarre-design-says-everything-about-the-kind-of-hits-it-was-built-to-survive\/2881\/\">This ugly war plane hides a 1,200-pound titanium bathtub for its pilot, and the bizarre design says everything about the kind of hits it was built to survive<\/a><\/h4>\n<\/div>\n<\/div><\/div>\n<\/div>\n\n\n\n<p>Saab is leaning into the business upside. In its own statement, the company said it wants Brazil to deepen industrial and technological capability and act as an &#8220;export hub to the world,&#8221; and Reuters pointed to Colombia\u2019s agreement to acquire Gripens as a boost for that plan.<\/p>\n\n\n\n<p>This production model is already broader than a single airframe. Saab says the Gavi\u00e3o Peixoto line uses a Brazilian and international supply chain, and the new jet will be tested before joining operational aircraft at Annapolis Air Force Base. <\/p>\n\n\n\n<p>Saab also describes Gripen E as a multi-mission aircraft built around networked avionics and sensor fusion that supports information sharing across formations.<\/p>\n\n\n\n<h2 class=\"wp-block-heading\">The military emissions gap is real<\/h2>\n\n\n\n<p>Ask someone where aviation emissions come from and they might think of crowded airports and long haul vacations. Defense aviation usually does not come up, even though military operations <a href=\"https:\/\/okdiario.com\/techy\/en\/according-to-rheinmetall-europe-would-only-have-enough-fuel-for-three-months-of-war-so-it-is-promoting-a-plan-for-energy-islands-that-use-green-hydrogen-and-synthetic-fuels-while\/1992\/\">burn fuel <\/a>at scale and often sit in a reporting gray zone.<\/p>\n\n\n\n<p>A 2022 report by Scientists for Global Responsibility and the Conflict and Environment Observatory estimated the total <a href=\"https:\/\/okdiario.com\/techy\/en\/the-united-states-and-ukraine-are-discussing-a-major-drone-agreement-and-the-talks-could-open-a-new-chapter-in-the-industrial-war-that-is-reshaping-modern-combat\/2720\/\">global military<\/a> carbon footprint at about 5.5% of global emissions, roughly 3,000 million tons of CO2 equivalent.<\/p>\n\n\n\n<p>The authors add that if the world\u2019s militaries were a country, that footprint would rank around fourth globally.<\/p>\n\n\n\n<p>That number is not just about jets in the sky. The estimate includes supply chain emissions, which matters when a country builds a new fighter production line and then tries to scale it for exports.<\/p>\n\n\n\n<h2 class=\"wp-block-heading\">Brazil\u2019s biofuel push is landing in aviation<\/h2>\n\n\n\n<p>Brazil is not entering this moment empty-handed on clean fuels. The country\u2019s &#8220;<a href=\"https:\/\/www.gov.br\/mme\/pt-br\/brazil-world-leader-in-energy-transition\/energy-transition\/fuel-of-the-future\" target=\"_blank\" rel=\"noopener\">Fuel of the Future<\/a>&#8221; agenda includes a National Sustainable Aviation Fuel Program called ProBioQAV for domestic civil aviation.<\/p>\n\n\n\n<div class=\"gb-element-b5a63cd9\">\n<div><div class=\"gb-looper-1ba2c92c\">\n<div class=\"gb-loop-item gb-loop-item-74daa721 post-2588 post type-post status-publish format-standard has-post-thumbnail hentry category-military-defense resize-featured-image\">\n<h4 class=\"gb-text gb-text-a3478b6c\">Also Read: <a href=\"https:\/\/okdiario.com\/techy\/en\/the-united-states-sent-one-of-its-fastest-and-deadliest-fighter-jets-to-operation-epic-fury-but-the-most-disturbing-detail-is-that-three-f-15e-strike-eagles-were-shot-down-by-friendly-fire\/2588\/\">The United States sent one of its fastest and deadliest fighter jets to Operation Epic Fury, but the most disturbing detail is that three F-15E Strike Eagles were shot down by friendly fire<\/a><\/h4>\n<\/div>\n<\/div><\/div>\n<\/div>\n\n\n\n<p>According to Brazil\u2019s Ministry of Mines and Energy, beginning in 2027 airline operators will be required to reduce greenhouse gas emissions on domestic flights through SAF, starting with a 1% reduction and rising gradually to 10% by 2037. <\/p>\n\n\n\n<p>The same policy package also raised mandated blends to E30 for ethanol in gasoline and B15 for biodiesel in diesel. The ministry said the shift to E30 alone could drive more than R$10 billion (USD $1.9 billion) in investments and lower gasoline prices at stations by as much as 20 cents.<\/p>\n\n\n\n<p>Will that spill into defense aviation too? Not automatically, since these targets are written for civilian operators, not air forces. But a bigger SAF market changes what is available at the refinery and airport, and aviation groups say SAF can cut lifecycle <a href=\"https:\/\/www.iata.org\/en\/programs\/sustainability\/sustainable-aviation-fuels\/\" target=\"_blank\" rel=\"noopener\">CO2 emissions<\/a> by up to 80%, depending on feedstock and production pathway.<\/p>\n\n\n\n<h2 class=\"wp-block-heading\">Cleaner manufacturing is the easier part<\/h2>\n\n\n\n<p>There is a reason climate discussions keep circling back to supply chains. It is generally simpler to decarbonize a factory\u2019s electricity than it is to decarbonize a <a href=\"https:\/\/okdiario.com\/techy\/en\/the-united-states-sent-one-of-its-fastest-and-deadliest-fighter-jets-to-operation-epic-fury-but-the-most-disturbing-detail-is-that-three-f-15e-strike-eagles-were-shot-down-by-friendly-fire\/2588\/\">combat aircraft<\/a> that must prioritize range, readiness, and performance.<\/p>\n\n\n\n<p>Still, local production shifts some of the environmental choices closer to home. Energy use at industrial sites, sourcing of high-value materials, and logistics across Brazil\u2019s supply chain can all move the needle on embedded emissions as buyers and investors ask for clearer reporting.<\/p>\n\n\n\n<figure class=\"wp-block-image size-full\"><img loading=\"lazy\" decoding=\"async\" width=\"1800\" height=\"1013\" src=\"https:\/\/okdiario.com\/techy\/en\/wp-content\/uploads\/2026\/04\/brazil-saab-gripen-e-fighter-jet-embraer-assembly-1.jpg\" alt=\"The first Brazilian-assembled Saab Gripen E fighter jet displayed at Embraer&#039;s Gavi\u00e3o Peixoto facility during its official rollout ceremony.\" class=\"wp-image-2967\" title=\"\" srcset=\"https:\/\/okdiario.com\/techy\/en\/wp-content\/uploads\/2026\/04\/brazil-saab-gripen-e-fighter-jet-embraer-assembly-1.jpg 1800w, https:\/\/okdiario.com\/techy\/en\/wp-content\/uploads\/2026\/04\/brazil-saab-gripen-e-fighter-jet-embraer-assembly-1-300x169.jpg 300w, https:\/\/okdiario.com\/techy\/en\/wp-content\/uploads\/2026\/04\/brazil-saab-gripen-e-fighter-jet-embraer-assembly-1-768x432.jpg 768w, https:\/\/okdiario.com\/techy\/en\/wp-content\/uploads\/2026\/04\/brazil-saab-gripen-e-fighter-jet-embraer-assembly-1-1536x864.jpg 1536w, https:\/\/okdiario.com\/techy\/en\/wp-content\/uploads\/2026\/04\/brazil-saab-gripen-e-fighter-jet-embraer-assembly-1-150x84.jpg 150w\" sizes=\"auto, (max-width: 1800px) 100vw, 1800px\" \/><figcaption class=\"wp-element-caption\">In a landmark for Brazilian aerospace, Embraer and Saab have unveiled the first Gripen E supersonic fighter produced locally, signaling a new era of industrial autonomy.<\/figcaption><\/figure>\n\n\n\n<p>That is where policy and business start to overlap. Biofuels can change what shows up at the pump, and cleaner industrial power can matter for local air quality in places that already feel the dry-season heat.<\/p>\n\n\n\n<h2 class=\"wp-block-heading\">What readers should keep an eye on next<\/h2>\n\n\n\n<p>The next milestones for Brazil\u2019s Gripen program will be operational, not just industrial. Saab says the aircraft began Quick Reaction Alert missions from Annapolis in February, a reminder that these jets are built to fly when the security environment demands it.<\/p>\n\n\n\n<div class=\"gb-element-26eea8ea\">\n<div><div class=\"gb-looper-76ef0a91\">\n<div class=\"gb-loop-item gb-loop-item-01038303 post-3595 post type-post status-publish format-standard has-post-thumbnail hentry category-business resize-featured-image\">\n<h4 class=\"gb-text gb-text-88c1a1e6\">Also Read: <a href=\"https:\/\/okdiario.com\/techy\/en\/texas-is-full-of-oil-wells-that-barely-produce-but-never-seem-to-die-and-landowners-say-the-real-cost-is-leaking-onto-their-property\/3595\/\">Texas is full of oil wells that barely produce but never seem to die, and landowners say the real cost is leaking onto their property<\/a><\/h4>\n<\/div>\n<\/div><\/div>\n<\/div>\n\n\n\n<p>On the climate side, the more revealing signal will be disclosure: whether defense agencies publish clearer <a href=\"https:\/\/okdiario.com\/techy\/en\/the-pentagon-is-adopting-palantirs-ai-as-a-core-military-system-and-the-decision-marks-a-turning-point-in-how-the-united-states-prepares-for-future-wars\/2649\/\">fuel use and emissions<\/a> data, and whether procurement contracts begin to treat lifecycle emissions as a measurable cost alongside dollars and performance.<\/p>\n\n\n\n<p>Brazil\u2019s new fighter line is a symbol of strategic autonomy, but it also spotlights a hard reality. <\/p>\n\n\n\n<p>The press release was published on <a href=\"https:\/\/www.saab.com\/newsroom\/press-releases\/2026\/first-gripen-e-fighter-produced-in-brazil-is-unveiled\" target=\"_blank\" rel=\"noopener\"><em>Saab<\/em><\/a>.<\/p>\n","protected":false},"excerpt":{"rendered":"<p>Brazil has just crossed a major aerospace threshold. On March 25, 2026, Embraer, Saab, and the Brazilian Air Force rolled &#8230; <\/p>\n<p class=\"read-more-container\"><a title=\"Brazil just unveiled its first home-assembled supersonic fighter jet, and the Gripen rollout is turning a defense deal into a bigger test of industrial power\" class=\"read-more button\" href=\"https:\/\/okdiario.com\/techy\/en\/brazil-just-unveiled-its-first-home-assembled-supersonic-fighter-jet-and-the-gripen-rollout-is-turning-a-defense-deal-into-a-bigger-test-of-industrial-power\/2965\/#more-2965\" aria-label=\"Read more about Brazil just unveiled its first home-assembled supersonic fighter jet, and the Gripen rollout is turning a defense deal into a bigger test of industrial power\">Read more<\/a><\/p>\n","protected":false},"author":6,"featured_media":2966,"comment_status":"open","ping_status":"","sticky":false,"template":"","format":"standard","meta":{"footnotes":""},"categories":[11],"tags":[],"class_list":["post-2965","post","type-post","status-publish","format-standard","has-post-thumbnail","hentry","category-military-defense","resize-featured-image"],"_links":{"self":[{"href":"https:\/\/okdiario.com\/techy\/en\/wp-json\/wp\/v2\/posts\/2965","targetHints":{"allow":["GET"]}}],"collection":[{"href":"https:\/\/okdiario.com\/techy\/en\/wp-json\/wp\/v2\/posts"}],"about":[{"href":"https:\/\/okdiario.com\/techy\/en\/wp-json\/wp\/v2\/types\/post"}],"author":[{"embeddable":true,"href":"https:\/\/okdiario.com\/techy\/en\/wp-json\/wp\/v2\/users\/6"}],"replies":[{"embeddable":true,"href":"https:\/\/okdiario.com\/techy\/en\/wp-json\/wp\/v2\/comments?post=2965"}],"version-history":[{"count":3,"href":"https:\/\/okdiario.com\/techy\/en\/wp-json\/wp\/v2\/posts\/2965\/revisions"}],"predecessor-version":[{"id":2991,"href":"https:\/\/okdiario.com\/techy\/en\/wp-json\/wp\/v2\/posts\/2965\/revisions\/2991"}],"wp:featuredmedia":[{"embeddable":true,"href":"https:\/\/okdiario.com\/techy\/en\/wp-json\/wp\/v2\/media\/2966"}],"wp:attachment":[{"href":"https:\/\/okdiario.com\/techy\/en\/wp-json\/wp\/v2\/media?parent=2965"}],"wp:term":[{"taxonomy":"category","embeddable":true,"href":"https:\/\/okdiario.com\/techy\/en\/wp-json\/wp\/v2\/categories?post=2965"},{"taxonomy":"post_tag","embeddable":true,"href":"https:\/\/okdiario.com\/techy\/en\/wp-json\/wp\/v2\/tags?post=2965"}],"curies":[{"name":"wp","href":"https:\/\/api.w.org\/{rel}","templated":true}]}}