{"id":12785801,"date":"2026-09-06T09:16:05","date_gmt":"2026-09-06T07:16:05","guid":{"rendered":"https:\/\/okdiario.com\/metabolic\/?p=12785801"},"modified":"2026-09-05T22:16:25","modified_gmt":"2026-09-05T20:16:25","slug":"expertos-en-canas-coinciden-si-despues-del-verano-amarillean-puedes-hacer-estas-cosas","status":"publish","type":"post","link":"https:\/\/okdiario.com\/metabolic\/cosmetica\/expertos-en-canas-coinciden-si-despues-del-verano-amarillean-puedes-hacer-estas-cosas-12785801\/","title":{"rendered":"Expertos en canas coinciden: \u00abSi despu\u00e9s del verano amarillean, puedes hacer estas cosas\u00bb"},"content":{"rendered":"<p>Las canas aparecen cuando los fol\u00edculos pilosos reducen o dejan de producir melanina, el pigmento responsable del<a href=\"https:\/\/okdiario.com\/cool\/belleza\/limon-pelo-lo-que-dicen-dermatologos-sobre-metodo-viral-que-promete-reflejos-naturales-20234720\"> color natural del cabello.<\/a> Aunque suelen asociarse al envejecimiento, su aparici\u00f3n tambi\u00e9n est\u00e1 condicionada por factores gen\u00e9ticos y puede comenzar a edades muy diferentes.<\/p>\n<p>Con el paso del tiempo, el <strong>cabello pierde pigmentaci\u00f3n<\/strong> y adquiere ese caracter\u00edstico tono blanco, gris o plateado. Sin embargo, las canas no siempre mantienen un color uniforme. El sol, la contaminaci\u00f3n, el agua y determinados productos pueden modificar su aspecto y hacer que, especialmente despu\u00e9s del verano, adquieran reflejos amarillentos que restan luminosidad a la melena.<\/p>\n<h2>Tras el verano, las canas amarillean<\/h2>\n<p>Durante el verano, las canas est\u00e1n especialmente expuestas a factores que pueden alterar su tonalidad. La <strong>radiaci\u00f3n solar puede oxidar<\/strong> y resecar la fibra capilar, mientras que el cloro de las piscinas y los minerales presentes en el agua pueden depositarse sobre el cabello.<\/p>\n<p>Los expertos de <a href=\"https:\/\/www.renefurterer.com\/en-ca\/hair-confidential\/how-bad-is-it-doctor\/whiter-than-white\" target=\"_blank\" rel=\"noopener\">Ren\u00e9 Furterer<\/a> explican que el amarilleamiento del cabello es un fen\u00f3meno muy com\u00fan que, en realidad, es el resultado del deterioro de un amino\u00e1cido, <a href=\"https:\/\/okdiario.com\/metabolic\/dietetica\/vitaminas\/triptofano-683\/\">el tript\u00f3fano<\/a>.<\/p>\n<p>Los productos de esta degradaci\u00f3n son las responsables del color amarillo que se deposita en la superficie de la fibra capilar.<\/p>\n<p>A esto se suman el sudor, la sal del mar, los restos de productos cosm\u00e9ticos y una mayor frecuencia de lavados. Al <strong>no contar con suficiente melanina<\/strong>, el cabello canoso puede ser especialmente sensible a estos cambios y adquirir tonalidades c\u00e1lidas, amarillas o incluso ligeramente verdosas.<\/p>\n<p>Por eso, cuando acaban las vacaciones es habitual notar que unas canas que antes luc\u00edan blancas o plateadas han perdido su brillo y presentan un aspecto m\u00e1s apagado.<\/p>\n<h3>Causas<\/h3>\n<p>Existen varias razones por las que el cabello canoso puede adquirir un tono amarillento despu\u00e9s de los meses de calor:<\/p>\n<p><strong>Exposici\u00f3n solar<\/strong><\/p>\n<p>Los rayos UV pueden oxidar los componentes de la fibra capilar y favorecer cambios de tonalidad. Adem\u00e1s, el cabello expuesto al sol pierde hidrataci\u00f3n y se vuelve m\u00e1s poroso, lo que facilita la acumulaci\u00f3n de sustancias.<\/p>\n<p><strong>Cloro de las piscinas<\/strong><\/p>\n<p><a href=\"katiegoesplatinum\">Katie Goes Platinum<\/a> asegura que \u00abEl cloro y otras sustancias presentes en el agua de las piscinas pueden contribuir al amarilleamiento y la decoloraci\u00f3n del cabello gris, por lo que es recomendable tomar algunas precauciones sencillas\u00bb.<\/p>\n<p>Si el cabello est\u00e1 poroso o da\u00f1ado, puede retener con mayor facilidad determinados residuos.<\/p>\n<p><strong>Agua de mar<\/strong><\/p>\n<p>La sal marina contribuye a resecar el cabello y puede dejar dep\u00f3sitos sobre la fibra. Combinada con el sol, puede acentuar la sequedad y hacer que las canas pierdan su aspecto luminoso.<\/p>\n<p><strong>Minerales del agua<\/strong><\/p>\n<p>El cobre, el hierro y otros minerales presentes en el agua pueden adherirse al cabello y provocar cambios de color. Este problema puede ser m\u00e1s evidente en cabellos blancos o muy claros.<\/p>\n<p><strong>Acumulaci\u00f3n de productos<\/strong><\/p>\n<p>Aceites, mascarillas, acondicionadores, protectores solares capilares y otros productos pueden dejar residuos si no se eliminan correctamente. Con el tiempo, esta acumulaci\u00f3n puede contribuir a que las canas se vean amarillentas.<\/p>\n<p><strong>Contaminaci\u00f3n ambiental<\/strong><\/p>\n<p>Las part\u00edculas presentes en el aire tambi\u00e9n pueden depositarse sobre la fibra capilar. En una melena blanca, estos residuos pueden hacer que el color pierda pureza y luminosidad.<\/p>\n<h3>C\u00f3mo evitar que las canas amarilleen<\/h3>\n<p><strong>Utilizar productos con pigmentos violetas<\/strong><\/p>\n<p>Los champ\u00fas, acondicionadores o mascarillas violetas ayudan a neutralizar visualmente los tonos amarillos. Conviene utilizarlos siguiendo las indicaciones del producto y sin abusar para evitar que el cabello adquiera reflejos violetas o azulados.<\/p>\n<p><strong>Proteger el cabello del sol<\/strong><\/p>\n<p>Durante el verano, es recomendable cubrir la cabeza con un sombrero, gorra o pa\u00f1uelo y utilizar productos capilares con protecci\u00f3n frente a la radiaci\u00f3n UV.<\/p>\n<p><strong>Aclarar el cabello despu\u00e9s de ba\u00f1arse<\/strong><\/p>\n<p>Despu\u00e9s de nadar en el mar o en una piscina, enjuagar la melena con agua dulce ayuda a retirar sal, cloro y otros residuos antes de que permanezcan demasiado tiempo sobre la fibra.<\/p>\n<p><strong>Mantener una buena hidrataci\u00f3n<\/strong><\/p>\n<p>Las mascarillas y acondicionadores adecuados para cabello seco o canoso ayudan a mantener la fibra m\u00e1s flexible y menos porosa, lo que puede reducir la acumulaci\u00f3n de residuos.<\/p>\n<h3>Qu\u00e9 hacer si las canas ya est\u00e1n amarillas<\/h3>\n<ol start=\"4\">\n<li>Empezar con un champ\u00fa violeta. Es una de las opciones m\u00e1s sencillas para neutralizar los reflejos amarillos. Se puede incorporar a la rutina una o varias veces por semana, dependiendo de la intensidad del tono y de las indicaciones del fabricante.<\/li>\n<li>Aplicar una mascarilla matizadora. Las mascarillas con pigmentos violetas o azulados pueden proporcionar una neutralizaci\u00f3n m\u00e1s intensa. Es importante controlar el tiempo de exposici\u00f3n para evitar una pigmentaci\u00f3n excesiva.<\/li>\n<li>Eliminar la acumulaci\u00f3n de minerales. Cuando el problema est\u00e1 relacionado con el agua, un tratamiento espec\u00edfico para eliminar metales o residuos minerales puede ser m\u00e1s eficaz que un simple champ\u00fa violeta.<\/li>\n<li>Recurrir a un matiz profesional. Si las canas presentan un amarilleamiento intenso o irregular, un profesional puede valorar un tratamiento de tonalizaci\u00f3n para devolverles un aspecto m\u00e1s fr\u00edo, plateado o blanco.<\/li>\n<\/ol>\n<p>&nbsp;<\/p>\n","protected":false},"excerpt":{"rendered":"<p>Las canas aparecen cuando los fol\u00edculos pilosos reducen o dejan de producir melanina, el pigmento responsable del color natural del cabello. Aunque suelen asociarse al envejecimiento, su aparici\u00f3n tambi\u00e9n est\u00e1 condicionada por factores gen\u00e9ticos y puede comenzar a edades muy diferentes. Con el paso del tiempo, el cabello pierde pigmentaci\u00f3n y adquiere ese caracter\u00edstico tono [&hellip;]<\/p>\n","protected":false},"author":4,"featured_media":12767469,"comment_status":"closed","ping_status":"closed","sticky":false,"template":"","format":"standard","meta":{"inline_featured_image":false,"jnews-multi-image_gallery":[],"jnews_single_post":{"subtitle":"","format":"standard","override":[{"template":"10","single_blog_custom":"0","layout":"no-sidebar-narrow","sidebar":"single-sidebar","second_sidebar":"single-sidebar","sticky_sidebar":"1","share_position":"bottom","share_float_style":"share-monocrhome","show_featured":"1","show_post_meta":"1","show_post_author":"1","show_post_author_image":"1","show_post_date":"1","post_date_format":"custom","post_date_format_custom":"d\/m\/Y","show_post_category":"1","post_reading_time_wpm":"300","post_calculate_word_method":"str_word_count","zoom_button_out_step":"2","zoom_button_in_step":"3","show_post_tag":"1","number_popup_post":"1","show_author_box":"1","show_post_related":"1","show_inline_post_related":"1"}],"image_override":[{"single_post_thumbnail_size":"no-crop","single_post_gallery_size":"crop-715"}],"trending_post_position":"meta","trending_post_label":"Trending","sponsored_post_label":"Sponsored by","disable_ad":"0"},"jnews_primary_category":[],"jnews_social_meta":[],"jnews_review":[],"enable_review":"","type":"percentage","name":"","summary":"","brand":"","sku":"","good":[],"bad":[],"score_override":"","override_value":"","rating":[],"price":[],"jnews_override_counter":{"view_counter_number":"0","share_counter_number":"0","like_counter_number":"0","dislike_counter_number":"0"},"jnews_post_split":{"post_split":[{"template":"1","tag":"h2","numbering":"asc","mode":"normal","first":"0","enable_toc":"0","toc_type":"normal"}]},"footnotes":""},"categories":[23,89],"tags":[1623,1607],"class_list":["post-12785801","post","type-post","status-publish","format-standard","has-post-thumbnail","hentry","category-cosmetica","category-pelo","tag-cabello","tag-okd"],"amp_enabled":true,"_links":{"self":[{"href":"https:\/\/okdiario.com\/metabolic\/wp-json\/wp\/v2\/posts\/12785801","targetHints":{"allow":["GET"]}}],"collection":[{"href":"https:\/\/okdiario.com\/metabolic\/wp-json\/wp\/v2\/posts"}],"about":[{"href":"https:\/\/okdiario.com\/metabolic\/wp-json\/wp\/v2\/types\/post"}],"author":[{"embeddable":true,"href":"https:\/\/okdiario.com\/metabolic\/wp-json\/wp\/v2\/users\/4"}],"replies":[{"embeddable":true,"href":"https:\/\/okdiario.com\/metabolic\/wp-json\/wp\/v2\/comments?post=12785801"}],"version-history":[{"count":2,"href":"https:\/\/okdiario.com\/metabolic\/wp-json\/wp\/v2\/posts\/12785801\/revisions"}],"predecessor-version":[{"id":12785805,"href":"https:\/\/okdiario.com\/metabolic\/wp-json\/wp\/v2\/posts\/12785801\/revisions\/12785805"}],"wp:featuredmedia":[{"embeddable":true,"href":"https:\/\/okdiario.com\/metabolic\/wp-json\/wp\/v2\/media\/12767469"}],"wp:attachment":[{"href":"https:\/\/okdiario.com\/metabolic\/wp-json\/wp\/v2\/media?parent=12785801"}],"wp:term":[{"taxonomy":"category","embeddable":true,"href":"https:\/\/okdiario.com\/metabolic\/wp-json\/wp\/v2\/categories?post=12785801"},{"taxonomy":"post_tag","embeddable":true,"href":"https:\/\/okdiario.com\/metabolic\/wp-json\/wp\/v2\/tags?post=12785801"}],"curies":[{"name":"wp","href":"https:\/\/api.w.org\/{rel}","templated":true}]}}