{"id":12781956,"date":"2026-05-02T10:34:08","date_gmt":"2026-05-02T08:34:08","guid":{"rendered":"https:\/\/okdiario.com\/metabolic\/?p=12781956"},"modified":"2026-05-02T10:34:08","modified_gmt":"2026-05-02T08:34:08","slug":"la-psicologia-dice-que-las-personas-nacidas-entre-1960-y-1970-sin-actividades-extraescolares-y-planes-a-todas-horas-fueron-la-ultima-generacion-con-una-infancia-feliz","status":"publish","type":"post","link":"https:\/\/okdiario.com\/metabolic\/psicologia\/la-psicologia-dice-que-las-personas-nacidas-entre-1960-y-1970-sin-actividades-extraescolares-y-planes-a-todas-horas-fueron-la-ultima-generacion-con-una-infancia-feliz-12781956\/","title":{"rendered":"La psicolog\u00eda dice que las personas nacidas entre 1960 y 1970 sin actividades extraescolares y planes a todas horas fueron la \u00faltima generaci\u00f3n con una infancia feliz"},"content":{"rendered":"<p>Durante a\u00f1os, se ha hablado de una generaci\u00f3n que creci\u00f3 sin horarios estrictos, sin actividades extraescolares y sin la constante supervisi\u00f3n de los adultos. A este grupo se le empieza a llamar la \u201cgeneraci\u00f3n con<strong> infancia feliz\u201d,<\/strong> no tanto por idealizar el pasado, sino por analizar qu\u00e9 <a href=\"https:\/\/okdiario.com\/metabolic\/psicologia\/los-ninos-que-ayudan-a-cuidar-a-sus-hermanos-menores-desarrollan-una-poderosa-habilidad-segun-la-psicologia-12781622\/\"><strong>elementos de su crianza<\/strong> <\/a>favorecieron un desarrollo emocional m\u00e1s s\u00f3lido. Lejos de ser una etiqueta rom\u00e1ntica, este concepto invita a reflexionar sobre c\u00f3mo las din\u00e1micas actuales han transformado la manera en que los ni\u00f1os experimentan su infancia y construyen su relaci\u00f3n con el mundo.<\/p>\n<p>La psicolog\u00eda contempor\u00e1nea ha comenzado a estudiar este fen\u00f3meno con mayor profundidad, se\u00f1alando que la infancia de las personas nacidas entre 1960 y 1970, y puede extenderse a finales de los 70, y anteriores, ofrec\u00eda algo que hoy escasea: el juego libre y la autonom\u00eda real. Seg\u00fan <a href=\"https:\/\/spacedaily.com\/t-psychology-says-people-who-grew-up-in-the-1970s-with-no-scheduled-activities-no-structured-playdates-and-no-parental-supervision-on-weekends-didnt-miss-out-on-childhood-they-had-the-la\/\" target=\"_blank\" rel=\"noopener\">Space Daily<\/a>, el psic\u00f3logo evolucionista Peter Gray ha documentado c\u00f3mo la reducci\u00f3n <strong>de estas experiencias desde los a\u00f1os 60 c<\/strong>oincide con un aumento significativo de problemas como la ansiedad y la depresi\u00f3n en ni\u00f1os y adolescentes. \u00abEste cambio no solo afecta al bienestar inmediato, sino que tambi\u00e9n influye en la percepci\u00f3n que los j\u00f3venes desarrollan sobre su capacidad para influir en su entorno\u00bb, menciona. As\u00ed, lo que antes era una vivencia cotidiana como explorar, aburrirse y resolver conflictos sin adultos, se ha convertido en una excepci\u00f3n dentro de infancias cada vez m\u00e1s estructuradas y dirigidas.<\/p>\n<h2>\u00bfCu\u00e1l es la generaci\u00f3n con infancia feliz?<\/h2>\n<p>La comparaci\u00f3n con generaciones m\u00e1s j\u00f3venes hace que este rasgo resulte a\u00fan m\u00e1s visible. Quienes nacieron en los a\u00f1os 90 o en el siglo XXI han crecido en un entorno donde hablar de bienestar emocional, pedir consejo o acudir a profesionales se ha normalizado mucho m\u00e1s.<\/p>\n<p>Las redes sociales, los cambios en la educaci\u00f3n y la difusi\u00f3n de informaci\u00f3n sobre salud mental han contribuido a que pedir ayuda se perciba como algo positivo. En cambio, para muchas personas de los 60 o 70 esa idea sigue chocando con una educaci\u00f3n basada en la autonom\u00eda individual.<\/p>\n<p><img fetchpriority=\"high\" decoding=\"async\" class=\"alignnone size-full wp-image-12775038\" src=\"https:\/\/okdiario.com\/metabolic\/wp-content\/uploads\/2025\/12\/ninos-ajedrez2.jpg\" alt=\"Soy psic\u00f3loga y esto es lo que ocurre en el cerebro de los ni\u00f1os con altas capacidades: &quot;Ni ellos mismos son capaces...&quot;\" width=\"1920\" height=\"1281\" srcset=\"https:\/\/okdiario.com\/metabolic\/wp-content\/uploads\/2025\/12\/ninos-ajedrez2.jpg 1920w, https:\/\/okdiario.com\/metabolic\/wp-content\/uploads\/2025\/12\/ninos-ajedrez2-300x200.jpg 300w, https:\/\/okdiario.com\/metabolic\/wp-content\/uploads\/2025\/12\/ninos-ajedrez2-1800x1201.jpg 1800w, https:\/\/okdiario.com\/metabolic\/wp-content\/uploads\/2025\/12\/ninos-ajedrez2-150x100.jpg 150w, https:\/\/okdiario.com\/metabolic\/wp-content\/uploads\/2025\/12\/ninos-ajedrez2-768x512.jpg 768w, https:\/\/okdiario.com\/metabolic\/wp-content\/uploads\/2025\/12\/ninos-ajedrez2-1536x1025.jpg 1536w, https:\/\/okdiario.com\/metabolic\/wp-content\/uploads\/2025\/12\/ninos-ajedrez2-750x500.jpg 750w, https:\/\/okdiario.com\/metabolic\/wp-content\/uploads\/2025\/12\/ninos-ajedrez2-1140x761.jpg 1140w\" sizes=\"(max-width: 1920px) 100vw, 1920px\" \/><\/p>\n<p>El t\u00e9rmino de infancia feliz hace referencia a aquellas personas que crecieron en un entorno donde el tiempo libre no estaba planificado constantemente. <strong>No hab\u00eda agendas repletas de actividades<\/strong> ni una supervisi\u00f3n continua por parte de los adultos, lo que permit\u00eda a los ni\u00f1os desarrollar su creatividad y autonom\u00eda de forma natural.<\/p>\n<p>Viv\u00edan entonces de forma m\u00e1s libre, evidentemente sin pantallas, una televisi\u00f3n (con un par de canales), sin m\u00f3viles y pr\u00e1cticamente sin restricciones de salir y estar tiempo en la calle. Seg\u00fan el medio Space Daily, esta generaci\u00f3n no se perdi\u00f3 nada esencial, sino que vivi\u00f3 una infancia m\u00e1s aut\u00e9ntica, algo que ahora parece haberse diluido. \u00abEl juego espont\u00e1neo era la norma, y a trav\u00e9s de \u00e9l los ni\u00f1os aprend\u00edan habilidades fundamentales como negociar, tomar decisiones o gestionar sus emociones sin intervenci\u00f3n externa\u00bb, comentan los expertos.<\/p>\n<h3>El juego libre de la infancia feliz en el desarrollo emocional<\/h3>\n<p>El juego libre no es solo entretenimiento, sino una herramienta clave para el desarrollo psicol\u00f3gico. Peter Gray sostiene que este tipo de actividad permite a los ni\u00f1os construir un \u201clocus de control interno\u201d, es decir, la creencia de que sus acciones tienen un impacto real en su vida.<\/p>\n<p>\u00abCuando los ni\u00f1os crean sus propias reglas, resuelven conflictos y experimentan consecuencias, est\u00e1n desarrollando competencias emocionales que ninguna actividad estructurada puede replicar\u00bb, sostiene. A su vez, destaca que este proceso fortalece la resiliencia y la capacidad de adaptaci\u00f3n, dos habilidades esenciales en la vida adulta.<\/p>\n<h3>El paso de una infancia m\u00e1s libre a otra preocupada y planificada<\/h3>\n<p>El paso hacia una infancia m\u00e1s estructurada no ocurri\u00f3 por casualidad. Tal como explica Space Daily, el aumento de la preocupaci\u00f3n por la seguridad, junto con cambios sociales y educativos, llev\u00f3 a muchos padres a organizar cada momento del tiempo de sus hijos.<\/p>\n<p>A finales de los a\u00f1os 70 y tambi\u00e9n durante los 80, se consolid\u00f3 la idea de que una infancia productiva deb\u00eda estar llena de actividades dirigidas. Sin embargo, aunque entonces los ni\u00f1os ya hac\u00edamos diversas actividades extraescolares, no eran en demas\u00eda, fue despu\u00e9s cuando se estructur\u00f3 esta planificaci\u00f3n excesiva que ha reducido las oportunidades de los ni\u00f1os para explorar por s\u00ed mismos, aburrirse (porque es bueno hacerlo), limitando su capacidad de aprendizaje aut\u00f3nomo.<\/p>\n<h3>Las emociones se transmiten de adultos a ni\u00f1os<\/h3>\n<p>Ahondando en la infancia feliz que vivimos los que nacimos en los 70, y los que lo hicieron antes o poco despu\u00e9s, se especifica que las emociones se transmiten de adultos a ni\u00f1os. As\u00ed lo ven desde <a href=\"https:\/\/deparenparpsicologia.com\/la-importancia-de-una-infancia-feliz\" target=\"_blank\" rel=\"noopener\">De Par en Par Psicolog\u00eda<\/a>, donde se subraya que las emociones se transmiten de adultos a menores como si fueran un reflejo. Este \u201cfen\u00f3meno espejo\u201d implica que los ni\u00f1os absorben tanto las emociones positivas como las negativas del entorno familiar.<\/p>\n<p><img decoding=\"async\" class=\"alignnone size-full wp-image-12754490\" src=\"https:\/\/okdiario.com\/metabolic\/wp-content\/uploads\/2025\/02\/ninos3.jpg\" alt=\"\" width=\"1920\" height=\"1280\" srcset=\"https:\/\/okdiario.com\/metabolic\/wp-content\/uploads\/2025\/02\/ninos3.jpg 1920w, https:\/\/okdiario.com\/metabolic\/wp-content\/uploads\/2025\/02\/ninos3-300x200.jpg 300w, https:\/\/okdiario.com\/metabolic\/wp-content\/uploads\/2025\/02\/ninos3-1800x1200.jpg 1800w, https:\/\/okdiario.com\/metabolic\/wp-content\/uploads\/2025\/02\/ninos3-150x100.jpg 150w, https:\/\/okdiario.com\/metabolic\/wp-content\/uploads\/2025\/02\/ninos3-768x512.jpg 768w, https:\/\/okdiario.com\/metabolic\/wp-content\/uploads\/2025\/02\/ninos3-1536x1024.jpg 1536w, https:\/\/okdiario.com\/metabolic\/wp-content\/uploads\/2025\/02\/ninos3-750x500.jpg 750w, https:\/\/okdiario.com\/metabolic\/wp-content\/uploads\/2025\/02\/ninos3-1140x760.jpg 1140w\" sizes=\"(max-width: 1920px) 100vw, 1920px\" \/><\/p>\n<p>Por ello, es fundamental que los adultos gestionen sus propias emociones y ofrezcan un clima positivo. No se trata de evitar emociones negativas, sino de ense\u00f1ar a los<strong> ni\u00f1os a comprenderlas y aceptarlas<\/strong> como parte natural de la vida.<\/p>\n<h3>\u00bfPor qu\u00e9 es importante validar todas las emociones?<\/h3>\n<p>Negar o minimizar emociones como la tristeza o la frustraci\u00f3n puede generar inseguridad en los ni\u00f1os. Seg\u00fan De Par en Par Psicolog\u00eda, estas emociones deben entenderse como temporales y necesarias para el desarrollo.<\/p>\n<p>Cuando los menores aprenden a identificar y gestionar lo que sienten, desarrollan una mayor estabilidad emocional. Este aprendizaje es clave para afrontar los desaf\u00edos futuros con confianza y sin miedo excesivo.<\/p>\n<h3>Las claves para fomentar una infancia equilibrada hoy<\/h3>\n<p>Aunque el contexto actual es diferente, es posible recuperar algunos elementos de esa infancia feliz, que hab\u00eda en los 70. Desde <a href=\"https:\/\/www.criarconsentidocomun.com\/infancia-mejor-etapa-vida-infancia-feliz\" target=\"_blank\" rel=\"noopener\">Criar con Sentido Com\u00fan<\/a> destacan la importancia del juego libre, la autenticidad y la empat\u00eda como pilares fundamentales.<\/p>\n<p>\u00abDar espacio a los ni\u00f1os para jugar sin intervenci\u00f3n constante les permite experimentar y aprender de forma aut\u00f3noma\u00bb, sugieren. Asimismo, educar desde la autenticidad ayuda a que desarrollen una identidad propia, sin depender de la comparaci\u00f3n o la competencia constante.<\/p>\n<p>Adem\u00e1s, afirman que fomentar la empat\u00eda, reforzar las relaciones familiares y promover un sentido de pertenencia son aspectos esenciales para el <strong>bienestar emocional.<\/strong> Los ni\u00f1os necesitan sentirse parte de un entorno seguro donde puedan expresarse sin miedo.<\/p>\n<p>Tambi\u00e9n es importante ense\u00f1arles a reinterpretar situaciones desde una perspectiva constructiva para evitar pensamientos negativos extremos. Esta capacidad de redefinir experiencias es clave para mantener una buena salud mental a lo largo de la vida.<\/p>\n<p>&nbsp;<\/p>\n<p>&nbsp;<\/p>\n","protected":false},"excerpt":{"rendered":"<p>Durante a\u00f1os, se ha hablado de una generaci\u00f3n que creci\u00f3 sin horarios estrictos, sin actividades extraescolares y sin la constante supervisi\u00f3n de los adultos. A este grupo se le empieza a llamar la \u201cgeneraci\u00f3n con infancia feliz\u201d, no tanto por idealizar el pasado, sino por analizar qu\u00e9 elementos de su crianza favorecieron un desarrollo emocional [&hellip;]<\/p>\n","protected":false},"author":4,"featured_media":12772938,"comment_status":"closed","ping_status":"closed","sticky":false,"template":"","format":"standard","meta":{"inline_featured_image":false,"jnews-multi-image_gallery":[],"jnews_single_post":{"format":"standard","override":[{"template":"10","single_blog_custom":"0","layout":"no-sidebar-narrow","sidebar":"single-sidebar","second_sidebar":"single-sidebar","sticky_sidebar":"1","share_position":"bottom","share_float_style":"share-monocrhome","show_featured":"1","show_post_meta":"1","show_post_author":"1","show_post_author_image":"1","show_post_date":"1","post_date_format":"custom","post_date_format_custom":"d\/m\/Y","show_post_category":"1","post_reading_time_wpm":"300","post_calculate_word_method":"str_word_count","zoom_button_out_step":"2","zoom_button_in_step":"3","show_post_tag":"1","number_popup_post":"1","show_author_box":"1","show_post_related":"1","show_inline_post_related":"1"}],"image_override":[{"single_post_thumbnail_size":"no-crop","single_post_gallery_size":"crop-715"}],"trending_post_position":"meta","trending_post_label":"Trending","sponsored_post_label":"Sponsored by","disable_ad":"0","subtitle":"Psicolog\u00eda"},"jnews_primary_category":[],"jnews_social_meta":[],"jnews_review":[],"enable_review":"","type":"percentage","name":"","summary":"","brand":"","sku":"","good":[],"bad":[],"score_override":"","override_value":"","rating":[],"price":[],"jnews_override_counter":{"view_counter_number":"0","share_counter_number":"0","like_counter_number":"0","dislike_counter_number":"0"},"jnews_post_split":{"post_split":[{"template":"1","tag":"h2","numbering":"asc","mode":"normal","first":"0","enable_toc":"0","toc_type":"normal"}]},"footnotes":""},"categories":[27,30,31],"tags":[1607,1358,1565],"class_list":["post-12781956","post","type-post","status-publish","format-standard","has-post-thumbnail","hentry","category-psicologia","category-emociones","category-relaciones-y-sociedad","tag-okd","tag-psicologia","tag-tendencias"],"amp_enabled":true,"_links":{"self":[{"href":"https:\/\/okdiario.com\/metabolic\/wp-json\/wp\/v2\/posts\/12781956","targetHints":{"allow":["GET"]}}],"collection":[{"href":"https:\/\/okdiario.com\/metabolic\/wp-json\/wp\/v2\/posts"}],"about":[{"href":"https:\/\/okdiario.com\/metabolic\/wp-json\/wp\/v2\/types\/post"}],"author":[{"embeddable":true,"href":"https:\/\/okdiario.com\/metabolic\/wp-json\/wp\/v2\/users\/4"}],"replies":[{"embeddable":true,"href":"https:\/\/okdiario.com\/metabolic\/wp-json\/wp\/v2\/comments?post=12781956"}],"version-history":[{"count":1,"href":"https:\/\/okdiario.com\/metabolic\/wp-json\/wp\/v2\/posts\/12781956\/revisions"}],"predecessor-version":[{"id":12781958,"href":"https:\/\/okdiario.com\/metabolic\/wp-json\/wp\/v2\/posts\/12781956\/revisions\/12781958"}],"wp:featuredmedia":[{"embeddable":true,"href":"https:\/\/okdiario.com\/metabolic\/wp-json\/wp\/v2\/media\/12772938"}],"wp:attachment":[{"href":"https:\/\/okdiario.com\/metabolic\/wp-json\/wp\/v2\/media?parent=12781956"}],"wp:term":[{"taxonomy":"category","embeddable":true,"href":"https:\/\/okdiario.com\/metabolic\/wp-json\/wp\/v2\/categories?post=12781956"},{"taxonomy":"post_tag","embeddable":true,"href":"https:\/\/okdiario.com\/metabolic\/wp-json\/wp\/v2\/tags?post=12781956"}],"curies":[{"name":"wp","href":"https:\/\/api.w.org\/{rel}","templated":true}]}}