{"id":12781938,"date":"2026-05-02T08:06:12","date_gmt":"2026-05-02T06:06:12","guid":{"rendered":"https:\/\/okdiario.com\/metabolic\/?p=12781938"},"modified":"2026-05-01T23:53:19","modified_gmt":"2026-05-01T21:53:19","slug":"silvia-severino-psicologa-las-personas-que-nunca-llaman-a-sus-padres-despues-de-irse-de-casa-suelen-tener-apego-evitativo-un-mecanismo-de-defensa-porque-crecieron-con-negligencia-emocional","status":"publish","type":"post","link":"https:\/\/okdiario.com\/metabolic\/psicologia\/silvia-severino-psicologa-las-personas-que-nunca-llaman-a-sus-padres-despues-de-irse-de-casa-suelen-tener-apego-evitativo-un-mecanismo-de-defensa-porque-crecieron-con-negligencia-emocional-12781938\/","title":{"rendered":"Silvia Severino, psic\u00f3loga: \u00abLas personas que nunca llaman a sus padres despu\u00e9s de irse de casa suelen tener apego evitativo, un mecanismo de defensa porque crecieron con negligencia emocional\u00bb"},"content":{"rendered":"<p>Hay personas que, al irse de casa,<strong> nunca llaman a sus padres<\/strong> ni mantienen el contacto habitual con sus padres, algo que desde puede interpretarse como frialdad o desinter\u00e9s. Sin embargo, esta conducta suele tener ra\u00edces mucho m\u00e1s profundas de lo que parece a simple vista. Si se analiza bien, vemos como no es una decisi\u00f3n impulsiva ni de una falta de afecto, sino de una respuesta psicol\u00f3gica construida a lo largo del tiempo. En muchos casos, estas personas han desarrollado formas de protegerse emocionalmente que influyen directamente en c\u00f3mo se<a href=\"https:\/\/okdiario.com\/metabolic\/psicologia\/la-psicologia-lo-confirma-hay-12-tipos-de-familias-y-puedes-saber-cual-es-la-tuya-12772367\/\"> relacionan con su familia<\/a> en la vida adulta y en la distancia que deciden mantener.<\/p>\n<p>Seg\u00fan explica la psic\u00f3loga <a href=\"https:\/\/www.tiktok.com\/@lasombradesilvia\/video\/7614270442634743062\" target=\"_blank\" rel=\"noopener\">Silvia Severino<\/a>, este comportamiento suele estar relacionado con al apego evitativo, un estilo relacional que se forma en la infancia cuando las necesidades emocionales no son atendidas de manera adecuada. Estas personas aprenden a valerse por s\u00ed mismas, a no pedir ayuda y a reprimir sus emociones para evitar el dolor. Entonces, de adultos, pueden parecer independientes y autosuficientes, pero esa autonom\u00eda es, en realidad, una coraza. \u201cA ello se suman factores como la cr\u00edtica constante o la negligencia emocional, que refuerzan la idea de que conectar profundamente con otros no es seguro, lo que influye en la forma en que gestionan el contacto con sus padres\u201d, menciona la profesional.<\/p>\n<h2>C\u00f3mo son las personas que nunca llaman a sus padres despu\u00e9s de irse de casa<\/h2>\n<h3>El apego evitativo y sus consecuencias en la vida adulta<\/h3>\n<p>El apego evitativo no implica ausencia de sentimientos, sino dificultad para expresarlos. Quienes lo desarrollan suelen haber aprendido que mostrar vulnerabilidad conlleva rechazo o incomprensi\u00f3n.<\/p>\n<p>Por ello, en lugar de buscar cercan\u00eda, optan por mantener distancia emocional, incluso con las personas m\u00e1s cercanas. En la edad adulta, este patr\u00f3n se traduce en relaciones m\u00e1s superficiales o en la tendencia a evitar conflictos.<\/p>\n<p>\u00abCuando surge un problema o una situaci\u00f3n emocional intensa, su reacci\u00f3n habitual no es afrontarla, sino alejarse\u00bb, explica Severino. En el contexto familiar, esto puede englobar el no llamar, reducir el contacto o incluso desaparecer temporalmente sin explicaciones claras.<\/p>\n<h3>\u00bfQu\u00e9 significan el contacto m\u00ednimo y el contacto cero?<\/h3>\n<p>Fomentar la autonom\u00eda emocional te permitir\u00e1 fortalecer tu relaci\u00f3n y controlar de manera m\u00e1s efectiva las tensiones que puedan surgir debido a la intervenci\u00f3n de tus padres.<\/p>\n<p>Desde el punto de vista terap\u00e9utico de <a href=\"https:\/\/www.insightandactiontherapy.com\/post\/when-adult-children-go-low-contact-or-no-contact-with-their-parents-a-guide-to-understanding-an\" target=\"_blank\" rel=\"noopener\">Insight &amp; Action Therapy<\/a>, existen dos formas principales de gestionar este distanciamiento: el contacto limitado y el contacto cero. Ambas opciones responden a la necesidad de proteger la salud mental, no a un deseo de castigar o herir.<\/p>\n<p><img fetchpriority=\"high\" decoding=\"async\" class=\"alignnone size-full wp-image-12768618\" src=\"https:\/\/okdiario.com\/metabolic\/wp-content\/uploads\/2025\/08\/moviles-andar-scaled.jpg\" alt=\"\u00c9ste es el significado de andar siempre con el m\u00f3vil en la mano, seg\u00fan la psicolog\u00eda\" width=\"1707\" height=\"2560\" srcset=\"https:\/\/okdiario.com\/metabolic\/wp-content\/uploads\/2025\/08\/moviles-andar-scaled.jpg 1707w, https:\/\/okdiario.com\/metabolic\/wp-content\/uploads\/2025\/08\/moviles-andar-300x450.jpg 300w, https:\/\/okdiario.com\/metabolic\/wp-content\/uploads\/2025\/08\/moviles-andar-1800x2700.jpg 1800w, https:\/\/okdiario.com\/metabolic\/wp-content\/uploads\/2025\/08\/moviles-andar-150x225.jpg 150w, https:\/\/okdiario.com\/metabolic\/wp-content\/uploads\/2025\/08\/moviles-andar-768x1152.jpg 768w, https:\/\/okdiario.com\/metabolic\/wp-content\/uploads\/2025\/08\/moviles-andar-1024x1536.jpg 1024w, https:\/\/okdiario.com\/metabolic\/wp-content\/uploads\/2025\/08\/moviles-andar-1365x2048.jpg 1365w, https:\/\/okdiario.com\/metabolic\/wp-content\/uploads\/2025\/08\/moviles-andar-750x1125.jpg 750w, https:\/\/okdiario.com\/metabolic\/wp-content\/uploads\/2025\/08\/moviles-andar-1140x1710.jpg 1140w\" sizes=\"(max-width: 1707px) 100vw, 1707px\" \/><\/p>\n<p>El contacto limitado quiere decir mantener cierta relaci\u00f3n, pero bajo condiciones estrictas. \u201cLas conversaciones suelen ser breves, superficiales y poco frecuentes. Se evitan temas conflictivos y se prioriza la estabilidad emocional\u201d, describen los expertos.<\/p>\n<p>Por otro lado, el contacto cero o las personas que nunca llaman a sus padres despu\u00e9s de irse de casa supone cortar completamente la comunicaci\u00f3n. Esta decisi\u00f3n<strong> suele llegar tras m\u00faltiples intentos<\/strong> fallidos de establecer l\u00edmites o mejorar la relaci\u00f3n. Es una medida extrema, pero en algunos casos necesaria para preservar el bienestar psicol\u00f3gico.<\/p>\n<h3>Los factores emocionales y psicol\u00f3gicos de quienes nunca llaman a sus padres tras irse de casa<\/h3>\n<p>Alejarse de los padres no es una elecci\u00f3n sencilla. Tal como se\u00f1alan los especialistas, suele ser el resultado de un proceso largo, marcado por intentos de di\u00e1logo, <a href=\"https:\/\/okdiario.com\/metabolic\/psicologia\/emociones\/frustracion-1233\/\">frustraci\u00f3n<\/a> y desgaste emocional. No se trata de personas ego\u00edstas o indiferentes, sino de individuos que han llegado a un l\u00edmite.<\/p>\n<p>En la mayor\u00eda de los casos, estas decisiones no nacen del rencor, sino de un instinto de supervivencia emocional. Cuando una relaci\u00f3n genera sufrimiento constante, establecer distancia puede convertirse en la \u00fanica forma de recuperar el equilibrio.<\/p>\n<p>A veces esta<strong> falta de conexi\u00f3n<\/strong> se alarga en el tiempo por una falta de conciencia o h\u00e1bitos. A veces no es algo profundo; simplemente se acostumbran a la nueva rutina y no priorizan llamar.<\/p>\n<p>A su vez, existen las relaciones ya debilitadas. Si antes no hab\u00eda mucha conexi\u00f3n, la distancia f\u00edsica puede hacer que el contacto pr\u00e1cticamente desaparezca.<\/p>\n<p>Muchos hijos no tienen tanta relaci\u00f3n con sus padres porque buscan independencia. En este caso, los hijos necesitan marcar mucha distancia para construir su propia identidad, y esto suele pasar especialmente justo despu\u00e9s de irse de casa.<\/p>\n<h3>\u00bfCu\u00e1l es la perspectiva que tiene el hijo adulto cuando nunca llama a sus padres?<\/h3>\n<p>Para los hijos adultos, tomar distancia suele ser una mezcla de alivio y dolor. Por un lado, sienten que por fin pueden respirar sin la carga emocional constante. Por otro, experimentan una profunda tristeza por la relaci\u00f3n que no pudieron tener.<\/p>\n<p>La culpa es uno de los sentimientos m\u00e1s frecuentes. La presi\u00f3n social de mantener el v\u00ednculo familiar, junto con creencias como que los padres deben ser siempre respetados y cercanos, genera un conflicto interno dif\u00edcil de gestionar.<\/p>\n<p><img decoding=\"async\" class=\"alignnone size-full wp-image-12780054\" src=\"https:\/\/okdiario.com\/metabolic\/wp-content\/uploads\/2026\/03\/sonar2.jpg\" alt=\"\" width=\"1920\" height=\"1281\" srcset=\"https:\/\/okdiario.com\/metabolic\/wp-content\/uploads\/2026\/03\/sonar2.jpg 1920w, https:\/\/okdiario.com\/metabolic\/wp-content\/uploads\/2026\/03\/sonar2-300x200.jpg 300w, https:\/\/okdiario.com\/metabolic\/wp-content\/uploads\/2026\/03\/sonar2-1800x1201.jpg 1800w, https:\/\/okdiario.com\/metabolic\/wp-content\/uploads\/2026\/03\/sonar2-150x100.jpg 150w, https:\/\/okdiario.com\/metabolic\/wp-content\/uploads\/2026\/03\/sonar2-768x512.jpg 768w, https:\/\/okdiario.com\/metabolic\/wp-content\/uploads\/2026\/03\/sonar2-1536x1025.jpg 1536w, https:\/\/okdiario.com\/metabolic\/wp-content\/uploads\/2026\/03\/sonar2-750x500.jpg 750w, https:\/\/okdiario.com\/metabolic\/wp-content\/uploads\/2026\/03\/sonar2-1140x761.jpg 1140w\" sizes=\"(max-width: 1920px) 100vw, 1920px\" \/><\/p>\n<p>Tambi\u00e9n aparece el duelo. Aunque los padres sigan vivos, la relaci\u00f3n idealizada desaparece. Se llora no solo lo que fue, sino lo que nunca lleg\u00f3 a ser. A esto se suma la confusi\u00f3n, ya que la sociedad suele ofrecer mensajes contradictorios sobre la importancia de la familia frente al bienestar individual.<\/p>\n<h3>Cu\u00e1l es la actitud de los padres ante la distancia de sus hijos<\/h3>\n<p>Desde el otro lado, los padres suelen vivir esta situaci\u00f3n con desconcierto y dolor. En muchos casos, no comprenden las razones del distanciamiento o las perciben como exageradas. Esto puede generar<strong> sentimientos de rechazo y traici\u00f3n.<\/strong><\/p>\n<p>\u00abEl duelo tambi\u00e9n est\u00e1 presente en ellos. No solo extra\u00f1an el contacto, sino la idea de familia que ten\u00edan. La p\u00e9rdida no es solo pr\u00e1ctica, sino emocional y simb\u00f3lica\u00bb, sostienen desde Insight &amp; Action Therapy.<\/p>\n<p>A su vez, los especialistas aseguran que el enfado y la confusi\u00f3n son reacciones habituales, especialmente cuando sienten que no han hecho nada grave o que sus esfuerzos no han sido reconocidos. \u00abA esto se suma un profundo sentimiento de impotencia, ya que no siempre tienen la posibilidad de reparar la relaci\u00f3n\u00bb, afirman.<\/p>\n<p>Adem\u00e1s, el estigma social puede intensificar el malestar. Muchos padres experimentan verg\u00fcenza al no saber c\u00f3mo explicar la distancia con sus hijos, lo que a\u00f1ade una capa extra de sufrimiento.<\/p>\n<p>&nbsp;<\/p>\n","protected":false},"excerpt":{"rendered":"<p>Hay personas que, al irse de casa, nunca llaman a sus padres ni mantienen el contacto habitual con sus padres, algo que desde puede interpretarse como frialdad o desinter\u00e9s. Sin embargo, esta conducta suele tener ra\u00edces mucho m\u00e1s profundas de lo que parece a simple vista. Si se analiza bien, vemos como no es una [&hellip;]<\/p>\n","protected":false},"author":4,"featured_media":12779931,"comment_status":"closed","ping_status":"closed","sticky":false,"template":"","format":"standard","meta":{"inline_featured_image":false,"jnews-multi-image_gallery":[],"jnews_single_post":{"subtitle":"","format":"standard","override":[{"template":"10","single_blog_custom":"0","layout":"no-sidebar-narrow","sidebar":"single-sidebar","second_sidebar":"single-sidebar","sticky_sidebar":"1","share_position":"bottom","share_float_style":"share-monocrhome","show_featured":"1","show_post_meta":"1","show_post_author":"1","show_post_author_image":"1","show_post_date":"1","post_date_format":"custom","post_date_format_custom":"d\/m\/Y","show_post_category":"1","post_reading_time_wpm":"300","post_calculate_word_method":"str_word_count","zoom_button_out_step":"2","zoom_button_in_step":"3","show_post_tag":"1","number_popup_post":"1","show_author_box":"1","show_post_related":"1","show_inline_post_related":"1"}],"image_override":[{"single_post_thumbnail_size":"no-crop","single_post_gallery_size":"crop-715"}],"trending_post_position":"meta","trending_post_label":"Trending","sponsored_post_label":"Sponsored by","disable_ad":"0"},"jnews_primary_category":[],"jnews_social_meta":[],"jnews_review":[],"enable_review":"","type":"percentage","name":"","summary":"","brand":"","sku":"","good":[],"bad":[],"score_override":"","override_value":"","rating":[],"price":[],"jnews_override_counter":{"view_counter_number":"0","share_counter_number":"0","like_counter_number":"0","dislike_counter_number":"0"},"jnews_post_split":{"post_split":[{"template":"1","tag":"h2","numbering":"asc","mode":"normal","first":"0","enable_toc":"0","toc_type":"normal"}]},"footnotes":""},"categories":[27,29,30],"tags":[1607,1565],"class_list":["post-12781938","post","type-post","status-publish","format-standard","has-post-thumbnail","hentry","category-psicologia","category-autoayuda","category-emociones","tag-okd","tag-tendencias"],"amp_enabled":true,"_links":{"self":[{"href":"https:\/\/okdiario.com\/metabolic\/wp-json\/wp\/v2\/posts\/12781938","targetHints":{"allow":["GET"]}}],"collection":[{"href":"https:\/\/okdiario.com\/metabolic\/wp-json\/wp\/v2\/posts"}],"about":[{"href":"https:\/\/okdiario.com\/metabolic\/wp-json\/wp\/v2\/types\/post"}],"author":[{"embeddable":true,"href":"https:\/\/okdiario.com\/metabolic\/wp-json\/wp\/v2\/users\/4"}],"replies":[{"embeddable":true,"href":"https:\/\/okdiario.com\/metabolic\/wp-json\/wp\/v2\/comments?post=12781938"}],"version-history":[{"count":2,"href":"https:\/\/okdiario.com\/metabolic\/wp-json\/wp\/v2\/posts\/12781938\/revisions"}],"predecessor-version":[{"id":12781941,"href":"https:\/\/okdiario.com\/metabolic\/wp-json\/wp\/v2\/posts\/12781938\/revisions\/12781941"}],"wp:featuredmedia":[{"embeddable":true,"href":"https:\/\/okdiario.com\/metabolic\/wp-json\/wp\/v2\/media\/12779931"}],"wp:attachment":[{"href":"https:\/\/okdiario.com\/metabolic\/wp-json\/wp\/v2\/media?parent=12781938"}],"wp:term":[{"taxonomy":"category","embeddable":true,"href":"https:\/\/okdiario.com\/metabolic\/wp-json\/wp\/v2\/categories?post=12781938"},{"taxonomy":"post_tag","embeddable":true,"href":"https:\/\/okdiario.com\/metabolic\/wp-json\/wp\/v2\/tags?post=12781938"}],"curies":[{"name":"wp","href":"https:\/\/api.w.org\/{rel}","templated":true}]}}