{"id":12781755,"date":"2026-04-28T16:07:30","date_gmt":"2026-04-28T14:07:30","guid":{"rendered":"https:\/\/okdiario.com\/metabolic\/?p=12781755"},"modified":"2026-04-28T16:07:30","modified_gmt":"2026-04-28T14:07:30","slug":"este-es-el-significado-de-utilizar-las-redes-solo-para-mirar-y-nunca-publicar-segun-la-psicologia","status":"publish","type":"post","link":"https:\/\/okdiario.com\/metabolic\/psicologia\/este-es-el-significado-de-utilizar-las-redes-solo-para-mirar-y-nunca-publicar-segun-la-psicologia-12781755\/","title":{"rendered":"\u00c9ste es el significado de utilizar las redes solo para mirar y nunca publicar, seg\u00fan la psicolog\u00eda"},"content":{"rendered":"<p>En las \u00faltimas d\u00e9cadas, la irrupci\u00f3n de las tecnolog\u00edas digitales transform\u00f3 profundamente la vida cotidiana, y con ella surgieron las redes sociales como espacios centrales de comunicaci\u00f3n, expresi\u00f3n y consumo de contenidos. Hoy, las personas ocupan distintos lugares dentro de estos entornos: algunas participan activamente, publican, comentan e interact\u00faan, mientras otras adoptan un rol m\u00e1s silencioso, las tienen para mirar y nunca publicar. Este segundo grupo, explorando sus <a href=\"https:\/\/okdiario.com\/metabolic\/psicologia\/emociones\/tipos-de-motivacion-y-que-podemos-hacer-para-aumentarla-3218\/\">rasgos, motivaciones<\/a> y efectos en la experiencia digital para comprender mejor c\u00f3mo se relacionan con la exposici\u00f3n, la privacidad y la construcci\u00f3n de identidad en l\u00ednea en la actualidad contempor\u00e1nea global.<\/p>\n<p>Seg\u00fan <a href=\"https:\/\/jessicaquero.com\/que-son-las-redes-sociales\/\" target=\"_blank\" rel=\"noopener\">Jessica Quero<\/a>, Social Media Manager y especialista en Instagram, explica que \u00abUna red social es una aplicaci\u00f3n web que permite a sus usuarios conectarse con otros usuarios, creando relaciones o comunidades. Su finalidad es servir como una herramienta online de comunicaci\u00f3n entre personas de todo el mundo\u00bb. Cada persona utiliza las redes sociales seg\u00fan sus intereses, <strong>necesidades y rasgos de personalidad.<\/strong> Mientras algunos publican contenido con frecuencia y buscan interacci\u00f3n, otros prefieren observar en silencio. Quienes entran en las redes sociales para mirar pero no publicar suelen presentar rasgos como mayor introspecci\u00f3n, prudencia y b\u00fasqueda de control sobre su imagen, aunque tambi\u00e9n pueden influir la inseguridad, el miedo al juicio y la comparaci\u00f3n constante.<\/p>\n<h2>C\u00f3mo son quienes entran en las redes solo para mirar y nunca publicar<\/h2>\n<p>Este comportamiento puede tener causas personales, sociales y culturales, como experiencias previas negativas, normas de grupo o preferencias por el consumo antes que la producci\u00f3n. Entre las consecuencias se encuentran tanto beneficios, como una menor exposici\u00f3n y mayor cuidado de la privacidad, como riesgos, incluida una participaci\u00f3n limitada y posible sensaci\u00f3n de aislamiento.<\/p>\n<h3>Introversi\u00f3n y preferencia por la observaci\u00f3n<\/h3>\n<p>Estas personas suelen sentirse m\u00e1s c\u00f3modas en roles de observaci\u00f3n que de exposici\u00f3n. No significa que no disfruten de las redes, sino que su forma de participaci\u00f3n es m\u00e1s interna: procesan, analizan y reflexionan sobre lo que ven, en lugar de exteriorizarlo.<\/p>\n<h3>Inseguridad o dudas sobre la propia voz<\/h3>\n<p>Algunas personas sienten que lo que tienen para decir no es suficientemente interesante, valioso u original.\u00a0 Un estudio de <a href=\"https:\/\/www.frontiersin.org\/journals\/psychology\/articles\/10.3389\/fpsyg.2025.1627637\/full\" target=\"_blank\" rel=\"noopener\">Frontiers<\/a> asegura que \u00abel uso pasivo de las redes sociales conduce a un bienestar negativo, lo que sugiere que se deben considerar las caracter\u00edsticas del uso de las redes sociales, como la valencia del contenido y las motivaciones del usuario\u00bb.<\/p>\n<h3>Conciencia sobre la privacidad<\/h3>\n<p>Existe una preocupaci\u00f3n clara por el tratamiento de la informaci\u00f3n personal. Eval\u00faan cuidadosamente qu\u00e9 podr\u00eda implicar publicar algo (qui\u00e9n lo ver\u00e1, c\u00f3mo puede interpretarse, cu\u00e1nto tiempo permanecer\u00e1 disponible), por lo que optan por no compartir o hacerlo muy selectivamente.<\/p>\n<h3>Sensibilidad al juicio social<\/h3>\n<p>Quienes usan las redes solo para mirar y nunca publicar, suelen ser m\u00e1s conscientes del \u201cqu\u00e9 dir\u00e1n\u201d. El miedo a recibir cr\u00edticas, comentarios negativos o malinterpretaciones influye directamente en su decisi\u00f3n de no publicar. Esto no siempre implica debilidad, sino una percepci\u00f3n m\u00e1s aguda del entorno social.<\/p>\n<h3>Autocontrol y autorregulaci\u00f3n elevados<\/h3>\n<p>Antes de publicar, suelen filtrar mucho el contenido. Este nivel de autocontrol puede hacer que descarten publicaciones por considerarlas poco relevantes, inapropiadas o innecesarias, lo que reduce su participaci\u00f3n visible.<\/p>\n<h3>Tendencia a la reflexi\u00f3n y al an\u00e1lisis<\/h3>\n<p>No consumen contenido de forma superficial. Observan interacciones, leen comentarios, comparan opiniones y sacan conclusiones propias. Este perfil m\u00e1s anal\u00edtico los convierte en usuarios atentos, aunque silenciosos.<\/p>\n<h3>Evitan la confrontaci\u00f3n p\u00fablica<\/h3>\n<p>Las redes sociales muchas veces son escenarios de debate o conflicto. Quienes adoptan un rol pasivo suelen preferir evitar discusiones abiertas, pol\u00e9micas o intercambios que puedan escalar emocionalmente.<\/p>\n<h3>Preferencia por el bajo perfil o anonimato<\/h3>\n<p>Algunos eligen directamente no construir una identidad digital p\u00fablica. Pueden usar perfiles privados, con poca informaci\u00f3n o incluso cuentas secundarias, priorizando una experiencia m\u00e1s discreta.<\/p>\n<h3>Consumo selectivo del contenido<\/h3>\n<p>No navegan sin rumbo. Siguen cuentas espec\u00edficas, buscan contenido que les interese o aporte valor, y suelen evitar la sobreexposici\u00f3n a informaci\u00f3n irrelevante o negativa.<\/p>\n<h3>Las consecuencias de mirar las redes sociales pero nunca publicar<\/h3>\n<p><strong>Positivas<\/strong><\/p>\n<ul>\n<li>Menor exposici\u00f3n a cr\u00edticas o conflictos<\/li>\n<li>Consumo m\u00e1s consciente y selectivo de contenido<\/li>\n<li>Reducci\u00f3n de la presi\u00f3n por mantener una imagen p\u00fablica<\/li>\n<li>Posibilidad de observar tendencias sin involucrarse emocionalmente<\/li>\n<\/ul>\n<p><strong>Negativas<\/strong><\/p>\n<ul>\n<li>Sensaci\u00f3n de desconexi\u00f3n o aislamiento social.<\/li>\n<li>Mayor tendencia al estr\u00e9s y la depresi\u00f3n.<\/li>\n<li>Menor desarrollo de redes de contacto o v\u00ednculos digitales.<\/li>\n<li>P\u00e9rdida de oportunidades de expresi\u00f3n o visibilidad.<\/li>\n<li>Mayor tendencia a la comparaci\u00f3n silenciosa.<\/li>\n<\/ul>\n<h3>Consejos para un buen uso de las redes<\/h3>\n<ul>\n<li>Practicar un uso consciente de las redes sociales, definiendo objetivos claros.<\/li>\n<li>Trabajar en la autoestima y la confianza personal.<\/li>\n<li>Recordar que no es obligatorio publicar para \u201cpertenecer\u201d.<\/li>\n<li>Establecer l\u00edmites de tiempo para evitar el consumo excesivo.<\/li>\n<li>Explorar otras formas de participaci\u00f3n gradual (reacciones, comentarios breves)<\/li>\n<li>Priorizar espacios digitales seguros y respetuosos<\/li>\n<li>Evitar comparaciones constantes con otros usuarios<\/li>\n<li>Reflexionar sobre qu\u00e9 tipo de contenido se desea consumir<\/li>\n<li>Mantener el control sobre la privacidad y los datos personales<\/li>\n<li>Aceptar que hay m\u00faltiples maneras v\u00e1lidas de habitar las redes<\/li>\n<\/ul>\n<p>&nbsp;<\/p>\n","protected":false},"excerpt":{"rendered":"<p>En las \u00faltimas d\u00e9cadas, la irrupci\u00f3n de las tecnolog\u00edas digitales transform\u00f3 profundamente la vida cotidiana, y con ella surgieron las redes sociales como espacios centrales de comunicaci\u00f3n, expresi\u00f3n y consumo de contenidos. Hoy, las personas ocupan distintos lugares dentro de estos entornos: algunas participan activamente, publican, comentan e interact\u00faan, mientras otras adoptan un rol m\u00e1s [&hellip;]<\/p>\n","protected":false},"author":4,"featured_media":12735404,"comment_status":"closed","ping_status":"closed","sticky":false,"template":"","format":"standard","meta":{"inline_featured_image":false,"jnews-multi-image_gallery":[],"jnews_single_post":{"subtitle":"","format":"standard","override":[{"template":"10","single_blog_custom":"0","layout":"no-sidebar-narrow","sidebar":"single-sidebar","second_sidebar":"single-sidebar","sticky_sidebar":"1","share_position":"bottom","share_float_style":"share-monocrhome","show_featured":"1","show_post_meta":"1","show_post_author":"1","show_post_author_image":"1","show_post_date":"1","post_date_format":"custom","post_date_format_custom":"d\/m\/Y","show_post_category":"1","post_reading_time_wpm":"300","post_calculate_word_method":"str_word_count","zoom_button_out_step":"2","zoom_button_in_step":"3","show_post_tag":"1","number_popup_post":"1","show_author_box":"1","show_post_related":"1","show_inline_post_related":"1"}],"image_override":[{"single_post_thumbnail_size":"no-crop","single_post_gallery_size":"crop-715"}],"trending_post_position":"meta","trending_post_label":"Trending","sponsored_post_label":"Sponsored by","disable_ad":"0"},"jnews_primary_category":[],"jnews_social_meta":[],"jnews_review":[],"enable_review":"","type":"percentage","name":"","summary":"","brand":"","sku":"","good":[],"bad":[],"score_override":"","override_value":"","rating":[],"price":[],"jnews_override_counter":{"view_counter_number":"0","share_counter_number":"0","like_counter_number":"0","dislike_counter_number":"0"},"jnews_post_split":{"post_split":[{"template":"1","tag":"h2","numbering":"asc","mode":"normal","first":"0","enable_toc":"0","toc_type":"normal"}]},"footnotes":""},"categories":[27,30,31],"tags":[1607,1679,1565],"class_list":["post-12781755","post","type-post","status-publish","format-standard","has-post-thumbnail","hentry","category-psicologia","category-emociones","category-relaciones-y-sociedad","tag-okd","tag-redes","tag-tendencias"],"amp_enabled":true,"_links":{"self":[{"href":"https:\/\/okdiario.com\/metabolic\/wp-json\/wp\/v2\/posts\/12781755","targetHints":{"allow":["GET"]}}],"collection":[{"href":"https:\/\/okdiario.com\/metabolic\/wp-json\/wp\/v2\/posts"}],"about":[{"href":"https:\/\/okdiario.com\/metabolic\/wp-json\/wp\/v2\/types\/post"}],"author":[{"embeddable":true,"href":"https:\/\/okdiario.com\/metabolic\/wp-json\/wp\/v2\/users\/4"}],"replies":[{"embeddable":true,"href":"https:\/\/okdiario.com\/metabolic\/wp-json\/wp\/v2\/comments?post=12781755"}],"version-history":[{"count":1,"href":"https:\/\/okdiario.com\/metabolic\/wp-json\/wp\/v2\/posts\/12781755\/revisions"}],"predecessor-version":[{"id":12781757,"href":"https:\/\/okdiario.com\/metabolic\/wp-json\/wp\/v2\/posts\/12781755\/revisions\/12781757"}],"wp:featuredmedia":[{"embeddable":true,"href":"https:\/\/okdiario.com\/metabolic\/wp-json\/wp\/v2\/media\/12735404"}],"wp:attachment":[{"href":"https:\/\/okdiario.com\/metabolic\/wp-json\/wp\/v2\/media?parent=12781755"}],"wp:term":[{"taxonomy":"category","embeddable":true,"href":"https:\/\/okdiario.com\/metabolic\/wp-json\/wp\/v2\/categories?post=12781755"},{"taxonomy":"post_tag","embeddable":true,"href":"https:\/\/okdiario.com\/metabolic\/wp-json\/wp\/v2\/tags?post=12781755"}],"curies":[{"name":"wp","href":"https:\/\/api.w.org\/{rel}","templated":true}]}}