{"id":12781553,"date":"2026-04-29T07:15:41","date_gmt":"2026-04-29T05:15:41","guid":{"rendered":"https:\/\/okdiario.com\/metabolic\/?p=12781553"},"modified":"2026-04-26T15:35:11","modified_gmt":"2026-04-26T13:35:11","slug":"la-psicologia-avisa-si-prefieres-la-soledad-a-estar-rodeado-de-gente-en-el-trabajo-no-es-porque-te-lleves-mal-con-nadie","status":"publish","type":"post","link":"https:\/\/okdiario.com\/metabolic\/psicologia\/teorias\/la-psicologia-avisa-si-prefieres-la-soledad-a-estar-rodeado-de-gente-en-el-trabajo-no-es-porque-te-lleves-mal-con-nadie-12781553\/","title":{"rendered":"La psicolog\u00eda avisa: si prefieres la soledad a estar rodeado de gente en el trabajo, no es porque te lleves mal con nadie"},"content":{"rendered":"<p>Ir al trabajo implica cumplir tareas, cerrar proyectos y coordinarse con los dem\u00e1s, pero tambi\u00e9n <strong>supone convivir con compa\u00f1eros<\/strong>, comentar el d\u00eda o compartir pausas. Ese componente social forma parte de la <a href=\"https:\/\/okdiario.com\/metabolic\/psicologia\/los-rasgos-de-las-personas-que-prefieren-estar-solas-a-una-vida-social-activa-en-el-entorno-laboral-la-psicologia-lo-avala-12780653\/\"><strong>rutina laboral<\/strong><\/a> en la mayor\u00eda de oficinas.<\/p>\n<p>Sin embargo, no todo el mundo lo vive igual. <strong>Hay empleados que prefieren la <a href=\"https:\/\/okdiario.com\/metabolic\/psicologia\/emociones\/ni-crucigramas-ni-telefono-movil-el-mejor-aliado-para-combatir-la-soledad-pueden-ser-los-gatos-segun-los-expertos-12781157\/\">soledad<\/a><\/strong> a estar rodeados de gente en el trabajo, y no responde a un problema de relaci\u00f3n ni a rechazo, sino que la psicolog\u00eda apunta a motivos distintos.<\/p>\n<h2>Esta es la raz\u00f3n por la que prefieres estar solo que rodeado de gente en el trabajo<\/h2>\n<p>Un estudio titulado <a href=\"https:\/\/pubmed.ncbi.nlm.nih.gov\/40274627\/\" target=\"_blank\" rel=\"noopener\"><em><strong>Workplace and non-workplace loneliness: a cross-sectional comparative study on risk factors and impacts on absenteeism and mental health among employees in Spain<\/strong><\/em><\/a>, liderado por el investigador Joan Dom\u00e8nech-Abella, ha analizado a 5.400 trabajadores en Espa\u00f1a y ha detectado un dato clave: <strong>el 40,7% reconoce haber sentido soledad en el trabajo<\/strong>, pero la coincidencia con la soledad fuera del \u00e1mbito laboral es baja.<\/p>\n<p><strong>El estudio explica que no todos los profesionales que pasan momentos de aislamiento en la oficina evitan el contacto social<\/strong>. Muchos diferencian claramente entre contextos y eligen cu\u00e1ndo interactuar dentro de su jornada.<\/p>\n<p>Los psic\u00f3logos <strong>diferencian entre sentirse solo y querer estar solo<\/strong>. En el primer caso, la persona percibe desconexi\u00f3n o falta de integraci\u00f3n. En el segundo, existe una decisi\u00f3n consciente. Esa preferencia suele estar ligada al estilo de trabajo y al temperamento.<\/p>\n<p><strong>Muchos profesionales rinden mejor sin interrupciones<\/strong>. La concentraci\u00f3n profunda exige continuidad, y una oficina con conversaciones constantes rompe ese ritmo. Quien prioriza el foco suele reducir al m\u00ednimo las interacciones innecesarias durante la jornada.<\/p>\n<p><strong>Las personas <a href=\"https:\/\/okdiario.com\/metabolic\/psicologia\/suena-extrano-pero-la-psicologia-lo-respalda-7-frases-muy-comunes-que-solo-usan-las-personas-muy-introvertidas-12780677\/\">introvertidas<\/a> gestionan la interacci\u00f3n social de forma distinta<\/strong>. Cada conversaci\u00f3n, reuni\u00f3n o pausa compartida consume recursos mentales. Trabajar en solitario les permite regular ese desgaste y mantener la productividad.<\/p>\n<p><strong>A esto se suma la necesidad de control.<\/strong> Algunos perfiles organizan mejor su tiempo cuando no dependen del ritmo de otros. Prefieren decidir cu\u00e1ndo avanzar, cu\u00e1ndo parar y c\u00f3mo ejecutar cada tarea.<\/p>\n<p><strong>Oficinas abiertas, ruido constante o exceso de est\u00edmulos generan saturaci\u00f3n en perfiles m\u00e1s sensibles<\/strong>. En esos casos, la soledad deja de ser una preferencia y pasa a ser una herramienta para rendir mejor.<\/p>\n<p>La psicolog\u00eda describe a estas personas como \u00ab<strong>insociables por elecci\u00f3n<\/strong>\u00ab, un concepto que no implica rechazo hacia los dem\u00e1s. Hablan con sus compa\u00f1eros, colaboran cuando hace falta y participan en <a href=\"https:\/\/okdiario.com\/metabolic\/psicologia\/estos-son-los-rasgos-comunes-que-comparten-las-personas-que-no-hacen-la-cama-segun-la-psicologia-12765245\/\"><strong>proyectos comunes<\/strong><\/a>, pero la diferencia est\u00e1 en el peso que dan a esa interacci\u00f3n.<\/p>\n<h2>C\u00f3mo son los trabajadores que eligen la soledad en su jornada<\/h2>\n<p><strong>Estas personas marcan l\u00edmites claros<\/strong>. Separan el trabajo de la vida personal y no buscan en la oficina un espacio social amplio. Van a cumplir objetivos, y si conectan con alguien, lo hacen de forma selectiva, sin necesidad de ampliar el c\u00edrculo.<\/p>\n<p>Tambi\u00e9n muestran un alto grado de <a href=\"https:\/\/okdiario.com\/metabolic\/deporte\/ni-boxeo-ni-artes-marciales-el-deporte-recomendado-para-ninos-de-hasta-7-anos-para-mejorar-su-autonomia-12760134\/\"><strong>autonom\u00eda<\/strong><\/a>. No necesitan supervisi\u00f3n constante ni validaci\u00f3n externa para sentirse seguros con su trabajo. <strong>Esa independencia les permite avanzar sin depender del grupo<\/strong>, algo que muchas empresas valoran en entornos exigentes.<\/p>\n<p>Por otro lado, el tiempo juega un papel central. <strong>Estos profesionales priorizan tareas que aportan valor<\/strong> y evitan conversaciones que perciben como superficiales o innecesarias. No es desinter\u00e9s, es una forma de gestionar la jornada.<\/p>\n<p>La consecuencia pr\u00e1ctica aparece en el rendimiento.<strong> Cuando la soledad es elegida, mejora la concentraci\u00f3n<\/strong>, facilita la toma de decisiones y reduce el estr\u00e9s asociado a la sobreexposici\u00f3n social. En muchos casos, tambi\u00e9n impulsa la creatividad, ya que elimina la presi\u00f3n del grupo.<\/p>\n<p>El problema surge cuando la situaci\u00f3n cambia de sentido. <strong>Si el aislamiento nace del miedo, la <a href=\"https:\/\/okdiario.com\/metabolic\/psicologia\/elena-arnaiz-psicologa-sobre-las-personas-que-se-creen-jefes-y-no-lo-son-tienen-miedo-a-no-ser-vistos-inseguridad-12772841\/\">inseguridad<\/a> o la falta de encaje<\/strong>, el efecto es el contrario. La persona pierde oportunidades, se desconecta del equipo y puede acabar afectando a su bienestar.<\/p>\n","protected":false},"excerpt":{"rendered":"<p>Ir al trabajo implica cumplir tareas, cerrar proyectos y coordinarse con los dem\u00e1s, pero tambi\u00e9n supone convivir con compa\u00f1eros, comentar el d\u00eda o compartir pausas. Ese componente social forma parte de la rutina laboral en la mayor\u00eda de oficinas. Sin embargo, no todo el mundo lo vive igual. Hay empleados que prefieren la soledad a [&hellip;]<\/p>\n","protected":false},"author":33,"featured_media":12781559,"comment_status":"closed","ping_status":"closed","sticky":false,"template":"","format":"standard","meta":{"inline_featured_image":false,"jnews-multi-image_gallery":[],"jnews_single_post":{"subtitle":"Si eres de los que prefiere trabajar solo, no es falta de sociabilidad: puede que tu cerebro funcione as\u00ed","format":"standard","override":[{"template":"10","single_blog_custom":"0","layout":"no-sidebar-narrow","sidebar":"single-sidebar","second_sidebar":"single-sidebar","sticky_sidebar":"1","share_position":"bottom","share_float_style":"share-monocrhome","show_featured":"1","show_post_meta":"1","show_post_author":"1","show_post_author_image":"1","show_post_date":"1","post_date_format":"custom","post_date_format_custom":"d\/m\/Y","show_post_category":"1","post_reading_time_wpm":"300","post_calculate_word_method":"str_word_count","zoom_button_out_step":"2","zoom_button_in_step":"3","show_post_tag":"1","number_popup_post":"1","show_author_box":"1","show_post_related":"1","show_inline_post_related":"1"}],"image_override":[{"single_post_thumbnail_size":"no-crop","single_post_gallery_size":"crop-715"}],"trending_post_position":"meta","trending_post_label":"Trending","sponsored_post_label":"Sponsored by","disable_ad":"0"},"jnews_primary_category":[],"jnews_social_meta":[],"jnews_review":[],"enable_review":"","type":"percentage","name":"","summary":"","brand":"","sku":"","good":[],"bad":[],"score_override":"","override_value":"","rating":[],"price":[],"jnews_override_counter":{"view_counter_number":"0","share_counter_number":"0","like_counter_number":"0","dislike_counter_number":"0"},"jnews_post_split":{"post_split":[{"template":"1","tag":"h2","numbering":"asc","mode":"normal","first":"0","enable_toc":"0","toc_type":"normal"}]},"footnotes":""},"categories":[28],"tags":[],"class_list":["post-12781553","post","type-post","status-publish","format-standard","has-post-thumbnail","hentry","category-teorias"],"amp_enabled":true,"_links":{"self":[{"href":"https:\/\/okdiario.com\/metabolic\/wp-json\/wp\/v2\/posts\/12781553","targetHints":{"allow":["GET"]}}],"collection":[{"href":"https:\/\/okdiario.com\/metabolic\/wp-json\/wp\/v2\/posts"}],"about":[{"href":"https:\/\/okdiario.com\/metabolic\/wp-json\/wp\/v2\/types\/post"}],"author":[{"embeddable":true,"href":"https:\/\/okdiario.com\/metabolic\/wp-json\/wp\/v2\/users\/33"}],"replies":[{"embeddable":true,"href":"https:\/\/okdiario.com\/metabolic\/wp-json\/wp\/v2\/comments?post=12781553"}],"version-history":[{"count":4,"href":"https:\/\/okdiario.com\/metabolic\/wp-json\/wp\/v2\/posts\/12781553\/revisions"}],"predecessor-version":[{"id":12781631,"href":"https:\/\/okdiario.com\/metabolic\/wp-json\/wp\/v2\/posts\/12781553\/revisions\/12781631"}],"wp:featuredmedia":[{"embeddable":true,"href":"https:\/\/okdiario.com\/metabolic\/wp-json\/wp\/v2\/media\/12781559"}],"wp:attachment":[{"href":"https:\/\/okdiario.com\/metabolic\/wp-json\/wp\/v2\/media?parent=12781553"}],"wp:term":[{"taxonomy":"category","embeddable":true,"href":"https:\/\/okdiario.com\/metabolic\/wp-json\/wp\/v2\/categories?post=12781553"},{"taxonomy":"post_tag","embeddable":true,"href":"https:\/\/okdiario.com\/metabolic\/wp-json\/wp\/v2\/tags?post=12781553"}],"curies":[{"name":"wp","href":"https:\/\/api.w.org\/{rel}","templated":true}]}}