{"id":12779873,"date":"2026-03-08T10:44:06","date_gmt":"2026-03-08T09:44:06","guid":{"rendered":"https:\/\/okdiario.com\/metabolic\/?p=12779873"},"modified":"2026-03-08T22:29:49","modified_gmt":"2026-03-08T21:29:49","slug":"los-dos-colores-que-utilizan-las-personas-que-tienen-mal-caracter-segun-la-psicologia","status":"publish","type":"post","link":"https:\/\/okdiario.com\/metabolic\/psicologia\/los-dos-colores-que-utilizan-las-personas-que-tienen-mal-caracter-segun-la-psicologia-12779873\/","title":{"rendered":"Los dos colores que utilizan las personas que tienen mal car\u00e1cter, seg\u00fan la psicolog\u00eda"},"content":{"rendered":"<p>Los colores que una persona elige para vestirse, decorar su casa o expresar su estilo suelen reflejar aspectos de su personalidad, su estado emocional e incluso la forma en que desea ser percibida por los dem\u00e1s. Entre todas las combinaciones posibles, el rojo y el negro destacan por su intensidad simb\u00f3lica. Ambos son colores fuertes que transmiten <a href=\"https:\/\/okdiario.com\/metabolic\/psicologia\/este-es-el-verdadero-poder-que-ejercen-sobre-ti-las-personas-manipuladoras-segun-una-psicologa-12779861\/\">fuerza, poder y presencia<\/a>. Por eso, quienes se sienten especialmente atra\u00eddos por estos tonos suelen ser las personas que tienen mal car\u00e1cter. En este sentido, estas preferencias crom\u00e1ticas pueden relacionarse con rasgos como determinaci\u00f3n, seguridad e intensidad emocional.<\/p>\n<p>Desde la psicolog\u00eda del color se ha observado que el<strong> rojo suele asociarse con energ\u00eda, acci\u00f3n<\/strong>, pasi\u00f3n y liderazgo mientras que el negro con autoridad, elegancia, misterio y control. Cuando una persona combina ambos colores con frecuencia puede estar comunicando una identidad fuerte segura y con cierta necesidad de dominar su entorno o destacar socialmente. Seg\u00fan la <a href=\"https:\/\/www.apa.org\/monitor\/dec02\/perception\" target=\"_blank\" rel=\"noopener\">Asociaci\u00f3n Estadounidense de Psicolog\u00eda<\/a> (APA) y el <a href=\"https:\/\/www.iepp.es\/autoimagen\/\" target=\"_blank\" rel=\"noopener\">Instituto Europeo de Psicolog\u00eda Positiva<\/a> (IEPP), las preferencias crom\u00e1ticas no determinan por completo la personalidad, pero s\u00ed pueden revelar tendencias emocionales y comportamentales habituales. Adem\u00e1s, explican que los colores intensos como el<strong> rojo suelen atraer a personas con mayor expresividad emocional<\/strong> y menor temor a la confrontaci\u00f3n social directa mientras que el negro puede reflejar gusto por la autodisciplina, la imagen de poder y cierta reserva emocional que a veces se interpreta como car\u00e1cter fuerte y firme.<\/p>\n<h2>Cu\u00e1les son los colores que eligen las personas que tienen mal car\u00e1cter<\/h2>\n<p>Las investigaciones sobre psicolog\u00eda del color se\u00f1alan que el rojo es uno de los tonos que m\u00e1s activan la atenci\u00f3n humana. Est\u00e1 relacionado con la estimulaci\u00f3n fisiol\u00f3gica el aumento del ritmo card\u00edaco y la sensaci\u00f3n de urgencia.<\/p>\n<p>Por esa raz\u00f3n suele relacionarse con personas decididas, competitivas o impulsivas. Por su parte el negro se asocia con autoridad formalidad y autocontrol. La combinaci\u00f3n de ambos puede proyectar una imagen de firmeza, intensidad emocional y fuerte presencia social.<\/p>\n<p>Seg\u00fan <a href=\"https:\/\/www.verywellmind.com\/the-color-psychology-of-black-2795814\" target=\"_blank\" rel=\"noopener\">Verywell Mind<\/a>, el efecto psicol\u00f3gico del negro tiene asociaciones culturales, pero otros factores, como las experiencias y preferencias personales, tambi\u00e9n pueden influir.<\/p>\n<p>\u00abSin embargo, muchos usan el color negro para simbolizar todo lo negativo. A lo largo de la historia, este color sombr\u00edo se ha relacionado con la muerte y lo malo, evocando fuertes sentimientos de ira, agresi\u00f3n, miedo y tristeza\u00bb, explican.<\/p>\n<h3>El poder del rojo para las personas con car\u00e1cter<\/h3>\n<p>\u00abConocer el funcionamiento psicol\u00f3gico de los colores no s\u00f3lo nos permite ser m\u00e1s intencionales en la forma en que proyectamos una imagen en determinadas ocasiones y transmitir el mensaje sin ser abierto, sino que tambi\u00e9n nos ayuda a gestionar nuestros estados de \u00e1nimo y sentimientos\u00bb, seg\u00fan un art\u00edculo publicado por la<a href=\"https:\/\/blogs.cuit.columbia.edu\/pk2682\/the-psychology-behind-the-colors-you-wear\/\" target=\"_blank\" rel=\"noopener\"> Universidad de Columbia<\/a>, en el que se destaca que el rojo es el color tanto de la pasi\u00f3n como de la agresi\u00f3n. Por un lado, se asocia con la fertilidad, la sexualidad, el romance y el deseo, de ah\u00ed su uso excesivo en la publicidad.<\/p>\n<h3>\u00bfQu\u00e9 rasgos de personalidad se asocian al rojo y negro?<\/h3>\n<p>Las personas que prefieren vestir rojo y negro con frecuencia suelen buscar destacar y transmitir seguridad. Son adem\u00e1s las personas que tienen mal car\u00e1cter. Estas elecciones pueden relacionarse con rasgos como determinaci\u00f3n, ambici\u00f3n, franqueza y una comunicaci\u00f3n emocional m\u00e1s directa.<\/p>\n<p>A su vez, este tipo de est\u00e9tica tambi\u00e9n puede aparecer en individuos con alta autoexigencia, el control y tolerancia baja a la frustraci\u00f3n. Seg\u00fan miembros de Verywell Mind, las preferencias crom\u00e1ticas intensas suelen acompa\u00f1ar perfiles emocionales m\u00e1s expresivos y competitivos en distintos contextos sociales.<\/p>\n<h3>\u00bfSigno de mal car\u00e1cter o de personalidad fuerte?<\/h3>\n<p>Algunas interpretaciones populares sostienen que quienes usan mucho rojo y negro son las personas que tienen mal car\u00e1cter. Sin embargo, los especialistas en psicolog\u00eda advierten que esta idea es una simplificaci\u00f3n excesiva.<\/p>\n<p>La personalidad humana es compleja y est\u00e1 influida por m\u00faltiples factores como la educaci\u00f3n las experiencias de vida el entorno social y la cultura. Los expertos de \u00a0<a href=\"https:\/\/www.psychologytoday.com\/es\/blog\/el-mito-del-test-de-personalidad-basado-en-colores\" target=\"_blank\" rel=\"noopener\">Psychology Today<\/a> comentan que, si bien los colores pueden evocar sentimientos y emociones, traducir esto en un<strong> perfil de personalidad integral<\/strong> es un salto significativo.<\/p>\n<p>Aun as\u00ed, la psicolog\u00eda del color reconoce que ciertos tonos pueden reforzar la manera en que una persona desea presentarse ante los dem\u00e1s. Seg\u00fan la APA, los colores intensos como el rojo transmiten energ\u00eda y dominancia mientras que el negro comunica seriedad autoridad y control.<\/p>\n<p>Cuando alguien combina ambos colores de forma habitual puede estar expresando una identidad fuerte, segura y muestran su car\u00e1cter o <strong>defender sus ideas<\/strong> incluso en situaciones sociales desafiantes.<\/p>\n<p>En definitiva, los colores no determinan la personalidad, pero s\u00ed pueden convertirse en una forma simb\u00f3lica de expresar seguridad, intensidad emocional y una presencia que rara vez pasa desapercibida en cualquier entorno social o profesional.<\/p>\n<p>&nbsp;<\/p>\n","protected":false},"excerpt":{"rendered":"<p>Los colores que una persona elige para vestirse, decorar su casa o expresar su estilo suelen reflejar aspectos de su personalidad, su estado emocional e incluso la forma en que desea ser percibida por los dem\u00e1s. Entre todas las combinaciones posibles, el rojo y el negro destacan por su intensidad simb\u00f3lica. Ambos son colores fuertes [&hellip;]<\/p>\n","protected":false},"author":4,"featured_media":395,"comment_status":"closed","ping_status":"closed","sticky":false,"template":"","format":"standard","meta":{"inline_featured_image":false,"jnews-multi-image_gallery":[],"jnews_single_post":{"subtitle":"","format":"standard","override":[{"template":"10","single_blog_custom":"0","layout":"no-sidebar-narrow","sidebar":"single-sidebar","second_sidebar":"single-sidebar","sticky_sidebar":"1","share_position":"bottom","share_float_style":"share-monocrhome","show_featured":"1","show_post_meta":"1","show_post_author":"1","show_post_author_image":"1","show_post_date":"1","post_date_format":"custom","post_date_format_custom":"d\/m\/Y","show_post_category":"1","post_reading_time_wpm":"300","post_calculate_word_method":"str_word_count","zoom_button_out_step":"2","zoom_button_in_step":"3","show_post_tag":"1","number_popup_post":"1","show_author_box":"1","show_post_related":"1","show_inline_post_related":"1"}],"image_override":[{"single_post_thumbnail_size":"no-crop","single_post_gallery_size":"crop-715"}],"trending_post_position":"meta","trending_post_label":"Trending","sponsored_post_label":"Sponsored by","disable_ad":"0"},"jnews_primary_category":[],"jnews_social_meta":[],"jnews_review":[],"enable_review":"","type":"percentage","name":"","summary":"","brand":"","sku":"","good":[],"bad":[],"score_override":"","override_value":"","rating":[],"price":[],"jnews_override_counter":{"view_counter_number":"0","share_counter_number":"0","like_counter_number":"0","dislike_counter_number":"0"},"jnews_post_split":{"post_split":[{"template":"1","tag":"h2","numbering":"asc","mode":"normal","first":"0","enable_toc":"0","toc_type":"normal"}]},"footnotes":""},"categories":[27,29,31],"tags":[1607,1565],"class_list":["post-12779873","post","type-post","status-publish","format-standard","has-post-thumbnail","hentry","category-psicologia","category-autoayuda","category-relaciones-y-sociedad","tag-okd","tag-tendencias"],"amp_enabled":true,"_links":{"self":[{"href":"https:\/\/okdiario.com\/metabolic\/wp-json\/wp\/v2\/posts\/12779873","targetHints":{"allow":["GET"]}}],"collection":[{"href":"https:\/\/okdiario.com\/metabolic\/wp-json\/wp\/v2\/posts"}],"about":[{"href":"https:\/\/okdiario.com\/metabolic\/wp-json\/wp\/v2\/types\/post"}],"author":[{"embeddable":true,"href":"https:\/\/okdiario.com\/metabolic\/wp-json\/wp\/v2\/users\/4"}],"replies":[{"embeddable":true,"href":"https:\/\/okdiario.com\/metabolic\/wp-json\/wp\/v2\/comments?post=12779873"}],"version-history":[{"count":2,"href":"https:\/\/okdiario.com\/metabolic\/wp-json\/wp\/v2\/posts\/12779873\/revisions"}],"predecessor-version":[{"id":12779883,"href":"https:\/\/okdiario.com\/metabolic\/wp-json\/wp\/v2\/posts\/12779873\/revisions\/12779883"}],"wp:featuredmedia":[{"embeddable":true,"href":"https:\/\/okdiario.com\/metabolic\/wp-json\/wp\/v2\/media\/395"}],"wp:attachment":[{"href":"https:\/\/okdiario.com\/metabolic\/wp-json\/wp\/v2\/media?parent=12779873"}],"wp:term":[{"taxonomy":"category","embeddable":true,"href":"https:\/\/okdiario.com\/metabolic\/wp-json\/wp\/v2\/categories?post=12779873"},{"taxonomy":"post_tag","embeddable":true,"href":"https:\/\/okdiario.com\/metabolic\/wp-json\/wp\/v2\/tags?post=12779873"}],"curies":[{"name":"wp","href":"https:\/\/api.w.org\/{rel}","templated":true}]}}