{"id":12777335,"date":"2026-01-31T08:15:12","date_gmt":"2026-01-31T07:15:12","guid":{"rendered":"https:\/\/okdiario.com\/metabolic\/?p=12777335"},"modified":"2026-01-26T08:10:25","modified_gmt":"2026-01-26T07:10:25","slug":"caida-del-pelo-al-dormir-el-habito-nocturno-que-podria-estar-debilitando-tu-cabello","status":"publish","type":"post","link":"https:\/\/okdiario.com\/metabolic\/salud\/caida-del-pelo-al-dormir-el-habito-nocturno-que-podria-estar-debilitando-tu-cabello-12777335\/","title":{"rendered":"Ca\u00edda del pelo al dormir: el h\u00e1bito nocturno que podr\u00eda estar debilitando tu cabello"},"content":{"rendered":"<p><strong>\u00bfSe te cae m\u00e1s el pelo mientras duermes?\u00a0<\/strong>Si has notado esto en las \u00faltimas semanas puede que te preocupe aunque lo primero que debes tener en cuenta, es que no\u00a0siempre significa un problema, porque el <a href=\"https:\/\/okdiario.com\/noticias\/cabello\/\"><strong>cabello<\/strong> <\/a>se cae a diario. Sin embargo, cuando coincide con semanas de <a href=\"https:\/\/okdiario.com\/noticias\/estres\/\"><strong>estr\u00e9s<\/strong> <\/a>o de sue\u00f1o raro, es normal preguntarse qu\u00e9 est\u00e1 pasando. A veces ni siquiera sabemos si es casualidad o si tiene algo que ver con c\u00f3mo estamos durmiendo \u00faltimamente.<\/p>\n<p>Los <a href=\"https:\/\/okdiario.com\/metabolic\/cosmetica\/cara\/cuidado-si-sientes-hormigueo-en-la-cara-tras-ponerte-una-crema-los-dermatologos-lo-advierten-12764862\/\"><strong>dermat\u00f3logos<\/strong> <\/a>insisten en que no suele haber una \u00fanica explicaci\u00f3n<strong>. El cabello responde a muchas peque\u00f1as cosas:<\/strong> el descanso, la postura al dormir, los materiales que rozan con la cabeza, incluso esos h\u00e1bitos nocturnos que hacemos sin pensar. Y, con el tiempo, todo suma. Podemos decir entonces que lo que ocurre mientras dormimos influye m\u00e1s de lo que imaginamos, y el pelo no es una excepci\u00f3n.<\/p>\n<p>En Espa\u00f1a, especialistas como <a href=\"https:\/\/davidsaceda.com\/\" target=\"_blank\" rel=\"noopener\"><strong>David Saceda<\/strong><\/a>, dermat\u00f3logo y experto en tricolog\u00eda del <strong>Grupo Pedro Ja\u00e9n, llevan tiempo explicando que el descanso tiene un papel mucho m\u00e1s relevante del que solemos atribuirle<\/strong>. En una entrevista reciente, Saceda afirmaba que \u00abhay algunos estudios que s\u00ed relacionan la falta de sue\u00f1o o un mal descanso con un deterioro del cabello, incluso con una aceleraci\u00f3n de la alopecia com\u00fan\u00bb. Es decir, si dormimos mal, el pelo lo nota antes que nosotros.<\/p>\n<h2 data-start=\"817\" data-end=\"905\">Ca\u00edda del pelo al dormir: el h\u00e1bito nocturno que podr\u00eda estar debilitando tu cabello<\/h2>\n<p><strong>Seg\u00fan cuenta Saceda, el sue\u00f1o juega un papel m\u00e1s relevante del que parece.<\/strong> Cuando dormimos mal durante semanas, las c\u00e9lulas que se encargan de renovar el cabello no trabajan al mismo ritmo y la melena se resiente. De hecho, comenta que en estudios con personas que hacen turnos rotatorios se analizaron muestras del cuero cabelludo y aparecieron cambios en los mecanismos que controlan el crecimiento capilar. No es un dato menor, porque podr\u00eda explicar por qu\u00e9 quienes viven con horarios irregulares notan que el pelo pierde densidad o brillo con m\u00e1s facilidad.<\/p>\n<p><strong>A esto se suma el papel del estr\u00e9s, que tiende a desbordarse cuando no dormimos bien.<\/strong> Saceda detalla que act\u00faa directamente sobre <a href=\"https:\/\/okdiario.com\/metabolic\/salud\/compuestos-quimicos\/cortisol-12734249\/\">el cortisol<\/a>, la hormona que deber\u00eda elevarse por la ma\u00f1ana para ayudar a activarse y descender por la noche. Pero cuando una persona vive estresada, los niveles permanecen altos en momentos en los que deber\u00edan estar bajos. \u201cEsta hormona impide la correcta regeneraci\u00f3n del cabello\u201d, se\u00f1ala el especialista. Y si el ciclo natural se interrumpe, el fol\u00edculo no funciona igual.<\/p>\n<h3>La fricci\u00f3n: el factor silencioso que tambi\u00e9n importa<\/h3>\n<p>Aunque hablar de sue\u00f1o es esencial, no es lo \u00fanico que influye. Otro aspecto importante es la<strong> fricci\u00f3n entre el cabello y la almohada.<\/strong> Los tejidos m\u00e1s comunes, como el algod\u00f3n, absorben humedad y generan rozamiento durante la noche. No provocan alopecia como tal, pero s\u00ed pueden aumentar la rotura del cabello en personas con melena fina, sensibilizada o con tratamientos qu\u00edmicos.<\/p>\n<p>Aqu\u00ed s\u00ed existen estudios. <strong>Laboratorios textiles han demostrado que las telas de seda generan hasta un 30\u201335% menos fricci\u00f3n que las de algod\u00f3n<\/strong>, lo que reduce la rotura en movimientos nocturnos repetidos. Esa diferencia, sostenida en el tiempo, puede hacer que el cabello amanezca m\u00e1s quebradizo o con m\u00e1s cabellos sueltos sobre la almohada.<\/p>\n<p>No se trata de que una funda cause ca\u00edda cl\u00ednica del cabello, porque esa depende de factores internos, pero s\u00ed <strong>puede agravar la fragilidad.<\/strong> Y, si adem\u00e1s la persona duerme mal o sufre estr\u00e9s, el efecto acumulado se nota m\u00e1s.<\/p>\n<h3>Otros h\u00e1bitos nocturnos que pueden estar influyendo<\/h3>\n<p>M\u00e1s all\u00e1 del sue\u00f1o y la fricci\u00f3n, hay comportamientos que repetimos sin pensarlo y que, seg\u00fan los dermat\u00f3logos, no ayudan:<\/p>\n<ul>\n<li><strong>Dormir con el cabello h\u00famedo, por ejemplo, es un cl\u00e1sico<\/strong>. La fibra capilar mojada es m\u00e1s fr\u00e1gil, se estira con facilidad y se deforma con cualquier roce. Si a eso se suma una funda \u00e1spera o movimientos constantes, el resultado suele ser un cabello que se parte m\u00e1s y pierde densidad visual.<\/li>\n<li><strong>Tambi\u00e9n influye la forma de peinarse para dormir.<\/strong> Las coletas tensas, trenzas apretadas o accesorios que tiran del fol\u00edculo favorecen la llamada alopecia por tracci\u00f3n, un problema relativamente frecuente que se agrava cuando la tensi\u00f3n es continua.<\/li>\n<li><strong>Incluso la postura tiene su papel.<\/strong> Dormir siempre sobre el mismo lado puede debilitar zonas concretas por presi\u00f3n repetida. No causa alopecia por s\u00ed misma, pero s\u00ed puede dejar mechones m\u00e1s debilitados o con mayor rotura.<\/li>\n<\/ul>\n<h3>Qu\u00e9 puedes hacer para reducir la ca\u00edda nocturna<\/h3>\n<p>No hace falta transformar toda tu rutina. A veces basta con hacer <strong>peque\u00f1os cambios:<\/strong><\/p>\n<ul>\n<li><strong>Elegir una funda suave,<\/strong> preferiblemente de seda o sat\u00e9n, reduce el rozamiento. Es un gesto sencillo y que muchas personas notan en pocas semanas, sobre todo quienes tienen el cabello largo, fino o tratado.<\/li>\n<li><strong>Secar el cabello completamente antes de acostarte es otro h\u00e1bito b\u00e1sico<\/strong>. Una melena seca tiene menos riesgo de estirarse, quebrarse o deformarse.<\/li>\n<li><strong>Optar por peinados sueltos o trenzas muy flojas ayuda a liberar tensi\u00f3n del fol\u00edculo.<\/strong> Y, si te cuesta dormir bien, quiz\u00e1 no venga mal revisar horarios, dispositivos nocturnos y rutinas previas a acostarte.<\/li>\n<\/ul>\n<p><strong>El descanso, como insiste Saceda, es esencial. Cuando se altera, \u00abse dificulta la regeneraci\u00f3n del cabello\u00bb<\/strong>, y todo lo dem\u00e1s se suma. Cuidar c\u00f3mo duermes es tambi\u00e9n cuidar c\u00f3mo crece y se fortalece tu pelo.<\/p>\n<p>Hay alopecias de origen hormonal, hereditario o autoinmune que nada tienen que ver con c\u00f3mo dormimos. Pero s\u00ed es cierto que <strong>el sue\u00f1o, la fricci\u00f3n y algunos h\u00e1bitos nocturnos pueden empeorar una ca\u00edda ya existente<\/strong> o dar la sensaci\u00f3n de que el cabello se pierde m\u00e1s r\u00e1pido. Por ello, si la ca\u00edda del pelo al dormir es repentina, abundante o persiste durante varias semanas, lo m\u00e1s recomendable es acudir a un <strong>dermat\u00f3logo especializado en tricolog\u00eda<\/strong>. Y si no es el caso, revisar c\u00f3mo dormimos puede ser un buen primer paso para mejorar la salud capilar desde el descanso.<\/p>\n","protected":false},"excerpt":{"rendered":"<p>\u00bfSe te cae m\u00e1s el pelo mientras duermes?\u00a0Si has notado esto en las \u00faltimas semanas puede que te preocupe aunque lo primero que debes tener en cuenta, es que no\u00a0siempre significa un problema, porque el cabello se cae a diario. Sin embargo, cuando coincide con semanas de estr\u00e9s o de sue\u00f1o raro, es normal preguntarse [&hellip;]<\/p>\n","protected":false},"author":14,"featured_media":12777338,"comment_status":"closed","ping_status":"closed","sticky":false,"template":"","format":"standard","meta":{"inline_featured_image":false,"jnews-multi-image_gallery":[],"jnews_single_post":{"subtitle":"","format":"standard","override":[{"template":"10","single_blog_custom":"0","layout":"no-sidebar-narrow","sidebar":"single-sidebar","second_sidebar":"single-sidebar","sticky_sidebar":"1","share_position":"bottom","share_float_style":"share-monocrhome","show_featured":"1","show_post_meta":"1","show_post_author":"1","show_post_author_image":"1","show_post_date":"1","post_date_format":"custom","post_date_format_custom":"d\/m\/Y","show_post_category":"1","post_reading_time_wpm":"300","post_calculate_word_method":"str_word_count","zoom_button_out_step":"2","zoom_button_in_step":"3","show_post_tag":"1","number_popup_post":"1","show_author_box":"1","show_post_related":"1","show_inline_post_related":"1"}],"image_override":[{"single_post_thumbnail_size":"no-crop","single_post_gallery_size":"crop-715"}],"trending_post_position":"meta","trending_post_label":"Trending","sponsored_post_label":"Sponsored by","disable_ad":"0"},"jnews_primary_category":[],"jnews_social_meta":[],"jnews_review":[],"enable_review":"","type":"percentage","name":"","summary":"","brand":"","sku":"","good":[],"bad":[],"score_override":"","override_value":"","rating":[],"price":[],"jnews_override_counter":{"view_counter_number":"0","share_counter_number":"0","like_counter_number":"0","dislike_counter_number":"0"},"jnews_post_split":{"post_split":[{"template":"1","tag":"h2","numbering":"asc","mode":"normal","first":"0","enable_toc":"0","toc_type":"normal"}]},"footnotes":""},"categories":[2],"tags":[1565],"class_list":["post-12777335","post","type-post","status-publish","format-standard","has-post-thumbnail","hentry","category-salud","tag-tendencias"],"amp_enabled":true,"_links":{"self":[{"href":"https:\/\/okdiario.com\/metabolic\/wp-json\/wp\/v2\/posts\/12777335","targetHints":{"allow":["GET"]}}],"collection":[{"href":"https:\/\/okdiario.com\/metabolic\/wp-json\/wp\/v2\/posts"}],"about":[{"href":"https:\/\/okdiario.com\/metabolic\/wp-json\/wp\/v2\/types\/post"}],"author":[{"embeddable":true,"href":"https:\/\/okdiario.com\/metabolic\/wp-json\/wp\/v2\/users\/14"}],"replies":[{"embeddable":true,"href":"https:\/\/okdiario.com\/metabolic\/wp-json\/wp\/v2\/comments?post=12777335"}],"version-history":[{"count":4,"href":"https:\/\/okdiario.com\/metabolic\/wp-json\/wp\/v2\/posts\/12777335\/revisions"}],"predecessor-version":[{"id":12777347,"href":"https:\/\/okdiario.com\/metabolic\/wp-json\/wp\/v2\/posts\/12777335\/revisions\/12777347"}],"wp:featuredmedia":[{"embeddable":true,"href":"https:\/\/okdiario.com\/metabolic\/wp-json\/wp\/v2\/media\/12777338"}],"wp:attachment":[{"href":"https:\/\/okdiario.com\/metabolic\/wp-json\/wp\/v2\/media?parent=12777335"}],"wp:term":[{"taxonomy":"category","embeddable":true,"href":"https:\/\/okdiario.com\/metabolic\/wp-json\/wp\/v2\/categories?post=12777335"},{"taxonomy":"post_tag","embeddable":true,"href":"https:\/\/okdiario.com\/metabolic\/wp-json\/wp\/v2\/tags?post=12777335"}],"curies":[{"name":"wp","href":"https:\/\/api.w.org\/{rel}","templated":true}]}}