{"id":12777113,"date":"2026-01-21T11:30:07","date_gmt":"2026-01-21T10:30:07","guid":{"rendered":"https:\/\/okdiario.com\/metabolic\/?p=12777113"},"modified":"2026-01-21T11:46:29","modified_gmt":"2026-01-21T10:46:29","slug":"la-cualidad-oculta-que-esconden-las-personas-que-jamas-hacen-la-cama-segun-la-psicologia","status":"publish","type":"post","link":"https:\/\/okdiario.com\/metabolic\/psicologia\/la-cualidad-oculta-que-esconden-las-personas-que-jamas-hacen-la-cama-segun-la-psicologia-12777113\/","title":{"rendered":"La cualidad oculta que esconden las personas que jam\u00e1s hacen la cama, seg\u00fan la psicolog\u00eda"},"content":{"rendered":"<p>El acto cotidiano de dejar las s\u00e1banas revueltas al despertar suele interpretarse como una se\u00f1al de indisciplina o falta de estructura personal. Sin embargo, la realidad psicol\u00f3gica detr\u00e1s de este comportamiento es considerablemente m\u00e1s profunda. Hay personas que <strong>jam\u00e1s hacen la cama<\/strong> y esto no siempre es un descuido consciente ni una rebeli\u00f3n contra las normas dom\u00e9sticas, sino m\u00e1s bien un reflejo de una jerarqu\u00eda de prioridades donde la eficiencia inmediata o el<a href=\"https:\/\/okdiario.com\/metabolic\/psicologia\/emociones\/a-que-hora-irse-a-dormir-para-preservar-la-salud-mental-esto-dice-la-universidad-de-stanford-12736151\/\"> descanso mental<\/a> prevalecen sobre la est\u00e9tica del dormitorio. Adem\u00e1s, en un mundo que valora la productividad extrema, este peque\u00f1o acto de omisi\u00f3n puede interpretarse como una necesidad de validar el deseo personal frente a las expectativas externas.<\/p>\n<p>A su vez, la psicolog\u00eda contempor\u00e1nea ha comenzado a observar que las personas que jam\u00e1s hacen la cama suelen poseer rasgos de personalidad vinculados a la espontaneidad y a una mayor tolerancia a la ambig\u00fcedad. No se trata simplemente de pereza, sino de una configuraci\u00f3n mental que prioriza el flujo de pensamiento sobre el orden visual estricto, sugiriendo que quienes conviven con el desorden pueden ser m\u00e1s propensos a la innovaci\u00f3n y a la resoluci\u00f3n creativa de problemas complejos. Al evitar esta tarea, el cerebro no se ve forzado a entrar en un modo de \u00abcumplimiento de reglas\u00bb <strong>desde el primer minuto del d\u00eda<\/strong>, lo que mantiene abierta la puerta a un pensamiento m\u00e1s divergente y menos estructurado durante las horas siguientes. Adem\u00e1s, diferentes instituciones y profesionales del \u00e1mbito de la salud han introducido variables biol\u00f3gicas que justifican esta pr\u00e1ctica, se\u00f1alando que la ventilar la cama y la habitaci\u00f3n puede reducir la proliferaci\u00f3n de \u00e1caros, lo que aporta un argumento higi\u00e9nico que refuerza la decisi\u00f3n de las personas.<\/p>\n<h2>\u00bfQu\u00e9 caracter\u00edsticas tienen las personas que no hacen la cama?<\/h2>\n<p>Existe una relaci\u00f3n entre el entorno f\u00edsico y los procesos cognitivos. Mientras que el orden se asocia frecuentemente con la autodisciplina y la estabilidad, el desorden controlado suele ser el refugio de mentes altamente creativas.<\/p>\n<p>Seg\u00fan la <a href=\"https:\/\/www.unav.edu\/web\/instituto-cultura-y-sociedad\/proyectos\/habitos-humanos\" target=\"_blank\" rel=\"noopener\">Universidad de Navarra<\/a>, el orden excesivo puede limitar la capacidad de generar ideas novedosas, ya que el cerebro se acostumbra a patrones predecibles y r\u00edgidos.<\/p>\n<p>\u00abLas personas que no hacen la cama se sienten c\u00f3modos en la improvisaci\u00f3n y que no necesitan una estructura externa para sentir control interno\u00bb, aseguran los expertos.<\/p>\n<p>Este comportamiento tambi\u00e9n se vincula con la gesti\u00f3n del tiempo. Quienes ignoran esta tarea suelen dedicar <strong>esos cinco minutos a la meditaci\u00f3n<\/strong>, a la lectura de noticias o simplemente a disfrutar de un caf\u00e9 sin prisas.<\/p>\n<p>Para ellos, la gratificaci\u00f3n de dejar la cama ordenada resulta un momento sumamente fugaz, especialmente considerando que volver\u00e1n a deshacerla apenas unas horas despu\u00e9s.<\/p>\n<h3>La resistencia a las normas de casa<\/h3>\n<p>La resistencia a hacer la cama puede ser un indicador de una personalidad con baja \u00abnecesidad de cierre cognitivo\u00bb. Esto significa que estas personas no sienten ansiedad ante las tareas inacabadas o los espacios asim\u00e9tricos.<\/p>\n<p>Adem\u00e1s, se trata de perfiles que fluyen mejor con los cambios y que poseen una gran resiliencia ante la incertidumbre. En el \u00e1mbito laboral, esto <strong>se traduce en empleados que pueden controlar la crisis<\/strong> sin entrar en p\u00e1nico, ya que su umbral de tolerancia al caos es m\u00e1s elevado que el de sus compa\u00f1eros m\u00e1s meticulosos.<\/p>\n<p>De acuerdo con informes sobre comportamiento humano de la <a href=\"https:\/\/www.who.int\/es\/news-room\/fact-sheets\/detail\/mental-health-strengthening-our-response\" target=\"_blank\" rel=\"noopener\">Organizaci\u00f3n Mundial de la Salud<\/a> (OMS) enfocados en el bienestar mental en el hogar, el entorno personal debe ser un refugio de autenticidad.<\/p>\n<p>En este sentido, mencionan que obligar a una persona naturalmente desordenada a mantener un orden estricto puede generar niveles innecesarios de estr\u00e9s y frustraci\u00f3n. \u00abLa aceptaci\u00f3n de que cada individuo interact\u00faa de forma distinta con su espacio vital es fundamental para la convivencia y la salud emocional\u00bb, comentan.<\/p>\n<h3>\u00a0\u00bfCu\u00e1l es el beneficio para la salud de las personas que no hacen la cama?<\/h3>\n<p>En lo que respecta al bienestar f\u00edsico integral, lo que antes se consideraba una falta de higiene, en la actualidad presenta un respaldo cient\u00edfico. La <a href=\"https:\/\/www.kingston.ac.uk\/\" target=\"_blank\" rel=\"noopener\">Universidad de Kingston<\/a> en el Reino Unido realiz\u00f3 un <a href=\"https:\/\/scholar.google.com\/citations?view_op=view_citation&amp;hl=en&amp;user=g1uA_-sAAAAJ&amp;citation_for_view=g1uA_-sAAAAJ:_kc_bZDykSQC\" target=\"_blank\" rel=\"noopener\">estudio<\/a> que concluye que quienes no hacen la cama es mejor para la salud respiratoria.<\/p>\n<p>Al no cubrir el colch\u00f3n inmediatamente con la colcha, permitimos que la humedad acumulada durante la noche se evapore. Esto dificulta la supervivencia de los \u00e1caros del polvo, que necesitan ambientes h\u00famedos para reproducirse.<\/p>\n<p>\u00abAs\u00ed, las personas que nunca se hacen la cama podr\u00edan estar, de manera inconsciente o informada, protegiendo su sistema inmunol\u00f3gico contra alergias y asma\u00bb, destacan los especialistas.<\/p>\n<p>Seg\u00fan el doctor Stephen Pretlove, dejar la cama sin hacer durante todo un d\u00eda puede reducir considerablemente las<strong> condiciones de humedad de las s\u00e1banas y<\/strong> el colch\u00f3n y hacer que los \u00e1caros se vayan a otra parte o incluso mueran. Por lo tanto, la ciencia ratifica que un dormitorio que se ventila adecuadamente es un entorno m\u00e1s hostil para los al\u00e9rgenos.<\/p>\n<p>&nbsp;<\/p>\n","protected":false},"excerpt":{"rendered":"<p>El acto cotidiano de dejar las s\u00e1banas revueltas al despertar suele interpretarse como una se\u00f1al de indisciplina o falta de estructura personal. Sin embargo, la realidad psicol\u00f3gica detr\u00e1s de este comportamiento es considerablemente m\u00e1s profunda. Hay personas que jam\u00e1s hacen la cama y esto no siempre es un descuido consciente ni una rebeli\u00f3n contra las [&hellip;]<\/p>\n","protected":false},"author":4,"featured_media":12729392,"comment_status":"closed","ping_status":"closed","sticky":false,"template":"","format":"standard","meta":{"inline_featured_image":false,"jnews-multi-image_gallery":[],"jnews_single_post":{"subtitle":"","format":"standard","override":[{"template":"10","single_blog_custom":"0","layout":"no-sidebar-narrow","sidebar":"single-sidebar","second_sidebar":"single-sidebar","sticky_sidebar":"1","share_position":"bottom","share_float_style":"share-monocrhome","show_featured":"1","show_post_meta":"1","show_post_author":"1","show_post_author_image":"1","show_post_date":"1","post_date_format":"custom","post_date_format_custom":"d\/m\/Y","show_post_category":"1","post_reading_time_wpm":"300","post_calculate_word_method":"str_word_count","zoom_button_out_step":"2","zoom_button_in_step":"3","show_post_tag":"1","number_popup_post":"1","show_author_box":"1","show_post_related":"1","show_inline_post_related":"1"}],"image_override":[{"single_post_thumbnail_size":"no-crop","single_post_gallery_size":"crop-715"}],"trending_post_position":"meta","trending_post_label":"Trending","sponsored_post_label":"Sponsored by","disable_ad":"0"},"jnews_primary_category":[],"jnews_social_meta":[],"jnews_review":[],"enable_review":"","type":"percentage","name":"","summary":"","brand":"","sku":"","good":[],"bad":[],"score_override":"","override_value":"","rating":[],"price":[],"jnews_override_counter":{"view_counter_number":"0","share_counter_number":"0","like_counter_number":"0","dislike_counter_number":"0"},"jnews_post_split":{"post_split":[{"template":"1","tag":"h2","numbering":"asc","mode":"normal","first":"0","enable_toc":"0","toc_type":"normal"}]},"footnotes":""},"categories":[27,29,30],"tags":[1607,1565],"class_list":["post-12777113","post","type-post","status-publish","format-standard","has-post-thumbnail","hentry","category-psicologia","category-autoayuda","category-emociones","tag-okd","tag-tendencias"],"amp_enabled":true,"_links":{"self":[{"href":"https:\/\/okdiario.com\/metabolic\/wp-json\/wp\/v2\/posts\/12777113","targetHints":{"allow":["GET"]}}],"collection":[{"href":"https:\/\/okdiario.com\/metabolic\/wp-json\/wp\/v2\/posts"}],"about":[{"href":"https:\/\/okdiario.com\/metabolic\/wp-json\/wp\/v2\/types\/post"}],"author":[{"embeddable":true,"href":"https:\/\/okdiario.com\/metabolic\/wp-json\/wp\/v2\/users\/4"}],"replies":[{"embeddable":true,"href":"https:\/\/okdiario.com\/metabolic\/wp-json\/wp\/v2\/comments?post=12777113"}],"version-history":[{"count":1,"href":"https:\/\/okdiario.com\/metabolic\/wp-json\/wp\/v2\/posts\/12777113\/revisions"}],"predecessor-version":[{"id":12777116,"href":"https:\/\/okdiario.com\/metabolic\/wp-json\/wp\/v2\/posts\/12777113\/revisions\/12777116"}],"wp:featuredmedia":[{"embeddable":true,"href":"https:\/\/okdiario.com\/metabolic\/wp-json\/wp\/v2\/media\/12729392"}],"wp:attachment":[{"href":"https:\/\/okdiario.com\/metabolic\/wp-json\/wp\/v2\/media?parent=12777113"}],"wp:term":[{"taxonomy":"category","embeddable":true,"href":"https:\/\/okdiario.com\/metabolic\/wp-json\/wp\/v2\/categories?post=12777113"},{"taxonomy":"post_tag","embeddable":true,"href":"https:\/\/okdiario.com\/metabolic\/wp-json\/wp\/v2\/tags?post=12777113"}],"curies":[{"name":"wp","href":"https:\/\/api.w.org\/{rel}","templated":true}]}}