{"id":12776777,"date":"2026-01-15T11:11:02","date_gmt":"2026-01-15T10:11:02","guid":{"rendered":"https:\/\/okdiario.com\/metabolic\/?p=12776777"},"modified":"2026-01-15T10:06:24","modified_gmt":"2026-01-15T09:06:24","slug":"si-tienes-hijos-adolescentes-jamas-les-prohibas-esto-es-bueno-para-su-salud-y-lo-dicen-los-expertos","status":"publish","type":"post","link":"https:\/\/okdiario.com\/metabolic\/psicologia\/si-tienes-hijos-adolescentes-jamas-les-prohibas-esto-es-bueno-para-su-salud-y-lo-dicen-los-expertos-12776777\/","title":{"rendered":"Si tienes hijos adolescentes jam\u00e1s les proh\u00edbas esto: es bueno para su salud y lo dicen los expertos"},"content":{"rendered":"<p>Durante a\u00f1os, <a href=\"https:\/\/okdiario.com\/metabolic\/psicologia\/soy-psicologo-y-esto-es-lo-que-te-puede-pasar-si-te-vas-a-dormir-con-el-estomago-vacio-12775424\/\">dormir hasta tarde<\/a> los fines de semana ha sido interpretado como un signo de dejadez en la adolescencia. Padres, docentes e incluso algunos profesionales de la salud han atribuido este h\u00e1bito a la pereza o a una falta de disciplina. Sin embargo, la ciencia empieza a desmontar ese prejuicio. Un nuevo estudio concluye \u00a0que el descanso prolongado en s\u00e1bado y domingo podr\u00eda cumplir una <strong>funci\u00f3n clave en el bienestar psicol\u00f3gico de los adolescentes,<\/strong> actuando como un mecanismo de compensaci\u00f3n frente al d\u00e9ficit de sue\u00f1o acumulado durante la semana escolar.<\/p>\n<p>La investigaci\u00f3n, difundida recientemente por <a href=\"https:\/\/www.europapress.es\/la-rioja\/noticia-pereza-irresponsabilidad-razon-adolescentes-necesitan-dormir-tarde-fin-semana-20260111123710.html\" target=\"_blank\" rel=\"noopener\">Europa Press<\/a>, pone el foco en una realidad conocida pero poco atendida: los horarios tempranos de entrada a clase chocan frontalmente con el reloj biol\u00f3gico adolescente. El resultado es una<strong> deuda de sue\u00f1o cr\u00f3nica<\/strong> que no siempre puede resolverse de lunes a viernes. En este contexto, dormir m\u00e1s horas el fin de semana no ser\u00eda una anomal\u00eda, sino una respuesta fisiol\u00f3gica l\u00f3gica, con posibles beneficios para la salud mental y emocional.<\/p>\n<h2>El estudio sobre el descanso de los adolescentes en fin de semana<\/h2>\n<p>El trabajo ha sido desarrollado por investigadores de la <a href=\"https:\/\/www.cdc.gov\/nchs\/nhanes\/index.html\" target=\"_blank\" rel=\"noopener\">Universidad de Oreg\u00f3n y la Universidad M\u00e9dica Upstate de la Universidad Estatal de Nueva York<\/a>, dos instituciones con una larga trayectoria en el \u00e1mbito de la salud y la investigaci\u00f3n en neurociencia. El an\u00e1lisis se centr\u00f3 en observar los patrones de sue\u00f1o de adolescentes y su relaci\u00f3n con indicadores de bienestar psicol\u00f3gico, como el estado de \u00e1nimo, los niveles de estr\u00e9s y la presencia de s\u00edntomas depresivos.<\/p>\n<p>Los resultados apuntan a que aquellos adolescentes que duermen m\u00e1s horas durante el fin de semana, sin alterar de forma extrema sus horarios, <strong>presentan un mejor equilibrio emocional<\/strong> que quienes mantienen una privaci\u00f3n de sue\u00f1o constante. Seg\u00fan los autores, no se trata de fomentar horarios ca\u00f3ticos, sino de permitir una recuperaci\u00f3n parcial del descanso perdido.<\/p>\n<h3>El reloj biol\u00f3gico en la adolescencia<\/h3>\n<p>Uno de los factores clave para entender este fen\u00f3meno es el cambio natural del ritmo circadiano durante la adolescencia. En esta etapa, <strong>la liberaci\u00f3n <a href=\"https:\/\/okdiario.com\/metabolic\/dietetica\/vitaminas\/melatonina-810\/\">de melatonina<\/a><\/strong> \u2014la hormona que induce el sue\u00f1o\u2014 se retrasa varias horas respecto a la infancia. Esto significa que muchos adolescentes no tienen sue\u00f1o hasta bien entrada la noche, incluso aunque deban madrugar al d\u00eda siguiente.<\/p>\n<p>Diversos estudios acad\u00e9micos han documentado este desfase biol\u00f3gico, que no responde a h\u00e1bitos tecnol\u00f3gicos ni a falta de voluntad. Instituciones como la <a href=\"https:\/\/www.thensf.org\/what-to-know-about-teens-and-sleep\/\" target=\"_blank\" rel=\"noopener\">National Sleep Foundation<\/a> llevan a\u00f1os advirtiendo de que los horarios escolares no est\u00e1n alineados con las necesidades reales de descanso en esta franja de edad, lo que genera consecuencias acumulativas a medio plazo.<\/p>\n<h3>Dormir m\u00e1s y salud mental<\/h3>\n<p>Uno de los hallazgos m\u00e1s destacados del estudio es la relaci\u00f3n entre el sue\u00f1o de recuperaci\u00f3n y la salud mental. Los investigadores observaron que dormir hasta tarde el fin de semana se asociaba con menores niveles de ansiedad y s\u00edntomas depresivos, especialmente en adolescentes que durante la semana dorm\u00edan menos de lo recomendado.<\/p>\n<p>Este efecto protector no implica que el descanso del fin de semana sustituya al sue\u00f1o regular, pero s\u00ed parece amortiguar parte del impacto negativo del cansancio cr\u00f3nico. La <a href=\"https:\/\/revistas.umecit.edu.pa\/index.php\/sc\/article\/download\/1633\/2541\/9205\" target=\"_blank\" rel=\"noopener\">Universidad UMECIT de Panam\u00e1<\/a> explica en un art\u00edculo que, desde el<strong> punto de vista psicol\u00f3gico<\/strong>, el sue\u00f1o adecuado contribuye a una mejor regulaci\u00f3n emocional, mayor tolerancia al estr\u00e9s y una percepci\u00f3n m\u00e1s positiva del entorno.<\/p>\n<p>Ahora bien, los expertos advierten, no obstante, de que no todo vale. Dormir hasta muy entrada la tarde o alterar dr\u00e1sticamente los horarios puede provocar lo que se conoce como \u201cjet lag social\u201d, una desincronizaci\u00f3n del reloj interno que dificulta la vuelta a la rutina el lunes.<\/p>\n<p>El beneficio aparece cuando el descanso extra se mantiene dentro de unos m\u00e1rgenes razonables y no implica un cambio radical del ritmo diario.<\/p>\n<p>La clave, se\u00f1alan los investigadores, <strong>est\u00e1 en encontrar un equilibrio<\/strong> entre permitir la recuperaci\u00f3n del sue\u00f1o y conservar una cierta regularidad. En este sentido, el estudio aporta argumentos para flexibilizar la mirada adulta, m\u00e1s que para eliminar normas.<\/p>\n<h3>La relaci\u00f3n con las familias y escuelas<\/h3>\n<p>Estos hallazgos abren un debate m\u00e1s amplio sobre c\u00f3mo se organizan la jornada diaria de cara a la escuela, centro y la familia. Cada vez m\u00e1s expertos en cronobiolog\u00eda y salud p\u00fablica, como los de la <a href=\"https:\/\/udesa.edu.ar\/noticias\/pocas-semanas-del-inicio-de-clases-los-expertos-recomiendan-que-los-chicos-entrenen-el-sueno\" target=\"_blank\" rel=\"noopener\">Universidad de San Andr\u00e9s<\/a>, plantean la necesidad de retrasar el inicio de las clases en secundaria, una medida que ya se ha probado en algunos pa\u00edses como Dinamarca, demostrando resultados positivos en rendimiento acad\u00e9mico y bienestar emocional.<\/p>\n<p>Ya se ha empezado a notar que el de<strong>scanso no es un lujo<\/strong>, sino un pilar b\u00e1sico del desarrollo saludable. Ignorar las necesidades biol\u00f3gicas de los adolescentes puede tener efectos acumulativos que van m\u00e1s all\u00e1 del cansancio puntual.<\/p>\n<p>Lo ideal y aconseja por la gran parte de expertos es dormir las mismas horas durante la semana y no mucho menos para recuperar luego durante los fines de semana.<\/p>\n<p>&nbsp;<\/p>\n","protected":false},"excerpt":{"rendered":"<p>Durante a\u00f1os, dormir hasta tarde los fines de semana ha sido interpretado como un signo de dejadez en la adolescencia. Padres, docentes e incluso algunos profesionales de la salud han atribuido este h\u00e1bito a la pereza o a una falta de disciplina. Sin embargo, la ciencia empieza a desmontar ese prejuicio. Un nuevo estudio concluye [&hellip;]<\/p>\n","protected":false},"author":4,"featured_media":12745317,"comment_status":"closed","ping_status":"closed","sticky":false,"template":"","format":"standard","meta":{"inline_featured_image":false,"jnews-multi-image_gallery":[],"jnews_single_post":{"subtitle":"","format":"standard","override":[{"template":"10","single_blog_custom":"0","layout":"no-sidebar-narrow","sidebar":"single-sidebar","second_sidebar":"single-sidebar","sticky_sidebar":"1","share_position":"bottom","share_float_style":"share-monocrhome","show_featured":"1","show_post_meta":"1","show_post_author":"1","show_post_author_image":"1","show_post_date":"1","post_date_format":"custom","post_date_format_custom":"d\/m\/Y","show_post_category":"1","post_reading_time_wpm":"300","post_calculate_word_method":"str_word_count","zoom_button_out_step":"2","zoom_button_in_step":"3","show_post_tag":"1","number_popup_post":"1","show_author_box":"1","show_post_related":"1","show_inline_post_related":"1"}],"image_override":[{"single_post_thumbnail_size":"no-crop","single_post_gallery_size":"crop-715"}],"trending_post_position":"meta","trending_post_label":"Trending","sponsored_post_label":"Sponsored by","disable_ad":"0"},"jnews_primary_category":[],"jnews_social_meta":[],"jnews_review":[],"enable_review":"","type":"percentage","name":"","summary":"","brand":"","sku":"","good":[],"bad":[],"score_override":"","override_value":"","rating":[],"price":[],"jnews_override_counter":{"view_counter_number":"0","share_counter_number":"0","like_counter_number":"0","dislike_counter_number":"0"},"jnews_post_split":{"post_split":[{"template":"1","tag":"h2","numbering":"asc","mode":"normal","first":"0","enable_toc":"0","toc_type":"normal"}]},"footnotes":""},"categories":[27,29],"tags":[1607,1565],"class_list":["post-12776777","post","type-post","status-publish","format-standard","has-post-thumbnail","hentry","category-psicologia","category-autoayuda","tag-okd","tag-tendencias"],"amp_enabled":true,"_links":{"self":[{"href":"https:\/\/okdiario.com\/metabolic\/wp-json\/wp\/v2\/posts\/12776777","targetHints":{"allow":["GET"]}}],"collection":[{"href":"https:\/\/okdiario.com\/metabolic\/wp-json\/wp\/v2\/posts"}],"about":[{"href":"https:\/\/okdiario.com\/metabolic\/wp-json\/wp\/v2\/types\/post"}],"author":[{"embeddable":true,"href":"https:\/\/okdiario.com\/metabolic\/wp-json\/wp\/v2\/users\/4"}],"replies":[{"embeddable":true,"href":"https:\/\/okdiario.com\/metabolic\/wp-json\/wp\/v2\/comments?post=12776777"}],"version-history":[{"count":2,"href":"https:\/\/okdiario.com\/metabolic\/wp-json\/wp\/v2\/posts\/12776777\/revisions"}],"predecessor-version":[{"id":12776787,"href":"https:\/\/okdiario.com\/metabolic\/wp-json\/wp\/v2\/posts\/12776777\/revisions\/12776787"}],"wp:featuredmedia":[{"embeddable":true,"href":"https:\/\/okdiario.com\/metabolic\/wp-json\/wp\/v2\/media\/12745317"}],"wp:attachment":[{"href":"https:\/\/okdiario.com\/metabolic\/wp-json\/wp\/v2\/media?parent=12776777"}],"wp:term":[{"taxonomy":"category","embeddable":true,"href":"https:\/\/okdiario.com\/metabolic\/wp-json\/wp\/v2\/categories?post=12776777"},{"taxonomy":"post_tag","embeddable":true,"href":"https:\/\/okdiario.com\/metabolic\/wp-json\/wp\/v2\/tags?post=12776777"}],"curies":[{"name":"wp","href":"https:\/\/api.w.org\/{rel}","templated":true}]}}