{"id":12776498,"date":"2026-01-15T09:00:57","date_gmt":"2026-01-15T08:00:57","guid":{"rendered":"https:\/\/okdiario.com\/metabolic\/?p=12776498"},"modified":"2026-01-13T11:50:40","modified_gmt":"2026-01-13T10:50:40","slug":"la-frase-que-siempre-dices-a-tus-hijos-pero-la-crianza-respetuosa-la-desaconseja-por-sus-consecuencias-emocionales","status":"publish","type":"post","link":"https:\/\/okdiario.com\/metabolic\/psicologia\/cognicion-y-aprendizaje\/la-frase-que-siempre-dices-a-tus-hijos-pero-la-crianza-respetuosa-la-desaconseja-por-sus-consecuencias-emocionales-12776498\/","title":{"rendered":"La frase que siempre dices a tus hijos pero la crianza respetuosa la desaconseja por sus consecuencias emocionales"},"content":{"rendered":"<p>Hay frases que se repiten en muchas casas casi sin pensar como <a href=\"https:\/\/okdiario.com\/metabolic\/psicologia\/relaciones-y-sociedad\/todos-hemos-dicho-esta-frase-a-nuestros-hijos-cientos-de-veces-pero-la-crianza-respetuosa-recomienda-esta-alternativa-12769343\/\" target=\"_blank\" rel=\"noopener\">\u00abte lo dije\u00bb<\/a> y que <strong>la crianza respetuosa no recomienda<\/strong>. Otras son m\u00e1s sutiles, pero pueden ser hasta m\u00e1s da\u00f1inas: \u00aberes igualito que tu padre\/madre\u00bb es un ejemplo claro.<\/p>\n<p>Puede parecerte un comentario sin importancia, pero va calando en los ni\u00f1os. La crianza respetuosa la desaconseja por el impacto emocional que tiene en los m\u00e1s peque\u00f1os (y tambi\u00e9n en los adultos).<\/p>\n<p>El problema es que cuando, en un momento de enfado, le dices esta frase a un hijo o a un nieto <strong>no suele ser para destacar algo positivo<\/strong>. M\u00e1s bien va acompa\u00f1ado de una cr\u00edtica.<\/p>\n<h2>Por qu\u00e9 la crianza respetuosa no recomienda que digas \u00aberes igualito que tu padre\/madre\u00bb para rega\u00f1ar<\/h2>\n<p>Cuando se le dice a un ni\u00f1o que es \u00abigualito\u00bb a uno de sus padres, normalmente no se hace para destacar algo positivo. Lo habitual es que vaya acompa\u00f1ado de una cr\u00edtica. <strong>El mensaje que recibe el menor es que tiene los mismos defectos<\/strong>.<\/p>\n<p>Con esta comparaci\u00f3n<strong> se machaca su individualidad<\/strong>. En lugar de corregir una conducta concreta, se etiqueta al ni\u00f1o como una copia de un adulto. Y eso no le ayuda a entender qu\u00e9 ha hecho mal ni c\u00f3mo puede mejorar.<\/p>\n<p>No es lo mismo decir \u00abhas hablado mal\u00bb que \u00aberes igual que tu padre cuando se enfada\u00bb. En el primer caso se corrige un comportamiento. En el segundo, se cuestiona la identidad del ni\u00f1o, lo que puede afectar a su autoestima.<\/p>\n<h2>Frases alternativas que recomienda la crianza respetuosa para que eduques a tus hijos<\/h2>\n<p>Por suerte, desde la crianza respetuosa tambi\u00e9n se dan <a href=\"https:\/\/okdiario.com\/metabolic\/psicologia\/cognicion-y-aprendizaje\/la-frase-4-palabras-que-sirve-para-tranquilizar-a-un-nino-en-20-segundos-avalada-por-un-psicologo-infantil-12773249\/\" target=\"_blank\" rel=\"noopener\">frases \u00fatiles para resolver problemas concretos con tu hijo<\/a>. No se trata de quedarse callado ni de dejar pasar los comportamientos que no nos gustan. La clave est\u00e1 en c\u00f3mo se dicen las cosas.<\/p>\n<p>En lugar de comparar, es mejor centrarse en lo ocurrido. Por ejemplo:<\/p>\n<ul>\n<li>\u00abAs\u00ed no se habla\u00bb.<\/li>\n<li>\u00abEso no est\u00e1 bien\u00bb.<\/li>\n<li>\u00abVamos a intentarlo de otra forma\u00bb.<\/li>\n<\/ul>\n<p>De este modo, <strong>el ni\u00f1o entiende qu\u00e9 ha hecho mal sin sentirse atacado<\/strong>. Se corrige la conducta sin poner etiquetas ni recurrir a comparaciones que no aportan nada positivo.<\/p>\n<p>Adem\u00e1s, se refuerza una idea importante: <strong>cada ni\u00f1o es \u00fanico<\/strong>. Tiene su propia personalidad, su forma de sentir y de reaccionar. Record\u00e1rselo tambi\u00e9n forma parte de educar.<\/p>\n<p>Las palabras pesan, y mucho. Cuando una frase se repite durante a\u00f1os, acaba dejando huella. Por eso conviene cuidar el lenguaje que usamos en casa, sobre todo en los momentos de tensi\u00f3n.<\/p>\n<h2>Si rega\u00f1as a tu hijo de esta manera puedes tener problemas entre adultos<\/h2>\n<p>Tambi\u00e9n debes tener en cuenta que esta frase no s\u00f3lo afecta a los hijos y <strong>puede generar malestar en la pareja<\/strong>. La situaci\u00f3n se puede agravar si ya est\u00e1is separados. Cuando uno de los padres escucha que su hijo es igual que \u00e9l o ella, suele interpretarlo como una cr\u00edtica directa.<\/p>\n<p>El resultado es <strong>m\u00e1s tensi\u00f3n en casa, reproches y discusiones innecesarias<\/strong>. En lugar de ayudar a educar mejor, se crea un ambiente m\u00e1s cargado y menos colaborativo.<\/p>\n<p>Es decir, est\u00e1s gener\u00e1ndote problemas por dos lados al mismo tiempo. Por una parte, el ni\u00f1o se siente comparado y desvalorizado. Por otra parte, el adulto se siente se\u00f1alado por errores que se le atribuyen.<\/p>\n","protected":false},"excerpt":{"rendered":"<p>Hay frases que se repiten en muchas casas casi sin pensar como \u00abte lo dije\u00bb y que la crianza respetuosa no recomienda. Otras son m\u00e1s sutiles, pero pueden ser hasta m\u00e1s da\u00f1inas: \u00aberes igualito que tu padre\/madre\u00bb es un ejemplo claro. Puede parecerte un comentario sin importancia, pero va calando en los ni\u00f1os. La crianza [&hellip;]<\/p>\n","protected":false},"author":32,"featured_media":12776501,"comment_status":"closed","ping_status":"closed","sticky":false,"template":"","format":"standard","meta":{"inline_featured_image":false,"jnews-multi-image_gallery":[],"jnews_single_post":{"format":"standard","override":[{"template":"10","single_blog_custom":"0","layout":"no-sidebar-narrow","sidebar":"single-sidebar","second_sidebar":"single-sidebar","sticky_sidebar":"1","share_position":"bottom","share_float_style":"share-monocrhome","show_featured":"1","show_post_meta":"1","show_post_author":"1","show_post_author_image":"1","show_post_date":"1","post_date_format":"custom","post_date_format_custom":"d\/m\/Y","show_post_category":"1","post_reading_time_wpm":"300","post_calculate_word_method":"str_word_count","zoom_button_out_step":"2","zoom_button_in_step":"3","show_post_tag":"1","number_popup_post":"1","show_author_box":"1","show_post_related":"1","show_inline_post_related":"1"}],"image_override":[{"single_post_thumbnail_size":"no-crop","single_post_gallery_size":"crop-715"}],"trending_post_position":"meta","trending_post_label":"Trending","sponsored_post_label":"Sponsored by","disable_ad":"0","subtitle":"Realizar comparaciones con sus padres para rega\u00f1arlos genera confusi\u00f3n en los ni\u00f1os y puede da\u00f1ar su autoestima"},"jnews_primary_category":[],"jnews_social_meta":[],"jnews_review":[],"enable_review":"","type":"percentage","name":"","summary":"","brand":"","sku":"","good":[],"bad":[],"score_override":"","override_value":"","rating":[],"price":[],"jnews_override_counter":{"view_counter_number":"0","share_counter_number":"0","like_counter_number":"0","dislike_counter_number":"0"},"jnews_post_split":{"post_split":[{"template":"1","tag":"h2","numbering":"asc","mode":"normal","first":"0","enable_toc":"0","toc_type":"normal"}]},"footnotes":""},"categories":[32],"tags":[],"class_list":["post-12776498","post","type-post","status-publish","format-standard","has-post-thumbnail","hentry","category-cognicion-y-aprendizaje"],"amp_enabled":true,"_links":{"self":[{"href":"https:\/\/okdiario.com\/metabolic\/wp-json\/wp\/v2\/posts\/12776498","targetHints":{"allow":["GET"]}}],"collection":[{"href":"https:\/\/okdiario.com\/metabolic\/wp-json\/wp\/v2\/posts"}],"about":[{"href":"https:\/\/okdiario.com\/metabolic\/wp-json\/wp\/v2\/types\/post"}],"author":[{"embeddable":true,"href":"https:\/\/okdiario.com\/metabolic\/wp-json\/wp\/v2\/users\/32"}],"replies":[{"embeddable":true,"href":"https:\/\/okdiario.com\/metabolic\/wp-json\/wp\/v2\/comments?post=12776498"}],"version-history":[{"count":2,"href":"https:\/\/okdiario.com\/metabolic\/wp-json\/wp\/v2\/posts\/12776498\/revisions"}],"predecessor-version":[{"id":12776570,"href":"https:\/\/okdiario.com\/metabolic\/wp-json\/wp\/v2\/posts\/12776498\/revisions\/12776570"}],"wp:featuredmedia":[{"embeddable":true,"href":"https:\/\/okdiario.com\/metabolic\/wp-json\/wp\/v2\/media\/12776501"}],"wp:attachment":[{"href":"https:\/\/okdiario.com\/metabolic\/wp-json\/wp\/v2\/media?parent=12776498"}],"wp:term":[{"taxonomy":"category","embeddable":true,"href":"https:\/\/okdiario.com\/metabolic\/wp-json\/wp\/v2\/categories?post=12776498"},{"taxonomy":"post_tag","embeddable":true,"href":"https:\/\/okdiario.com\/metabolic\/wp-json\/wp\/v2\/tags?post=12776498"}],"curies":[{"name":"wp","href":"https:\/\/api.w.org\/{rel}","templated":true}]}}