{"id":12776067,"date":"2026-01-08T08:22:19","date_gmt":"2026-01-08T07:22:19","guid":{"rendered":"https:\/\/okdiario.com\/metabolic\/?p=12776067"},"modified":"2026-01-07T22:22:36","modified_gmt":"2026-01-07T21:22:36","slug":"ni-nueces-ni-platanos-estos-son-los-7-alimentos-que-fomentan-la-creacion-de-nuevas-neuronas-segun-el-doctor-david-cespedes","status":"publish","type":"post","link":"https:\/\/okdiario.com\/metabolic\/dietetica\/ni-nueces-ni-platanos-estos-son-los-7-alimentos-que-fomentan-la-creacion-de-nuevas-neuronas-segun-el-doctor-david-cespedes-12776067\/","title":{"rendered":"Ni nueces ni pl\u00e1tanos: \u00e9stos son los 7 alimentos que fomentan la creaci\u00f3n de nuevas neuronas, seg\u00fan el doctor David C\u00e9spedes"},"content":{"rendered":"<p>El cerebro es un \u00f3rgano fundamental y din\u00e1mico que responde de manera directa a los h\u00e1bitos diarios, especialmente a la alimentaci\u00f3n. Si bien durante a\u00f1os se crey\u00f3 que las neuronas no se regeneraban, en la actualidad la ciencia demuestra que el <strong><a href=\"https:\/\/okdiario.com\/metabolic\/psicologia\/soy-psicologa-y-esto-es-lo-que-ocurre-en-el-cerebro-de-los-ninos-con-altas-capacidades-ni-ellos-mismos-son-capaces-12775037\/\">cerebro<\/a> adulto<\/strong> conserva la capacidad de crear nuevas conexiones y c\u00e9lulas nerviosas. Este proceso se conoce como neurog\u00e9nesis e intervienen nutrientes espec\u00edficos que favorecen la memoria, la atenci\u00f3n y la plasticidad cerebral. A su vez, diferentes especialistas mencionan que comer bien no solo impacta en el cuerpo. Con los <strong>7 alimentos que fomentan la creaci\u00f3n de nuevas neuronas<\/strong> tendr\u00e1s claridad mental, aprendizaje y prevenci\u00f3n del deterioro cognitivo asociado al envejecimiento y la salud neurol\u00f3gica a largo plazo.<\/p>\n<p>El doctor <a href=\"https:\/\/www.tiktok.com\/@dr.davidcespedes\/video\/7591554059518135574\" target=\"_blank\" rel=\"noopener\">David C\u00e9spedes<\/a>, m\u00e9dico experto en longevidad, explica que muchos de estos beneficios se relacionan con el BDNF, un factor neurotr\u00f3fico fundamental para la memoria y la plasticidad cerebral. \u00abEl BDNF act\u00faa como fertilizante neuronal, fortaleciendo las conexiones sin\u00e1pticas y reduciendo el riesgo de enfermedades neurodegenerativas como el Alzheimer\u00bb, comenta. Adem\u00e1s, diversos estudios muestran que ciertos alimentos activan estas v\u00edas neuro protectoras de forma natural. \u00abIncorporarlos con regularidad permite preservar la funci\u00f3n cognitiva, mejorar el rendimiento mental y acompa\u00f1ar un envejecimiento saludable\u00bb, asegura C\u00e9spedes. La nutrici\u00f3n, por tanto, se convierte en una <strong>herramienta preventiva clave, accesible y eficaz<\/strong>, siempre que se combine con otros h\u00e1bitos saludables como el ejercicio f\u00edsico, el descanso adecuado y la estimulaci\u00f3n intelectual constante. Seg\u00fan especialistas en nutrici\u00f3n, es importante implementar <a href=\"https:\/\/okdiario.com\/metabolic\/dietetica\/dietas\/dieta-equilibrada-12735542\/\">una dieta equilibrada<\/a>, variada y sostenida en el tiempo para la salud cerebral global y preventiva.<\/p>\n<h2>Los 7 alimentos que fomentan la creaci\u00f3n de nuevas neuronas<\/h2>\n<h3>Ar\u00e1ndanos<\/h3>\n<p>Existen alimentos con una alta densidad de compuestos bioactivos capaces de proteger el cerebro frente al estr\u00e9s oxidativo y la inflamaci\u00f3n. Entre los m\u00e1s estudiados se encuentran <a href=\"https:\/\/okdiario.com\/metabolic\/dietetica\/funcionales\/arandanos-354\/\">los ar\u00e1ndanos<\/a>, ricos en antocianinas, que mejoran la comunicaci\u00f3n neuronal y la memoria.<\/p>\n<h3>Uvas rojas<\/h3>\n<p>Otros alimentos que recomienda el doctor C\u00e9spedes son <a href=\"https:\/\/okdiario.com\/metabolic\/dietetica\/alimentos\/uvas-32\/\">las uvas<\/a> rojas que aportan <a href=\"https:\/\/okdiario.com\/metabolic\/salud\/fitoterapia\/resveratrol-12732809\/\">resveratrol<\/a>, asociado a una mayor longevidad cerebral.<\/p>\n<h3>T\u00e9 verde<\/h3>\n<p>El doctor tambi\u00e9n destaca el t\u00e9 verde, que contiene EGCG, un antioxidante con efectos neuro protectores.<\/p>\n<h3>Caf\u00e9<\/h3>\n<p>A su vez, <a href=\"https:\/\/okdiario.com\/metabolic\/dietetica\/alimentos\/cafe-24\/\">el caf\u00e9<\/a>, consumido con moderaci\u00f3n, aporta \u00e1cido clorog\u00e9nico, relacionado con una mejor atenci\u00f3n y velocidad de procesamiento.<\/p>\n<h3>C\u00farcuma para la activaci\u00f3n de las neuronas<\/h3>\n<p>Tambi\u00e9n destaca <a href=\"https:\/\/okdiario.com\/metabolic\/salud\/fitoterapia\/curcuma-1103\/\">la c\u00farcuma<\/a>, gracias a la curcumina, que ayudan en este proceso de \u00a0creaci\u00f3n de nuevas neuronas.<\/p>\n<h3>Chocolate negro<\/h3>\n<p>Mientras que <a href=\"https:\/\/okdiario.com\/metabolic\/dietetica\/alimentos\/chocolate-423\/\">el chocolate<\/a> negro con alto porcentaje de cacao es rico en polifenoles y procianidinas.<\/p>\n<h3>El pescado azul<\/h3>\n<p>El doctor C\u00e9spedes destaca el pesado azul por los \u00e1cidos grasos omega-3, fundamentales para mantener la fluidez de las membranas neuronales. Seg\u00fan el <a href=\"https:\/\/cnaneurologia.com\/blog\/alimentos-mejorar-memoria\/\" target=\"_blank\" rel=\"noopener\">Centro de Neurolog\u00eda Avanzada<\/a> (CNA), estos alimentos contribuyen a preservar la memoria y a reducir el riesgo de deterioro cognitivo.<\/p>\n<h3>La importancia de los frutos secos y los huevos para las neuronas<\/h3>\n<p>Los frutos secos son considerados aliados clave de la salud cerebral. Almendras, avellanas y nueces aportan vitaminas del grupo B, minerales y grasas saludables que favorecen las funciones cognitivas vinculadas con la memoria y el aprendizaje. El Centro de Neurolog\u00eda Avanzada destaca su consumo regular como apoyo a la concentraci\u00f3n y al rendimiento mental.<\/p>\n<p>Los huevos, por su parte, contienen prote\u00ednas de alta calidad, vitaminas B6 y B12 y colina, un nutriente esencial para la s\u00edntesis de neurotransmisores. \u00abLa colina presente en la yema se asocia con la prevenci\u00f3n del Alzheimer y otras demencias, adem\u00e1s de mejorar la capacidad de retenci\u00f3n y procesamiento de la informaci\u00f3n\u00bb, destacan desde el CNA.<\/p>\n<h3>Frutas y antioxidantes protectores<\/h3>\n<p>Las frutas desempe\u00f1an un papel central en la protecci\u00f3n del cerebro. La <strong><a href=\"https:\/\/okdiario.com\/metabolic\/dietetica\/alimentos\/naranja-12730578\/\">naranja<\/a>, rica en vitamina C<\/strong>, flavonoides y <a href=\"https:\/\/okdiario.com\/metabolic\/dietetica\/vitaminas\/acido-folico-12728202\/\">\u00e1cido f\u00f3lico<\/a>, ayuda a combatir el da\u00f1o oxidativo causado por los radicales libres.<\/p>\n<p>Adem\u00e1s, las frutas rojas como fresas, moras, uvas, sand\u00edas y granadas aportan antioxidantes que contrarrestan el envejecimiento cerebral y reducen el riesgo de demencia.<\/p>\n<p>Desde el Centro de Neurolog\u00eda Avanzada destacan que estos compuestos antioxidantes protegen las neuronas, favorecen la circulaci\u00f3n sangu\u00ednea cerebral y mantienen la agilidad mental.<\/p>\n<h3>\u00bfCu\u00e1les son los nutrientes esenciales para la salud cerebral?<\/h3>\n<p>El cerebro necesita un aporte constante de nutrientes para funcionar correctamente. <a href=\"https:\/\/okdiario.com\/metabolic\/salud\/compuestos-quimicos\/glucosa-12729186\/\">La glucosa<\/a> es su principal fuente de energ\u00eda, mientras que los <a href=\"https:\/\/okdiario.com\/metabolic\/dietetica\/carbohidratos-21\/\">carbohidratos complejos<\/a> sostienen la capacidad cognitiva. Los \u00e1cidos grasos fortalecen las conexiones neuronales, y <a href=\"https:\/\/okdiario.com\/metabolic\/deporte\/suplementos\/proteinas-572\/\">las prote\u00ednas<\/a> aportan <a href=\"https:\/\/okdiario.com\/metabolic\/deporte\/suplementos\/bcaa-12729230\/\">amino\u00e1cidos<\/a> esenciales para la transmisi\u00f3n nerviosa.<\/p>\n<h3>\u00bfQu\u00e9 vitaminas son claves para la memoria?<\/h3>\n<p>Entre las vitaminas m\u00e1s importantes se encuentran la B1, que ayuda a convertir carbohidratos en energ\u00eda cerebral; la B6, implicada en la s\u00edntesis de neurotransmisores; y la B9, esencial para la reparaci\u00f3n del ADN.<\/p>\n<p><a href=\"https:\/\/okdiario.com\/metabolic\/dietetica\/vitaminas\/vitamina-b12-1569\/\">La vitamina B12<\/a> mantiene la mielina de las fibras nerviosas y previene la demencia. <a href=\"https:\/\/okdiario.com\/metabolic\/dietetica\/vitaminas\/vitamina-c-12729567\/\">La vitamina C<\/a> y <a href=\"https:\/\/okdiario.com\/metabolic\/dietetica\/vitaminas\/vitamina-e-12729827\/\">la vitamina E<\/a> act\u00faan como potentes antioxidantes, mejorando la circulaci\u00f3n y protegiendo al cerebro del deterioro.<\/p>\n<p>&nbsp;<\/p>\n","protected":false},"excerpt":{"rendered":"<p>El cerebro es un \u00f3rgano fundamental y din\u00e1mico que responde de manera directa a los h\u00e1bitos diarios, especialmente a la alimentaci\u00f3n. Si bien durante a\u00f1os se crey\u00f3 que las neuronas no se regeneraban, en la actualidad la ciencia demuestra que el cerebro adulto conserva la capacidad de crear nuevas conexiones y c\u00e9lulas nerviosas. Este proceso [&hellip;]<\/p>\n","protected":false},"author":4,"featured_media":12734043,"comment_status":"closed","ping_status":"closed","sticky":false,"template":"","format":"standard","meta":{"inline_featured_image":false,"jnews-multi-image_gallery":[],"jnews_single_post":{"subtitle":"","format":"standard","override":[{"template":"10","single_blog_custom":"0","layout":"no-sidebar-narrow","sidebar":"single-sidebar","second_sidebar":"single-sidebar","sticky_sidebar":"1","share_position":"bottom","share_float_style":"share-monocrhome","show_featured":"1","show_post_meta":"1","show_post_author":"1","show_post_author_image":"1","show_post_date":"1","post_date_format":"custom","post_date_format_custom":"d\/m\/Y","show_post_category":"1","post_reading_time_wpm":"300","post_calculate_word_method":"str_word_count","zoom_button_out_step":"2","zoom_button_in_step":"3","show_post_tag":"1","number_popup_post":"1","show_author_box":"1","show_post_related":"1","show_inline_post_related":"1"}],"image_override":[{"single_post_thumbnail_size":"no-crop","single_post_gallery_size":"crop-715"}],"trending_post_position":"meta","trending_post_label":"Trending","sponsored_post_label":"Sponsored by","disable_ad":"0"},"jnews_primary_category":[],"jnews_social_meta":[],"jnews_review":[],"enable_review":"","type":"percentage","name":"","summary":"","brand":"","sku":"","good":[],"bad":[],"score_override":"","override_value":"","rating":[],"price":[],"jnews_override_counter":{"view_counter_number":"0","share_counter_number":"0","like_counter_number":"0","dislike_counter_number":"0"},"jnews_post_split":{"post_split":[{"template":"1","tag":"h2","numbering":"asc","mode":"normal","first":"0","enable_toc":"0","toc_type":"normal"}]},"footnotes":""},"categories":[17,18,20],"tags":[1607,1565],"class_list":["post-12776067","post","type-post","status-publish","format-standard","has-post-thumbnail","hentry","category-dietetica","category-alimentos","category-dietas","tag-okd","tag-tendencias"],"amp_enabled":true,"_links":{"self":[{"href":"https:\/\/okdiario.com\/metabolic\/wp-json\/wp\/v2\/posts\/12776067","targetHints":{"allow":["GET"]}}],"collection":[{"href":"https:\/\/okdiario.com\/metabolic\/wp-json\/wp\/v2\/posts"}],"about":[{"href":"https:\/\/okdiario.com\/metabolic\/wp-json\/wp\/v2\/types\/post"}],"author":[{"embeddable":true,"href":"https:\/\/okdiario.com\/metabolic\/wp-json\/wp\/v2\/users\/4"}],"replies":[{"embeddable":true,"href":"https:\/\/okdiario.com\/metabolic\/wp-json\/wp\/v2\/comments?post=12776067"}],"version-history":[{"count":2,"href":"https:\/\/okdiario.com\/metabolic\/wp-json\/wp\/v2\/posts\/12776067\/revisions"}],"predecessor-version":[{"id":12776072,"href":"https:\/\/okdiario.com\/metabolic\/wp-json\/wp\/v2\/posts\/12776067\/revisions\/12776072"}],"wp:featuredmedia":[{"embeddable":true,"href":"https:\/\/okdiario.com\/metabolic\/wp-json\/wp\/v2\/media\/12734043"}],"wp:attachment":[{"href":"https:\/\/okdiario.com\/metabolic\/wp-json\/wp\/v2\/media?parent=12776067"}],"wp:term":[{"taxonomy":"category","embeddable":true,"href":"https:\/\/okdiario.com\/metabolic\/wp-json\/wp\/v2\/categories?post=12776067"},{"taxonomy":"post_tag","embeddable":true,"href":"https:\/\/okdiario.com\/metabolic\/wp-json\/wp\/v2\/tags?post=12776067"}],"curies":[{"name":"wp","href":"https:\/\/api.w.org\/{rel}","templated":true}]}}