{"id":12775818,"date":"2026-01-04T09:01:01","date_gmt":"2026-01-04T08:01:01","guid":{"rendered":"https:\/\/okdiario.com\/metabolic\/?p=12775818"},"modified":"2026-01-04T00:16:48","modified_gmt":"2026-01-03T23:16:48","slug":"que-significado-tiene-hablar-en-segunda-persona-de-uno-mismo-la-ciencia-lo-aclara-y-no-es-lo-que-pensabas","status":"publish","type":"post","link":"https:\/\/okdiario.com\/metabolic\/psicologia\/que-significado-tiene-hablar-en-segunda-persona-de-uno-mismo-la-ciencia-lo-aclara-y-no-es-lo-que-pensabas-12775818\/","title":{"rendered":"Qu\u00e9 significado tiene hablar en segunda persona de uno mismo: la ciencia lo aclara y no es lo que pensabas"},"content":{"rendered":"<p>El di\u00e1logo interno es una forma de hablarse a uno mismo para reflexionar y ordenar las ideas. Si bien para muchos resulta una conducta universal, no siempre adopta la misma forma. Mientras algunas personas utilizan la primera persona del singular \u2014\u201cyo puedo\u201d, \u201cyo me siento as\u00ed\u201d\u2014, otras recurren de manera habitual a la segunda persona o incluso a su propio nombre: \u00abt\u00fa tienes que hacerlo mejor\u00bb. Es un fen\u00f3meno que despierta el inter\u00e9s de la psicolog\u00eda cognitiva y cl\u00ednica, ya que el modo en que una persona se dirige a s\u00ed misma influye directamente en su autoconcepto, en la regulaci\u00f3n emocional y en la forma de afrontar los<a href=\"https:\/\/okdiario.com\/metabolic\/psicologia\/que-significa-no-querer-dar-tu-opinion-para-evitar-conflictos-segun-los-psicologos-12761988\/\"> conflictos cotidianos.<\/a><\/p>\n<p>A su vez, los especialistas aseguran que analizar este tipo de di\u00e1logo interno permite comprender mejor ciertos patrones de pensamiento, as\u00ed como sus efectos positivos y negativos sobre el bienestar psicol\u00f3gico. Desde una perspectiva cient\u00edfica, hablarse en segunda persona puede entenderse como una estrategia de distanciamiento psicol\u00f3gico. Seg\u00fan <a href=\"https:\/\/www.sciencedirect.com\/science\/article\/abs\/pii\/S0022103119303531\" target=\"_blank\" rel=\"noopener\">Science Direct<\/a>, el denominado \u00abdi\u00e1logo interno distanciado\u00bb, que incluye el uso del propio nombre o pronombres distintos a la primera persona, facilita el autocontrol y promueve formas de razonamiento m\u00e1s reflexivas y sabias. \u00abSin embargo, este mismo mecanismo puede adquirir matices problem\u00e1ticos cuando se combina con autoexigencia excesiva, cr\u00edtica constante o baja autoestima\u00bb, advierten. En estos casos, la segunda persona deja de ser una herramienta reguladora y se convierte en un <strong>veh\u00edculo de autoexigencia y presi\u00f3n<\/strong>. Por ello, comprender c\u00f3mo son las personas que se hablan en segunda persona implica analizar tanto los beneficios cognitivos del distanciamiento como sus riesgos emocionales y relacionales.<\/p>\n<h2>El di\u00e1logo interno en segunda persona y su funci\u00f3n psicol\u00f3gica<\/h2>\n<p>Este di\u00e1logo consiste en dirigirse a uno mismo como si se tratara de otra persona, utilizando expresiones como \u201ct\u00fa puedes\u201d, \u201ctienes que hacerlo mejor\u201d o \u201c\u00bfpor qu\u00e9 lo hiciste as\u00ed?\u201d.<\/p>\n<p>Seg\u00fan expertos de Science Direct, este tipo de lenguaje genera una <strong>distancia psicol\u00f3gica<\/strong> que permite observar la propia experiencia desde una perspectiva m\u00e1s abstracta. \u00abEsta distancia favorece la regulaci\u00f3n emocional, reduce la reactividad inmediata y facilita procesos asociados al razonamiento sabio, como la humildad intelectual y el pensamiento dial\u00e9ctico\u00bb, comentan.<\/p>\n<p>En este sentido, sostienen que quienes se hablan en segunda persona no necesariamente presentan un rasgo patol\u00f3gico, sino que pueden estar empleando un recurso cognitivo adaptativo para gestionar situaciones complejas.<\/p>\n<h3>Personas con baja autoestima, inseguras y ansiosas<\/h3>\n<p>Desde el \u00e1mbito cl\u00ednico, la psicoterapeuta <a href=\"https:\/\/www.gemmapsicologaclinica.com\/como-nos-hablamos-a-nosotros-mismos\/\" target=\"_blank\" rel=\"noopener\">Gemma Espel Trias<\/a> advierte que hablar en segunda persona suele ser habitual en personas con baja autoestima. En estos casos, el di\u00e1logo interno adopta un tono autoritario, cr\u00edtico o incluso insultante: \u201cqu\u00e9 mal lo hiciste\u201d, \u201ceres un desastre\u201d. Por lo tanto, este patr\u00f3n de comunicaci\u00f3n interna suele estar automatizado y pasa desapercibido para quien lo experimenta.<\/p>\n<p>Seg\u00fan la profesional, la utilizaci\u00f3n constante de la segunda persona <strong>refuerza una relaci\u00f3n interna<\/strong> basada en la exigencia y el control, lo que debilita la percepci\u00f3n de val\u00eda personal y mantiene estados emocionales como la tristeza, la inseguridad o la ansiedad persistente.<\/p>\n<h3>El autoconcepto y el distanciamiento del yo<\/h3>\n<p>Para especialistas de Science Direct, el di\u00e1logo interno distanciado influye directamente en el autoconcepto activo, es decir, en la imagen de uno mismo que se activa en un contexto determinado.<\/p>\n<p>En ese sentido, cuando una persona se habla utilizando su nombre o la segunda persona, aumenta la accesibilidad a caracter\u00edsticas abstractas del yo, como valores o rasgos generales, y disminuye la referencia a identidades sociales concretas.<\/p>\n<p>Esto indica que quienes emplean este tipo de lenguaje tienden a verse desde una perspectiva m\u00e1s global y menos ligada a roles espec\u00edficos. \u00abEste cambio sutil en el lenguaje puede modificar de forma significativa la representaci\u00f3n cognitiva del yo\u00bb, sostienen.<\/p>\n<h3>El di\u00e1logo interno: divisi\u00f3n del yo y ansiedad<\/h3>\n<p>Hablar a uno mismo como si se fuera otra persona puede generar una divisi\u00f3n interna del yo. Seg\u00fan Espel Trias, este uso de la segunda persona fomenta una dualidad en la que una parte act\u00faa como juez o comandante y otra como ejecutor.<\/p>\n<p>\u00abEsta fragmentaci\u00f3n del yo puede conducir a una sensaci\u00f3n de desintegraci\u00f3n interna y a una ansiedad constante, especialmente cuando el di\u00e1logo interno es negativo\u00bb, menciona. Adem\u00e1s, explica que la persona se comporta consigo misma como lo har\u00eda con alguien externo, reproduciendo din\u00e1micas de presi\u00f3n y reproche que refuerzan el malestar psicol\u00f3gico.<\/p>\n<h3>\u00bfPor qu\u00e9 es clave la regulaci\u00f3n del comportamiento?<\/h3>\n<p>Los <a href=\"https:\/\/pmc.ncbi.nlm.nih.gov\/articles\/PMC3678767\/\" target=\"_blank\" rel=\"noopener\">Institutos Nacionales de Salud<\/a> (NIH) aportan una visi\u00f3n complementaria al se\u00f1alar que el di\u00e1logo interno en segunda persona cumple una funci\u00f3n clave en la regulaci\u00f3n del comportamiento.<\/p>\n<p>\u00abDesde una perspectiva evolutiva, el control de la conducta humana se aprendi\u00f3 inicialmente a trav\u00e9s de \u00f3rdenes externas emitidas por cuidadores o maestros. Estas instrucciones, memorizadas en segunda persona, se internalizan con el tiempo\u00bb, afirman.<\/p>\n<p>En situaciones que requieren autocontrol, el yo se subdivide en dos roles: un comandante y un hacedor. Esta fragmentaci\u00f3n, reflejada en el uso del \u201ct\u00fa\u201d y del imperativo, <strong>puede ser funcional<\/strong> cuando se orienta a la acci\u00f3n, pero se torna problem\u00e1tica cuando se vuelve r\u00edgida o punitiva.<\/p>\n<p>&nbsp;<\/p>\n","protected":false},"excerpt":{"rendered":"<p>El di\u00e1logo interno es una forma de hablarse a uno mismo para reflexionar y ordenar las ideas. Si bien para muchos resulta una conducta universal, no siempre adopta la misma forma. Mientras algunas personas utilizan la primera persona del singular \u2014\u201cyo puedo\u201d, \u201cyo me siento as\u00ed\u201d\u2014, otras recurren de manera habitual a la segunda persona [&hellip;]<\/p>\n","protected":false},"author":4,"featured_media":12775472,"comment_status":"closed","ping_status":"closed","sticky":false,"template":"","format":"standard","meta":{"inline_featured_image":false,"jnews-multi-image_gallery":[],"jnews_single_post":{"subtitle":"","format":"standard","override":[{"template":"10","single_blog_custom":"0","layout":"no-sidebar-narrow","sidebar":"single-sidebar","second_sidebar":"single-sidebar","sticky_sidebar":"1","share_position":"bottom","share_float_style":"share-monocrhome","show_featured":"1","show_post_meta":"1","show_post_author":"1","show_post_author_image":"1","show_post_date":"1","post_date_format":"custom","post_date_format_custom":"d\/m\/Y","show_post_category":"1","post_reading_time_wpm":"300","post_calculate_word_method":"str_word_count","zoom_button_out_step":"2","zoom_button_in_step":"3","show_post_tag":"1","number_popup_post":"1","show_author_box":"1","show_post_related":"1","show_inline_post_related":"1"}],"image_override":[{"single_post_thumbnail_size":"no-crop","single_post_gallery_size":"crop-715"}],"trending_post_position":"meta","trending_post_label":"Trending","sponsored_post_label":"Sponsored by","disable_ad":"0"},"jnews_primary_category":[],"jnews_social_meta":[],"jnews_review":[],"enable_review":"","type":"percentage","name":"","summary":"","brand":"","sku":"","good":[],"bad":[],"score_override":"","override_value":"","rating":[],"price":[],"jnews_override_counter":{"view_counter_number":"0","share_counter_number":"0","like_counter_number":"0","dislike_counter_number":"0"},"jnews_post_split":{"post_split":[{"template":"1","tag":"h2","numbering":"asc","mode":"normal","first":"0","enable_toc":"0","toc_type":"normal"}]},"footnotes":""},"categories":[27,29],"tags":[1607,1565],"class_list":["post-12775818","post","type-post","status-publish","format-standard","has-post-thumbnail","hentry","category-psicologia","category-autoayuda","tag-okd","tag-tendencias"],"amp_enabled":true,"_links":{"self":[{"href":"https:\/\/okdiario.com\/metabolic\/wp-json\/wp\/v2\/posts\/12775818","targetHints":{"allow":["GET"]}}],"collection":[{"href":"https:\/\/okdiario.com\/metabolic\/wp-json\/wp\/v2\/posts"}],"about":[{"href":"https:\/\/okdiario.com\/metabolic\/wp-json\/wp\/v2\/types\/post"}],"author":[{"embeddable":true,"href":"https:\/\/okdiario.com\/metabolic\/wp-json\/wp\/v2\/users\/4"}],"replies":[{"embeddable":true,"href":"https:\/\/okdiario.com\/metabolic\/wp-json\/wp\/v2\/comments?post=12775818"}],"version-history":[{"count":1,"href":"https:\/\/okdiario.com\/metabolic\/wp-json\/wp\/v2\/posts\/12775818\/revisions"}],"predecessor-version":[{"id":12775820,"href":"https:\/\/okdiario.com\/metabolic\/wp-json\/wp\/v2\/posts\/12775818\/revisions\/12775820"}],"wp:featuredmedia":[{"embeddable":true,"href":"https:\/\/okdiario.com\/metabolic\/wp-json\/wp\/v2\/media\/12775472"}],"wp:attachment":[{"href":"https:\/\/okdiario.com\/metabolic\/wp-json\/wp\/v2\/media?parent=12775818"}],"wp:term":[{"taxonomy":"category","embeddable":true,"href":"https:\/\/okdiario.com\/metabolic\/wp-json\/wp\/v2\/categories?post=12775818"},{"taxonomy":"post_tag","embeddable":true,"href":"https:\/\/okdiario.com\/metabolic\/wp-json\/wp\/v2\/tags?post=12775818"}],"curies":[{"name":"wp","href":"https:\/\/api.w.org\/{rel}","templated":true}]}}