{"id":12775779,"date":"2026-01-02T14:28:19","date_gmt":"2026-01-02T13:28:19","guid":{"rendered":"https:\/\/okdiario.com\/metabolic\/?p=12775779"},"modified":"2026-01-02T13:28:44","modified_gmt":"2026-01-02T12:28:44","slug":"el-significado-de-que-una-persona-siempre-utilice-ropa-de-color-negro-segun-la-psicologia","status":"publish","type":"post","link":"https:\/\/okdiario.com\/metabolic\/psicologia\/el-significado-de-que-una-persona-siempre-utilice-ropa-de-color-negro-segun-la-psicologia-12775779\/","title":{"rendered":"El significado de que una persona siempre utilice ropa de color negro, seg\u00fan la psicolog\u00eda"},"content":{"rendered":"<p>Nuestra vestimenta tiene mucho que ver con nuestra personalidad. Aunque no nos vestimos cada d\u00eda igual, seguro que tenemos preferencia por un color en particular. En este caso, hay quienes usan ropa de color negro como preferencia. Con<a href=\"https:\/\/okdiario.com\/metabolic\/psicologia\/este-es-el-motivo-por-el-que-algunas-personas-actuan-como-heroes-cuando-hay-peligro-segun-la-ciencia-12775728\/\"> fuerte personalidad<\/a> y m\u00e1s all\u00e1 de que <strong>le guste aquella moda g\u00f3tica,<\/strong> quiere decir muchas m\u00e1s cosas.<\/p>\n<p>En este sentido, el negro est\u00e1 ligado al miedo, a la oscuridad, a aquello que no vemos, y en muchos casos a la muerte. Pero tiene un trasfondo porque en la moda es el color por excelencia de la elegancia, el comod\u00edn que va con todo y que escogen aquellas personas que tiene un<strong> halo de seguridad<\/strong> y confianza en si mismos. Y a la vez, de aquellos que buscan practicidad en su d\u00eda a d\u00eda. Tiene una larga tradici\u00f3n cultural asociado a la viudedad, y a la vez, a la rebeld\u00eda.<\/p>\n<h2>Por qu\u00e9 hay personas que siempre usan ropa de color negro<\/h2>\n<p>No hay una regla exacta pero mucho lo escogen para no tener que pensar en otros colores, en combinaciones que nunca acaban y porque realmente les va mejor.<\/p>\n<p><strong>Para otros, muestra gran personalidad:<\/strong><\/p>\n<ul>\n<li>Pueden proyectar una imagen seria, reservada o introspectiva.<\/li>\n<li>A veces se asocian con sensibilidad art\u00edstica o gusto por lo profundo.<\/li>\n<li>Mientras que otros lo usan para transmitir autoridad, misterio o seguridad.<\/li>\n<\/ul>\n<h3>Cuesti\u00f3n de personalidad<\/h3>\n<p>Tras ver los rasgos generales, hay otros particulares. Uno es la idea de la comodidad, es decir, no pensar demasiado qu\u00e9 ponerse y hacerlo de forma r\u00e1pida con el color negro.<\/p>\n<p>Protecci\u00f3n emocional: el negro puede sentirse como una \u201carmadura\u201d.<\/p>\n<h3>Duelo<\/h3>\n<p>Como hemos establecido, el color negro se une a la historia y a la cultura de muchos pueblos. Y es un tono que se refiere a la forma de expresarse sin palabras con los dem\u00e1s y a los rituales de duelo.<\/p>\n<p>Por tanto, es un color asociado a la muerte, la p\u00e9rdida o la melancol\u00eda. Vestirse de negro en estos contextos puede ser una muestra de respeto, pero tambi\u00e9n una forma de manifestar dolor o de conectarse con emociones profundas.<\/p>\n<h3>Seriedad<\/h3>\n<p>Para otros, este color quiere decir seriedad. Lejos de los azules y verdes que son m\u00e1s alegres, quienes usan el color negro est\u00e1n transmitiendo la sensaci\u00f3n de que la persona se toma las cosas en serio. Por eso es habitual en contextos donde se espera una actitud profesional o respetuosa, como entrevistas de trabajo, eventos institucionales o situaciones religiosas.<\/p>\n<h3>Un halo de misterio<\/h3>\n<p>El negro tiene una cualidad enigm\u00e1tica. Al ser un color que no refleja luz, muchas veces se interpreta como \u201cescondido\u201d o \u201ccerrado\u201d. Por eso, quienes visten de negro pueden parecer reservados o dif\u00edciles de leer.<\/p>\n<p>Esta aura de misterio resulta atractiva para algunos, pues sugiere profundidad, reflexi\u00f3n e incluso inteligencia emocional. Es com\u00fan en personas introspectivas o creativas.<\/p>\n<h3>Los colores en base a la clase social<\/h3>\n<p>Seg\u00fan la <a href=\"https:\/\/www.thecrimson.com\/article\/2022\/2\/3\/ewa-brief-history-of-black\/\" target=\"_blank\" rel=\"noopener\">Universidad de Harvard<\/a>, la historia de c\u00f3mo la ropa negra lleg\u00f3 a ocupar su lugar actual en la moda moderna est\u00e1 profundamente ligada a la clase social. El color estaba reservado originalmente para los miembros m\u00e1s ricos de la sociedad.<\/p>\n<p>Sin embargo, ahora es m\u00e1s com\u00fan y frecuente en amplios grupos y sectores, lo que resulta como un s\u00edmbolo de igualitarismo. Por lo tanto, en la actualidad, el negro es profesional, limpio y pr\u00e1ctico, alej\u00e1ndose en gran medida de las asociaciones con la riqueza y el poder econ\u00f3mico.<\/p>\n<h3>Unido al poder<\/h3>\n<p>Desde ya hace tiempo, el color negro est\u00e1 relacionado con aquellas personas que suelen tener poder. El negro no distrae, no grita, no pide permiso: simplemente est\u00e1. Para muchos, representa control, coherencia e identidad, el poder, el ser l\u00edder y llevar el mando por encima de los dem\u00e1s.<\/p>\n<h3>Tambi\u00e9n pueden ser introspectivos<\/h3>\n<p>Adem\u00e1s de ser l\u00edderes, otra de las caracter\u00edsticas que mejor definen a las personas que visten casi siempre de negro es que suelen ser introspectivos y observadores. Esto les lleva a analizan antes de actuar y tambi\u00e9n suelen valoran la profundidad mucho m\u00e1s que la superficialidad. No siempre son callados, pero s\u00ed selectivos con su energ\u00eda y en base a los que dicen.<\/p>\n<h3>Autoexigentes<\/h3>\n<p>Los expertos nombran que tales personas, adem\u00e1s, suelen ser autoexigentes. Dicen lo que piensan en cada momento.<\/p>\n<h3>Los colores: sin reglas totales<\/h3>\n<p>Hay que destacar que vestir de uno u otro color no es una regla total y no define en si a todas las personalidades, vamos que no define el car\u00e1cter. Muchas personas que visten de negro son alegres, extrovertidas y emocionalmente estables, y otros ser introvertidos. El negro puede ser simplemente una elecci\u00f3n est\u00e9tica, pr\u00e1ctica o profesional.<\/p>\n","protected":false},"excerpt":{"rendered":"<p>Nuestra vestimenta tiene mucho que ver con nuestra personalidad. Aunque no nos vestimos cada d\u00eda igual, seguro que tenemos preferencia por un color en particular. En este caso, hay quienes usan ropa de color negro como preferencia. Con fuerte personalidad y m\u00e1s all\u00e1 de que le guste aquella moda g\u00f3tica, quiere decir muchas m\u00e1s cosas. [&hellip;]<\/p>\n","protected":false},"author":4,"featured_media":12775782,"comment_status":"closed","ping_status":"closed","sticky":false,"template":"","format":"standard","meta":{"inline_featured_image":false,"jnews-multi-image_gallery":[],"jnews_single_post":{"subtitle":"","format":"standard","override":[{"template":"10","single_blog_custom":"0","layout":"no-sidebar-narrow","sidebar":"single-sidebar","second_sidebar":"single-sidebar","sticky_sidebar":"1","share_position":"bottom","share_float_style":"share-monocrhome","show_featured":"1","show_post_meta":"1","show_post_author":"1","show_post_author_image":"1","show_post_date":"1","post_date_format":"custom","post_date_format_custom":"d\/m\/Y","show_post_category":"1","post_reading_time_wpm":"300","post_calculate_word_method":"str_word_count","zoom_button_out_step":"2","zoom_button_in_step":"3","show_post_tag":"1","number_popup_post":"1","show_author_box":"1","show_post_related":"1","show_inline_post_related":"1"}],"image_override":[{"single_post_thumbnail_size":"no-crop","single_post_gallery_size":"crop-715"}],"trending_post_position":"meta","trending_post_label":"Trending","sponsored_post_label":"Sponsored by","disable_ad":"0"},"jnews_primary_category":[],"jnews_social_meta":[],"jnews_review":[],"enable_review":"","type":"percentage","name":"","summary":"","brand":"","sku":"","good":[],"bad":[],"score_override":"","override_value":"","rating":[],"price":[],"jnews_override_counter":{"view_counter_number":"0","share_counter_number":"0","like_counter_number":"0","dislike_counter_number":"0"},"jnews_post_split":{"post_split":[{"template":"1","tag":"h2","numbering":"asc","mode":"normal","first":"0","enable_toc":"0","toc_type":"normal"}]},"footnotes":""},"categories":[27,29,30],"tags":[1607,1565],"class_list":["post-12775779","post","type-post","status-publish","format-standard","has-post-thumbnail","hentry","category-psicologia","category-autoayuda","category-emociones","tag-okd","tag-tendencias"],"amp_enabled":true,"_links":{"self":[{"href":"https:\/\/okdiario.com\/metabolic\/wp-json\/wp\/v2\/posts\/12775779","targetHints":{"allow":["GET"]}}],"collection":[{"href":"https:\/\/okdiario.com\/metabolic\/wp-json\/wp\/v2\/posts"}],"about":[{"href":"https:\/\/okdiario.com\/metabolic\/wp-json\/wp\/v2\/types\/post"}],"author":[{"embeddable":true,"href":"https:\/\/okdiario.com\/metabolic\/wp-json\/wp\/v2\/users\/4"}],"replies":[{"embeddable":true,"href":"https:\/\/okdiario.com\/metabolic\/wp-json\/wp\/v2\/comments?post=12775779"}],"version-history":[{"count":2,"href":"https:\/\/okdiario.com\/metabolic\/wp-json\/wp\/v2\/posts\/12775779\/revisions"}],"predecessor-version":[{"id":12775785,"href":"https:\/\/okdiario.com\/metabolic\/wp-json\/wp\/v2\/posts\/12775779\/revisions\/12775785"}],"wp:featuredmedia":[{"embeddable":true,"href":"https:\/\/okdiario.com\/metabolic\/wp-json\/wp\/v2\/media\/12775782"}],"wp:attachment":[{"href":"https:\/\/okdiario.com\/metabolic\/wp-json\/wp\/v2\/media?parent=12775779"}],"wp:term":[{"taxonomy":"category","embeddable":true,"href":"https:\/\/okdiario.com\/metabolic\/wp-json\/wp\/v2\/categories?post=12775779"},{"taxonomy":"post_tag","embeddable":true,"href":"https:\/\/okdiario.com\/metabolic\/wp-json\/wp\/v2\/tags?post=12775779"}],"curies":[{"name":"wp","href":"https:\/\/api.w.org\/{rel}","templated":true}]}}