{"id":12775694,"date":"2025-12-31T08:00:14","date_gmt":"2025-12-31T07:00:14","guid":{"rendered":"https:\/\/okdiario.com\/metabolic\/?p=12775694"},"modified":"2025-12-29T21:49:42","modified_gmt":"2025-12-29T20:49:42","slug":"las-frases-que-dices-sin-darte-cuenta-y-confirman-que-eres-un-maleducado-lo-dicen-los-psicologos","status":"publish","type":"post","link":"https:\/\/okdiario.com\/metabolic\/psicologia\/las-frases-que-dices-sin-darte-cuenta-y-confirman-que-eres-un-maleducado-lo-dicen-los-psicologos-12775694\/","title":{"rendered":"Las frases que dices sin darte cuenta y confirman que eres un maleducado: lo dicen los psic\u00f3logos"},"content":{"rendered":"<p>La <a href=\"https:\/\/okdiario.com\/metabolic\/psicologia\/tienes-bajo-nivel-educativo-y-no-hay-discusion-estas-frases-que-utilizas-lo-confirman-segun-los-psicologos-12766122\/\">educaci\u00f3n<\/a> de una persona se refleja en sus gestos, palabras y actitudes cotidianas. La buena educaci\u00f3n se manifiesta en el respeto, <a href=\"https:\/\/okdiario.com\/metabolic\/psicologia\/que-es-la-empatia-y-como-desarrollarla-288\/\">la empat\u00eda<\/a> y la consideraci\u00f3n hacia los dem\u00e1s, incluso en situaciones dif\u00edciles. Por el contrario, cuando<strong> una persona es un maleducado s<\/strong>uele\u00a0 no cumplir con las normas b\u00e1sicas de convivencia y se prioriza la impulsividad sobre el respeto.<\/p>\n<p>No siempre depende del nivel cultural, sino de valores aprendidos y practicados. Observar c\u00f3mo alguien se comunica permite identificar r\u00e1pidamente si existe cortes\u00eda o descuido en el trato, ya que el lenguaje verbal es una de las formas de expresar educaci\u00f3n o falta de ella. Seg\u00fan la psic\u00f3loga <a href=\"https:\/\/mariaacosta.es\/la-buena-y-la-mala-educacion\/\" target=\"_blank\" rel=\"noopener\">Mar\u00eda Acosta<\/a>, \u00abDesde la infancia hasta la edad adulta, el tipo de educaci\u00f3n que recibimos puede influir significativamente en nuestra vida, nuestras decisiones y, en \u00faltima instancia, en la estructura misma de la sociedad\u00bb. En este sentido, un maleducado se caracteriza por tener actitudes que rompen las normas b\u00e1sicas de respeto social y comunicaci\u00f3n.<\/p>\n<h2>Las frases que dices si eres un maleducado<\/h2>\n<p>Tales personas suelen manifestarse mediante interrupciones constantes, tono agresivo, falta de escucha y uso de frases despectivas. No implica necesariamente una intenci\u00f3n consciente de da\u00f1ar, sino una carencia de habilidades emocionales o sociales.<\/p>\n<p>Una persona maleducada suele priorizar su punto de vista sin considerar el impacto de sus palabras. Este comportamiento puede <strong>reflejar inseguridad, <a href=\"https:\/\/okdiario.com\/metabolic\/psicologia\/emociones\/frustracion-1233\/\">frustraci\u00f3n<\/a> acumulada<\/strong> o aprendizaje de modelos comunicativos negativos. La mala educaci\u00f3n, en t\u00e9rminos sociales, significa una dificultad para convivir de forma arm\u00f3nica, generar v\u00ednculos sanos y resolver conflictos de manera respetuosa.<\/p>\n<p>Adem\u00e1s, transmite desinter\u00e9s por las normas compartidas y por el bienestar colectivo, afectando la calidad de las relaciones personales, laborales y familiares, y creando ambientes tensos donde predomina el conflicto sobre el di\u00e1logo cotidiano que dificulta la cooperaci\u00f3n, el respeto mutuo y la convivencia diaria equilibrada y saludable entre personas.<\/p>\n<h3>Un maleducado: rasgos generales y qu\u00e9 significa<\/h3>\n<p>La mala educaci\u00f3n se expresa como una falta de consideraci\u00f3n hacia los dem\u00e1s y hacia las normas b\u00e1sicas de convivencia. No siempre implica una intenci\u00f3n consciente de ofender, pero s\u00ed refleja carencias en habilidades sociales y emocionales.<\/p>\n<p>Entre sus rasgos generales se encuentran la impulsividad, la poca empat\u00eda, la tendencia a minimizar al otro y la dificultad para <strong>aceptar opiniones diferentes.<\/strong> La mala educaci\u00f3n significa, en t\u00e9rminos sociales, una ruptura del respeto mutuo. Genera ambientes tensos, dificulta el di\u00e1logo y debilita las relaciones interpersonales. Cuando este comportamiento se vuelve habitual, afecta la imagen personal y limita las oportunidades de crecimiento social y profesional. \u00abLa mala educaci\u00f3n se caracteriza por la falta de recursos, m\u00e9todos de ense\u00f1anza ineficaces y una desconexi\u00f3n con las necesidades del alumnado y de la sociedad en general\u00bb, asegura <a href=\"https:\/\/mariaacosta.es\/la-buena-y-la-mala-educacion\/\" target=\"_blank\" rel=\"noopener\">Mar\u00eda Acosta<\/a>.<\/p>\n<h3>Las frases que sueles decir si eres maleducado<\/h3>\n<p>Existen expresiones recurrentes que suelen aparecer en personas con conductas maleducadas. Algunas de las m\u00e1s comunes son:<\/p>\n<ul>\n<li>No es mi problema<\/li>\n<li>No me importa<\/li>\n<li>Haz lo que quieras<\/li>\n<li>Siempre exageras<\/li>\n<li>\u201cEso es una tonter\u00eda<\/li>\n<li>C\u00e1lmate (dicho de forma despectiva)<\/li>\n<li>Ya c\u00e1llate<\/li>\n<li>No sabes de lo que hablas<\/li>\n<li>Me da igual<\/li>\n<li>D\u00e9jame en paz<\/li>\n<\/ul>\n<h3>El significado detr\u00e1s de las frases que utilizan los maleducados<\/h3>\n<p>Cada una de estas expresiones transmite un mensaje m\u00e1s profundo que va m\u00e1s all\u00e1 de las palabras:<\/p>\n<ul>\n<li>\u201cNo es mi problema\u201d: rechazo de la responsabilidad emocional o social.<\/li>\n<li>\u201cNo me importa\u201d \/ \u201cMe da igual\u201d: indiferencia hacia los sentimientos o necesidades del otro.<\/li>\n<li>\u201cHaz lo que quieras\u201d: desinter\u00e9s disfrazado de libertad, a veces usado para manipular.<\/li>\n<li>\u201cSiempre exageras\u201d: invalidaci\u00f3n emocional y minimizaci\u00f3n de la experiencia ajena.<\/li>\n<li>\u201cEso es una tonter\u00eda\u201d: descalificaci\u00f3n directa de ideas u opiniones.<\/li>\n<li>\u201cC\u00e1lmate\u201d (dicho de forma despectiva): intento de controlar al otro sin comprender su emoci\u00f3n.<\/li>\n<li>\u201cC\u00e1llate\u201d: falta total de respeto y anulaci\u00f3n del di\u00e1logo.<\/li>\n<li>\u201cNo sabes de lo que hablas\u201d: expresi\u00f3n de superioridad y desprecio intelectual.<\/li>\n<li>\u201cD\u00e9jame en paz\u201d: cierre brusco de la comunicaci\u00f3n sin explicaci\u00f3n ni respeto.<\/li>\n<\/ul>\n<h3>Las causas de decir estas palabras<\/h3>\n<p>Un maleducado no suele comunicarse as\u00ed sin motivo. Entre las causas m\u00e1s frecuentes se encuentran:<\/p>\n<p>Falta de educaci\u00f3n emocional. Seg\u00fan la psic\u00f3loga <a href=\"https:\/\/psicologiamonzo.com\/la-importancia-de-la-educacion-emocional\/\" target=\"_blank\" rel=\"noopener\">Adhara Monz\u00f3<\/a>, \u00abLa educaci\u00f3n emocional est\u00e1 basada en la Inteligencia emocional y se refiere a un conjunto de capacidades mentales en las que las personas somos capaces de: Percibir, evaluar y expresar nuestras emociones, Regular las emociones en uno mismo y en los dem\u00e1s\u00bb.<\/p>\n<ul>\n<li>Modelos familiares o sociales negativos<\/li>\n<li>Estr\u00e9s acumulado o frustraci\u00f3n constante<\/li>\n<li>Baja tolerancia a la cr\u00edtica<\/li>\n<li>Inseguridad personal<\/li>\n<li>Dificultad para expresar emociones correctamente<\/li>\n<li>Necesidad de imponer control o poder<\/li>\n<li>Falta de habilidades de comunicaci\u00f3n<\/li>\n<li>Normalizaci\u00f3n del trato brusco<\/li>\n<li>Poca conciencia del impacto de sus palabras<\/li>\n<\/ul>\n<h3>Las consecuencias que generan estas frases<\/h3>\n<p>El uso constante de este tipo de lenguaje tiene efectos negativos tanto para quien lo dice como para quienes lo reciben:<\/p>\n<ul>\n<li>Conflictos frecuentes en relaciones personales<\/li>\n<li>Deterioro de la comunicaci\u00f3n<\/li>\n<li>Ambientes tensos y poco saludables<\/li>\n<li>P\u00e9rdida de confianza y respeto<\/li>\n<li>Aislamiento social<\/li>\n<li>Problemas en el \u00e1mbito laboral o acad\u00e9mico<\/li>\n<li>Imagen negativa ante los dem\u00e1s<\/li>\n<li>Dificultad para crear v\u00ednculos duraderos<\/li>\n<li>Aumento del rechazo social<\/li>\n<li>Reproducci\u00f3n de conductas similares en otros<\/li>\n<\/ul>\n<p>&nbsp;<\/p>\n","protected":false},"excerpt":{"rendered":"<p>La educaci\u00f3n de una persona se refleja en sus gestos, palabras y actitudes cotidianas. La buena educaci\u00f3n se manifiesta en el respeto, la empat\u00eda y la consideraci\u00f3n hacia los dem\u00e1s, incluso en situaciones dif\u00edciles. Por el contrario, cuando una persona es un maleducado suele\u00a0 no cumplir con las normas b\u00e1sicas de convivencia y se prioriza [&hellip;]<\/p>\n","protected":false},"author":4,"featured_media":12748632,"comment_status":"closed","ping_status":"closed","sticky":false,"template":"","format":"standard","meta":{"inline_featured_image":false,"jnews-multi-image_gallery":[],"jnews_single_post":{"subtitle":"","format":"standard","override":[{"template":"10","single_blog_custom":"0","layout":"no-sidebar-narrow","sidebar":"single-sidebar","second_sidebar":"single-sidebar","sticky_sidebar":"1","share_position":"bottom","share_float_style":"share-monocrhome","show_featured":"1","show_post_meta":"1","show_post_author":"1","show_post_author_image":"1","show_post_date":"1","post_date_format":"custom","post_date_format_custom":"d\/m\/Y","show_post_category":"1","post_reading_time_wpm":"300","post_calculate_word_method":"str_word_count","zoom_button_out_step":"2","zoom_button_in_step":"3","show_post_tag":"1","number_popup_post":"1","show_author_box":"1","show_post_related":"1","show_inline_post_related":"1"}],"image_override":[{"single_post_thumbnail_size":"no-crop","single_post_gallery_size":"crop-715"}],"trending_post_position":"meta","trending_post_label":"Trending","sponsored_post_label":"Sponsored by","disable_ad":"0"},"jnews_primary_category":[],"jnews_social_meta":[],"jnews_review":[],"enable_review":"","type":"percentage","name":"","summary":"","brand":"","sku":"","good":[],"bad":[],"score_override":"","override_value":"","rating":[],"price":[],"jnews_override_counter":{"view_counter_number":"0","share_counter_number":"0","like_counter_number":"0","dislike_counter_number":"0"},"jnews_post_split":{"post_split":[{"template":"1","tag":"h2","numbering":"asc","mode":"normal","first":"0","enable_toc":"0","toc_type":"normal"}]},"footnotes":""},"categories":[27,30],"tags":[1607,1565],"class_list":["post-12775694","post","type-post","status-publish","format-standard","has-post-thumbnail","hentry","category-psicologia","category-emociones","tag-okd","tag-tendencias"],"amp_enabled":true,"_links":{"self":[{"href":"https:\/\/okdiario.com\/metabolic\/wp-json\/wp\/v2\/posts\/12775694","targetHints":{"allow":["GET"]}}],"collection":[{"href":"https:\/\/okdiario.com\/metabolic\/wp-json\/wp\/v2\/posts"}],"about":[{"href":"https:\/\/okdiario.com\/metabolic\/wp-json\/wp\/v2\/types\/post"}],"author":[{"embeddable":true,"href":"https:\/\/okdiario.com\/metabolic\/wp-json\/wp\/v2\/users\/4"}],"replies":[{"embeddable":true,"href":"https:\/\/okdiario.com\/metabolic\/wp-json\/wp\/v2\/comments?post=12775694"}],"version-history":[{"count":2,"href":"https:\/\/okdiario.com\/metabolic\/wp-json\/wp\/v2\/posts\/12775694\/revisions"}],"predecessor-version":[{"id":12775698,"href":"https:\/\/okdiario.com\/metabolic\/wp-json\/wp\/v2\/posts\/12775694\/revisions\/12775698"}],"wp:featuredmedia":[{"embeddable":true,"href":"https:\/\/okdiario.com\/metabolic\/wp-json\/wp\/v2\/media\/12748632"}],"wp:attachment":[{"href":"https:\/\/okdiario.com\/metabolic\/wp-json\/wp\/v2\/media?parent=12775694"}],"wp:term":[{"taxonomy":"category","embeddable":true,"href":"https:\/\/okdiario.com\/metabolic\/wp-json\/wp\/v2\/categories?post=12775694"},{"taxonomy":"post_tag","embeddable":true,"href":"https:\/\/okdiario.com\/metabolic\/wp-json\/wp\/v2\/tags?post=12775694"}],"curies":[{"name":"wp","href":"https:\/\/api.w.org\/{rel}","templated":true}]}}