{"id":12775512,"date":"2025-12-24T10:30:07","date_gmt":"2025-12-24T09:30:07","guid":{"rendered":"https:\/\/okdiario.com\/metabolic\/?p=12775512"},"modified":"2025-12-24T10:48:26","modified_gmt":"2025-12-24T09:48:26","slug":"si-te-cuesta-decir-que-no-a-la-gente-es-por-este-motivo-lo-explica-la-psicologia","status":"publish","type":"post","link":"https:\/\/okdiario.com\/metabolic\/psicologia\/si-te-cuesta-decir-que-no-a-la-gente-es-por-este-motivo-lo-explica-la-psicologia-12775512\/","title":{"rendered":"Si te cuesta decir que no a la gente es por este motivo: lo explica la psicolog\u00eda"},"content":{"rendered":"<p>En la vida cotidiana se presentan numerosas situaciones en las que decir que \u201cno\u201d parece m\u00e1s dif\u00edcil de lo que deber\u00eda. Aceptar un favor que no se quiere hacer, asumir responsabilidades extras en el trabajo, postergar necesidades propias por no decepcionar a otros o <strong>acceder a planes que generan cansancio<\/strong> son ejemplos frecuentes. Para muchas personas, negarse implica conflicto, culpa o la sensaci\u00f3n de quedar mal.<\/p>\n<p>De esta forma, el \u201cs\u00ed\u201d aparece como una salida r\u00e1pida para evitar tensiones, aunque internamente genere malestar. Decir que \u201cno\u201d no siempre es una elecci\u00f3n libre, sino una dificultad aprendida que se repite en decisiones grandes y peque\u00f1as. Las causas de esta dificultad de no saber negarse suelen estar ligadas a la historia personal y a los aprendizajes emocionales. Muchas personas crecieron asociando el afecto con complacer a los dem\u00e1s, aprendiendo que <strong>decir que \u201cno\u201d pod\u00eda traer rechazo, castigo o desaprobaci\u00f3n.<\/strong><\/p>\n<h2>Por qu\u00e9 te cuesta decir no seg\u00fan la psicolog\u00eda<\/h2>\n<p>Un art\u00edculo de la <a href=\"https:\/\/www.bbc.com\/mundo\/articles\/czr73n31zreo\" target=\"_blank\" rel=\"noopener\">revista BBC<\/a> explica que puede ser \u00abel temor a ser excluidos, a crear una imagen negativa de nosotros mismos o la necesidad de ser complacientes con quienes nos rodean\u00bb. A esto se suma el miedo al conflicto, la necesidad de gustar a los dem\u00e1s, la baja autoestima y la creencia de que las propias necesidades son menos importantes. Tambi\u00e9n influyen mandatos sociales que valoran la disponibilidad constante y el sacrificio personal.<\/p>\n<p>En algunos casos, decir que \u201cno\u201d se vive como un acto ego\u00edsta, cuando en realidad es un l\u00edmite saludable. Esta combinaci\u00f3n de factores hace que, frente a una petici\u00f3n, la <strong>respuesta autom\u00e1tica sea el \u201cs\u00ed\u201d,<\/strong> incluso cuando la persona no quiere, no puede o no est\u00e1 de acuerdo, generando una desconexi\u00f3n progresiva con sus propios deseos y l\u00edmites.<\/p>\n<p>La dificultad para decir que \u201cno\u201d tiene ra\u00edces emocionales, sociales y culturales. En muchos casos, las personas crecieron asociando el afecto con la obediencia o el agrado hacia los dem\u00e1s. Desde temprana edad se aprende que decir que \u201cno\u201d puede traer consecuencias negativas, como rechazo, enojo o desaprobaci\u00f3n.<\/p>\n<h3>Las principales causas de decir no<\/h3>\n<ul>\n<li>Miedo al conflicto: evitar discusiones o tensiones con otras personas.<\/li>\n<li>Necesidad de gustar: buscar aprobaci\u00f3n constante para sentirse valorado. <a href=\"https:\/\/www.itacopsicologos.es\/por-que-me-cuesta-decir-que-no\/\" target=\"_blank\" rel=\"noopener\">ITACO Piscolog\u00eda<\/a> explica que son muchas las situaciones en las que decir que \u201cs\u00ed\u201d o cumplir con las peticiones o expectativas de los dem\u00e1s est\u00e1 asociado a la aprobaci\u00f3n, el reconocimiento, la aceptaci\u00f3n, es decir, est\u00e1 reforzado socialmente.<\/li>\n<li>Culpa: sentir que priorizarse es ego\u00edsta.<\/li>\n<li>Baja autoestima: creer que las propias necesidades son menos importantes.<\/li>\n<li>Mandatos familiares o sociales: valorar el sacrificio y la disponibilidad permanente.<\/li>\n<li>Temor al rechazo: pensar que decir que \u201cno\u201d puede romper el v\u00ednculo. \u00abLas personas evitamos decir que \u201cno\u201d para evitar las posibles consecuencias negativas asociadas, ya sean con uno mismo o con los dem\u00e1s\u00bb, asegura <a href=\"https:\/\/www.itacopsicologos.es\/por-que-me-cuesta-decir-que-no\/\" target=\"_blank\" rel=\"noopener\">ITACO Piscolog\u00eda<\/a><u>.<\/u><\/li>\n<\/ul>\n<h3>Los sentimientos que atraviesan quienes no pueden decir \u201cno\u201d<\/h3>\n<p>La dificultad para poner l\u00edmites no es neutra emocionalmente. Al contrario, suele venir acompa\u00f1ada de un fuerte desgaste interno. Algunos de los sentimientos m\u00e1s frecuentes son:<\/p>\n<ul>\n<li>Incomodidad al expresar deseos propios<\/li>\n<li>Miedo a decepcionar o molestar a otros<\/li>\n<li>Malestar interno y tensi\u00f3n constante<\/li>\n<li>Culpa despu\u00e9s de priorizarse<\/li>\n<li>Des\u00e1nimo y frustraci\u00f3n<\/li>\n<li>Ansiedad ante futuras peticiones<\/li>\n<li>Sensaci\u00f3n de estar atrapado o desbordado<\/li>\n<\/ul>\n<p>Estos estados emocionales aparecen tanto antes como despu\u00e9s de aceptar algo que no se desea, reforzando el conflicto interno.<\/p>\n<h3>Las consecuencias de no poder decir s\u00ed<\/h3>\n<p>Cuando una persona no logra decir que \u201cno\u201d, las consecuencias se manifiestan r\u00e1pidamente en su d\u00eda a d\u00eda. Algunas de las m\u00e1s comunes son:<\/p>\n<ul>\n<li>Aceptar compromisos por miedo a decir que no<\/li>\n<li>Asumir responsabilidades que no corresponden<\/li>\n<li>Sobrecargarse de tareas y obligaciones<\/li>\n<li>Postergar necesidades personales<\/li>\n<li>Decir \u201cs\u00ed\u201d cuando en realidad se quiere decir \u201cno\u201d<\/li>\n<li>Vivir con sensaci\u00f3n de agotamiento constante<\/li>\n<\/ul>\n<p>Estas conductas, sostenidas en el tiempo, afectan la energ\u00eda, el humor y la motivaci\u00f3n.<\/p>\n<p><strong>Consecuencias emocionales<\/strong><\/p>\n<p>M\u00e1s all\u00e1 de lo cotidiano, tal h\u00e1bito tiene un impacto profundo en la salud emocional y en las relaciones:<\/p>\n<ul>\n<li>P\u00e9rdida de autoestima y autovaloraci\u00f3n<\/li>\n<li>Resentimiento hacia los dem\u00e1s<\/li>\n<li>Relaciones desequilibradas o dependientes<\/li>\n<li>Falta de autenticidad en los v\u00ednculos<\/li>\n<li>Sensaci\u00f3n de no ser visto ni escuchado<\/li>\n<li>Desgaste emocional y burnout<\/li>\n<li>Desconexi\u00f3n de los propios deseos<\/li>\n<\/ul>\n<h3>Algunos consejos para aprender y dejar de lado este h\u00e1bito<\/h3>\n<p>Aprender a decir \u201cno\u201d es un proceso que requiere pr\u00e1ctica, autoconocimiento y paciencia. Algunas recomendaciones clave son:<\/p>\n<ul>\n<li>Reconocer que decirlo es un derecho, no un acto ego\u00edsta.<\/li>\n<li>Escuchar las propias necesidades antes de responder.<\/li>\n<li>Tomarse tiempo para contestar, evitando respuestas impulsivas.<\/li>\n<li>Usar frases claras y simples, sin justificar en exceso.<\/li>\n<li>Aceptar la incomodidad inicial, entendiendo que es parte del aprendizaje.<\/li>\n<li>Practicar el l\u00edmite en situaciones peque\u00f1as para ganar confianza.<\/li>\n<li>Recordar que un \u201cno\u201d honesto fortalece los v\u00ednculos.<\/li>\n<li>Buscar ayuda de un profesional si la dificultad es persistente.<\/li>\n<\/ul>\n","protected":false},"excerpt":{"rendered":"<p>En la vida cotidiana se presentan numerosas situaciones en las que decir que \u201cno\u201d parece m\u00e1s dif\u00edcil de lo que deber\u00eda. Aceptar un favor que no se quiere hacer, asumir responsabilidades extras en el trabajo, postergar necesidades propias por no decepcionar a otros o acceder a planes que generan cansancio son ejemplos frecuentes. Para muchas [&hellip;]<\/p>\n","protected":false},"author":4,"featured_media":12775514,"comment_status":"closed","ping_status":"closed","sticky":false,"template":"","format":"standard","meta":{"inline_featured_image":false,"jnews-multi-image_gallery":[],"jnews_single_post":{"subtitle":"","format":"standard","override":[{"template":"10","single_blog_custom":"0","layout":"no-sidebar-narrow","sidebar":"single-sidebar","second_sidebar":"single-sidebar","sticky_sidebar":"1","share_position":"bottom","share_float_style":"share-monocrhome","show_featured":"1","show_post_meta":"1","show_post_author":"1","show_post_author_image":"1","show_post_date":"1","post_date_format":"custom","post_date_format_custom":"d\/m\/Y","show_post_category":"1","post_reading_time_wpm":"300","post_calculate_word_method":"str_word_count","zoom_button_out_step":"2","zoom_button_in_step":"3","show_post_tag":"1","number_popup_post":"1","show_author_box":"1","show_post_related":"1","show_inline_post_related":"1"}],"image_override":[{"single_post_thumbnail_size":"no-crop","single_post_gallery_size":"crop-715"}],"trending_post_position":"meta","trending_post_label":"Trending","sponsored_post_label":"Sponsored by","disable_ad":"0"},"jnews_primary_category":[],"jnews_social_meta":[],"jnews_review":[],"enable_review":"","type":"percentage","name":"","summary":"","brand":"","sku":"","good":[],"bad":[],"score_override":"","override_value":"","rating":[],"price":[],"jnews_override_counter":{"view_counter_number":"0","share_counter_number":"0","like_counter_number":"0","dislike_counter_number":"0"},"jnews_post_split":{"post_split":[{"template":"1","tag":"h2","numbering":"asc","mode":"normal","first":"0","enable_toc":"0","toc_type":"normal"}]},"footnotes":""},"categories":[27,29,30],"tags":[1607,1565],"class_list":["post-12775512","post","type-post","status-publish","format-standard","has-post-thumbnail","hentry","category-psicologia","category-autoayuda","category-emociones","tag-okd","tag-tendencias"],"amp_enabled":true,"_links":{"self":[{"href":"https:\/\/okdiario.com\/metabolic\/wp-json\/wp\/v2\/posts\/12775512","targetHints":{"allow":["GET"]}}],"collection":[{"href":"https:\/\/okdiario.com\/metabolic\/wp-json\/wp\/v2\/posts"}],"about":[{"href":"https:\/\/okdiario.com\/metabolic\/wp-json\/wp\/v2\/types\/post"}],"author":[{"embeddable":true,"href":"https:\/\/okdiario.com\/metabolic\/wp-json\/wp\/v2\/users\/4"}],"replies":[{"embeddable":true,"href":"https:\/\/okdiario.com\/metabolic\/wp-json\/wp\/v2\/comments?post=12775512"}],"version-history":[{"count":2,"href":"https:\/\/okdiario.com\/metabolic\/wp-json\/wp\/v2\/posts\/12775512\/revisions"}],"predecessor-version":[{"id":12775520,"href":"https:\/\/okdiario.com\/metabolic\/wp-json\/wp\/v2\/posts\/12775512\/revisions\/12775520"}],"wp:featuredmedia":[{"embeddable":true,"href":"https:\/\/okdiario.com\/metabolic\/wp-json\/wp\/v2\/media\/12775514"}],"wp:attachment":[{"href":"https:\/\/okdiario.com\/metabolic\/wp-json\/wp\/v2\/media?parent=12775512"}],"wp:term":[{"taxonomy":"category","embeddable":true,"href":"https:\/\/okdiario.com\/metabolic\/wp-json\/wp\/v2\/categories?post=12775512"},{"taxonomy":"post_tag","embeddable":true,"href":"https:\/\/okdiario.com\/metabolic\/wp-json\/wp\/v2\/tags?post=12775512"}],"curies":[{"name":"wp","href":"https:\/\/api.w.org\/{rel}","templated":true}]}}