{"id":12775277,"date":"2025-12-18T16:40:44","date_gmt":"2025-12-18T15:40:44","guid":{"rendered":"https:\/\/okdiario.com\/metabolic\/?p=12775277"},"modified":"2025-12-18T17:24:45","modified_gmt":"2025-12-18T16:24:45","slug":"la-ciencia-revela-cual-es-el-motivo-real-por-el-que-con-la-edad-olvidas-donde-has-dejado-las-llaves-esta-confirmado","status":"publish","type":"post","link":"https:\/\/okdiario.com\/metabolic\/psicologia\/la-ciencia-revela-cual-es-el-motivo-real-por-el-que-con-la-edad-olvidas-donde-has-dejado-las-llaves-esta-confirmado-12775277\/","title":{"rendered":"La ciencia revela cu\u00e1l es el motivo real por el que con la edad olvidas d\u00f3nde has dejado las llaves: est\u00e1 confirmado"},"content":{"rendered":"<p><a href=\"https:\/\/okdiario.com\/metabolic\/psicologia\/ni-a-los-45-ni-a-los-70-anos-la-oms-confirma-la-edad-a-la-que-empiezan-a-envejecer-los-hombres-12772262\/\">A medida que envejecemos<\/a>, ciertas funciones motoras y cognitivas suelen presentar cambios evidentes que se perciben en situaciones cotidianas. Con la edad, es<strong> frecuente olvidar<\/strong> d\u00f3nde has dejado las llaves y esto suele generar inquietud e incomodidad. Desde instituciones profesionales aseguran que este tipo de olvidos menores se asocian con cambios normales en el funcionamiento cerebral y no necesariamente indican un problema grave de memoria. De hecho, el envejecimiento cognitivo implica transformaciones progresivas en distintos dominios mentales, como la atenci\u00f3n, la memoria y la orientaci\u00f3n en el espacio. Seg\u00fan <a href=\"https:\/\/www.nature.com\/articles\/s41467-025-63229-0\" target=\"_blank\" rel=\"noopener\">Spring Nature<\/a>, la cognici\u00f3n espacial tiende a deteriorarse con los a\u00f1os, lo que puede dificultar recordar rutas, ubicaciones y objetos.<\/p>\n<p>\u201cEstos cambios forman parte de un proceso natural que acompa\u00f1a el paso del tiempo y que afecta de manera diferente a cada persona\u201d, mencionan los expertos. La relaci\u00f3n entre memoria y olvido resulta funcional para el cerebro humano. La <a href=\"https:\/\/blog.fpmaragall.org\/memoria-y-olvido\" target=\"_blank\" rel=\"noopener\">Fundaci\u00f3n Pasqual Maragall<\/a> subraya que olvidar es necesario, ya que permite filtrar informaci\u00f3n irrelevante y priorizar aquello que realmente importa. Las autoridades mencionan que, si record\u00e1ramos cada detalle de nuestra vida, el acceso a datos \u00fatiles ser\u00eda ca\u00f3tico e ineficiente. \u201cEn muchas ocasiones, cuando no recordamos<strong> d\u00f3nde dejamos las llaves<\/strong>, no se trata de un fallo de memoria, sino de un lapsus atencional: no prestamos suficiente atenci\u00f3n al acto de dejarlas\u201d, aseguran. Adem\u00e1s, con la edad el cerebro procesa la informaci\u00f3n de manera distinta, pero esto no implica autom\u00e1ticamente un deterioro patol\u00f3gico. \u201cLos despistes ocasionales forman parte de la experiencia humana y solo deben generar preocupaci\u00f3n cuando interfieren de manera significativa con la vida diaria\u201d, afirman.<\/p>\n<h2>Por qu\u00e9 no sabes d\u00f3nde has dejado las llaves con los a\u00f1os<\/h2>\n<h3>Los cambios cognitivos asociados al envejecimiento<\/h3>\n<p>A medida que envejecemos, el cerebro experimenta modificaciones estructurales y funcionales que influyen en la memoria cotidiana. Seg\u00fan explican especialistas citados por <a href=\"https:\/\/bethesdahealth.org\/blog\/what-happens-to-your-brain-as-you-age\/\" target=\"_blank\" rel=\"noopener\">Bethesda Health Group<\/a>, ciertas \u00e1reas cerebrales relacionadas con el aprendizaje y las funciones mentales complejas tienden a reducir su volumen.<\/p>\n<p>Adem\u00e1s, la comunicaci\u00f3n entre neuronas puede volverse menos eficiente, lo que ralentiza el procesamiento de la informaci\u00f3n. Estas alteraciones explican por qu\u00e9 recordar nombres, contrase\u00f1as o la ubicaci\u00f3n de objetos se vuelve m\u00e1s dif\u00edcil con los a\u00f1os.<\/p>\n<p>Otro aspecto relevante es la disminuci\u00f3n progresiva de la capacidad para concentrarse. Con la edad, resulta m\u00e1s complicado ignorar est\u00edmulos irrelevantes, como el <strong>ruido de fondo,<\/strong> lo que afecta la atenci\u00f3n sostenida.<\/p>\n<p>Cuando realizamos varias tareas a la vez, es m\u00e1s probable que el cerebro no registre correctamente acciones simples, como dejar las llaves sobre una mesa. \u00abEste fen\u00f3meno refuerza la idea de que muchos olvidos se deben m\u00e1s a distracciones que a una p\u00e9rdida real de memoria\u00bb, confirman.<\/p>\n<h3>\u00bfDe qu\u00e9 manera se deteriora la memoria?<\/h3>\n<p>No todos los tipos de memoria envejecen al mismo ritmo. La memoria procedimental, responsable de habilidades autom\u00e1ticas como andar en bicicleta o atarse los zapatos, suele mantenerse intacta incluso en edades avanzadas.<\/p>\n<p>En cambio, la memoria epis\u00f3dica, que permite recordar eventos recientes y detalles contextuales, es m\u00e1s vulnerable al paso del tiempo. Esto explica por qu\u00e9 una persona mayor puede conducir sin problemas, pero olvidar d\u00f3nde estacion\u00f3 su coche.<\/p>\n<p>\u00abAdem\u00e1s, el envejecimiento cerebral conlleva una reducci\u00f3n en la formaci\u00f3n de nuevas neuronas y en el n\u00famero de conexiones sin\u00e1pticas\u00bb, sostienen miembros de la Fundaci\u00f3n Pasqual Maragall.<\/p>\n<p>A su vez, explican que la <strong>corteza cerebral se adelgaza<\/strong> gradualmente y la materia blanca, encargada de transmitir se\u00f1ales entre regiones del cerebro, pierde eficiencia. Estos cambios no implican enfermedad, sino una adaptaci\u00f3n progresiva del sistema nervioso.<\/p>\n<h3>La qu\u00edmica cerebral: por qu\u00e9 no sabes d\u00f3nde has dejado las llaves<\/h3>\n<p>El envejecimiento tambi\u00e9n afecta a los mensajeros qu\u00edmicos del cerebro. La dopamina, un neurotransmisor clave en procesos como la motivaci\u00f3n, la atenci\u00f3n y el flujo de informaci\u00f3n, disminuye con la edad.<\/p>\n<p>Esta reducci\u00f3n puede influir en la rapidez con la que procesamos est\u00edmulos y en nuestra capacidad para mantener la concentraci\u00f3n. Cuando la atenci\u00f3n falla, aumenta la probabilidad de cometer peque\u00f1os olvidos, como extraviar las llaves o entrar en una habitaci\u00f3n sin recordar el motivo.<\/p>\n<p>La inflamaci\u00f3n cerebral y la<strong> disminuci\u00f3n del flujo sangu\u00edneo<\/strong> son fen\u00f3menos comunes en el envejecimiento y tambi\u00e9n contribuyen a un procesamiento cognitivo m\u00e1s lento. Sin embargo, estos cambios suelen ser graduales y compatibles con una vida independiente y funcional durante muchos a\u00f1os.<\/p>\n<h3>\u00bfCu\u00e1les son las diferencias entre envejecimiento normal y demencia?<\/h3>\n<p>Una preocupaci\u00f3n frecuente de no saber d\u00f3nde has dejado las llaves con los a\u00f1os es \u00a0confundir los olvidos normales con los primeros signos de demencia. Los <a href=\"https:\/\/ncaz.org\/i-keep-losing-my-keys-is-it-dementia\/\" target=\"_blank\" rel=\"noopener\">Consultores de neurolog\u00eda de Arizona<\/a> explican que la diferencia clave radica en la capacidad de recuperaci\u00f3n de la informaci\u00f3n.<\/p>\n<p>En el envejecimiento normal, la persona puede olvidar d\u00f3nde dej\u00f3 un objeto, pero es capaz de reconstruir sus pasos y encontrarlo. En la demencia, esta habilidad se pierde progresivamente.<\/p>\n<p>\u00abLa demencia implica un deterioro global de las funciones cognitivas, que afecta la memoria, el razonamiento, el lenguaje y el juicio. En cambio, cuando no sabes d\u00f3nde has dejado las llaves no supone un indicador de esta condici\u00f3n\u00bb, aseguran los especialistas.<\/p>\n<p>&nbsp;<\/p>\n","protected":false},"excerpt":{"rendered":"<p>A medida que envejecemos, ciertas funciones motoras y cognitivas suelen presentar cambios evidentes que se perciben en situaciones cotidianas. Con la edad, es frecuente olvidar d\u00f3nde has dejado las llaves y esto suele generar inquietud e incomodidad. Desde instituciones profesionales aseguran que este tipo de olvidos menores se asocian con cambios normales en el funcionamiento [&hellip;]<\/p>\n","protected":false},"author":4,"featured_media":12775281,"comment_status":"closed","ping_status":"closed","sticky":false,"template":"","format":"standard","meta":{"inline_featured_image":false,"jnews-multi-image_gallery":[],"jnews_single_post":{"subtitle":"","format":"standard","override":[{"template":"10","single_blog_custom":"0","layout":"no-sidebar-narrow","sidebar":"single-sidebar","second_sidebar":"single-sidebar","sticky_sidebar":"1","share_position":"bottom","share_float_style":"share-monocrhome","show_featured":"1","show_post_meta":"1","show_post_author":"1","show_post_author_image":"1","show_post_date":"1","post_date_format":"custom","post_date_format_custom":"d\/m\/Y","show_post_category":"1","post_reading_time_wpm":"300","post_calculate_word_method":"str_word_count","zoom_button_out_step":"2","zoom_button_in_step":"3","show_post_tag":"1","number_popup_post":"1","show_author_box":"1","show_post_related":"1","show_inline_post_related":"1"}],"image_override":[{"single_post_thumbnail_size":"no-crop","single_post_gallery_size":"crop-715"}],"trending_post_position":"meta","trending_post_label":"Trending","sponsored_post_label":"Sponsored by","disable_ad":"0"},"jnews_primary_category":[],"jnews_social_meta":[],"jnews_review":[],"enable_review":"","type":"percentage","name":"","summary":"","brand":"","sku":"","good":[],"bad":[],"score_override":"","override_value":"","rating":[],"price":[],"jnews_override_counter":{"view_counter_number":"0","share_counter_number":"0","like_counter_number":"0","dislike_counter_number":"0"},"jnews_post_split":{"post_split":[{"template":"1","tag":"h2","numbering":"asc","mode":"normal","first":"0","enable_toc":"0","toc_type":"normal"}]},"footnotes":""},"categories":[27,32,29],"tags":[1607,1565],"class_list":["post-12775277","post","type-post","status-publish","format-standard","has-post-thumbnail","hentry","category-psicologia","category-cognicion-y-aprendizaje","category-autoayuda","tag-okd","tag-tendencias"],"amp_enabled":true,"_links":{"self":[{"href":"https:\/\/okdiario.com\/metabolic\/wp-json\/wp\/v2\/posts\/12775277","targetHints":{"allow":["GET"]}}],"collection":[{"href":"https:\/\/okdiario.com\/metabolic\/wp-json\/wp\/v2\/posts"}],"about":[{"href":"https:\/\/okdiario.com\/metabolic\/wp-json\/wp\/v2\/types\/post"}],"author":[{"embeddable":true,"href":"https:\/\/okdiario.com\/metabolic\/wp-json\/wp\/v2\/users\/4"}],"replies":[{"embeddable":true,"href":"https:\/\/okdiario.com\/metabolic\/wp-json\/wp\/v2\/comments?post=12775277"}],"version-history":[{"count":2,"href":"https:\/\/okdiario.com\/metabolic\/wp-json\/wp\/v2\/posts\/12775277\/revisions"}],"predecessor-version":[{"id":12775286,"href":"https:\/\/okdiario.com\/metabolic\/wp-json\/wp\/v2\/posts\/12775277\/revisions\/12775286"}],"wp:featuredmedia":[{"embeddable":true,"href":"https:\/\/okdiario.com\/metabolic\/wp-json\/wp\/v2\/media\/12775281"}],"wp:attachment":[{"href":"https:\/\/okdiario.com\/metabolic\/wp-json\/wp\/v2\/media?parent=12775277"}],"wp:term":[{"taxonomy":"category","embeddable":true,"href":"https:\/\/okdiario.com\/metabolic\/wp-json\/wp\/v2\/categories?post=12775277"},{"taxonomy":"post_tag","embeddable":true,"href":"https:\/\/okdiario.com\/metabolic\/wp-json\/wp\/v2\/tags?post=12775277"}],"curies":[{"name":"wp","href":"https:\/\/api.w.org\/{rel}","templated":true}]}}