{"id":12775196,"date":"2025-12-17T09:00:58","date_gmt":"2025-12-17T08:00:58","guid":{"rendered":"https:\/\/okdiario.com\/metabolic\/?p=12775196"},"modified":"2025-12-16T23:00:19","modified_gmt":"2025-12-16T22:00:19","slug":"las-personas-que-nunca-limpian-su-habitacion-no-pueden-tener-estas-7-responsabilidades-segun-la-psicologia","status":"publish","type":"post","link":"https:\/\/okdiario.com\/metabolic\/psicologia\/las-personas-que-nunca-limpian-su-habitacion-no-pueden-tener-estas-7-responsabilidades-segun-la-psicologia-12775196\/","title":{"rendered":"Las personas que nunca limpian su habitaci\u00f3n no pueden tener estas 7 responsabilidades, seg\u00fan la psicolog\u00eda"},"content":{"rendered":"<p>El orden, o la falta de \u00e9l, en espacios cotidianos como la habitaci\u00f3n ha sido objeto de an\u00e1lisis desde la psicolog\u00eda durante d\u00e9cadas. Lejos de ser una simple cuesti\u00f3n est\u00e9tica, mantener un entorno organizado se relaciona con <a href=\"https:\/\/okdiario.com\/metabolic\/psicologia\/adios-a-decir-lo-siento-decir-estas-palabras-demuestra-que-tienes-una-inteligencia-emocional-superior-al-resto-12775163\/\">habilidades cognitivas, emocionales<\/a> y conductuales m\u00e1s amplias. Para muchos expertos, como el psic\u00f3logo <a href=\"https:\/\/leocadiomartin.com\/los-cinco-rasgos-principales-de-la-personalidad\/#:~:text=2.,m%C3%A1s%20bajo%20en%20esta%20dimensi%C3%B3n.\" target=\"_blank\" rel=\"noopener\">Leocadio Mart\u00edn<\/a>, el modo en que una <strong>persona gestiona su espacio<\/strong> personal refleja c\u00f3mo aborda otras \u00e1reas de su vida, desde la toma de decisiones hasta el cumplimiento de responsabilidades b\u00e1sicas. As\u00ed los que nunca limpian nunca limpian su habitaci\u00f3n no pueden tener estas responsabilidades.<\/p>\n<p>En este contexto, ordenar la habitaci\u00f3n se convierte en un s\u00edmbolo de algo mucho m\u00e1s profundo que hacer la cama o colocar la ropa. Uno de los divulgadores que m\u00e1s ha insistido en esta idea es <a href=\"https:\/\/www.youtube.com\/watch?v=ucWZAp5TlOc\" target=\"_blank\" rel=\"noopener\">Jordan Peterson<\/a>, psic\u00f3logo cl\u00ednico, profesor universitario y escritor. Sus reflexiones sobre el<strong> orden personal<\/strong> parten de una premisa clara: quien no es capaz de asumir peque\u00f1as responsabilidades en su entorno inmediato dif\u00edcilmente podr\u00e1 afrontar compromisos mayores. Desde su perspectiva, el desorden no es solo un problema pr\u00e1ctico, sino un indicador de dificultades para estructurar la propia vida, gestionar el tiempo y asumir obligaciones de forma consistente.<\/p>\n<h2>Quienes no limpian su habitaci\u00f3n no pueden tener estas responsabilidades<\/h2>\n<p>Jordan Peterson plantea que arreglar la habitaci\u00f3n es una met\u00e1fora pr\u00e1ctica del proceso de poner orden en la propia vida. La habitaci\u00f3n es el espacio m\u00e1s \u00edntimo y controlable de una persona. Si ni siquiera all\u00ed se logra un m\u00ednimo de estructura, resulta poco realista esperar eficacia en contextos m\u00e1s complejos, como el trabajo, los estudios o las relaciones personales.<\/p>\n<p>Ordenar implica definir qu\u00e9 sirve y qu\u00e9 no, establecer l\u00edmites y tomar decisiones. Estas habilidades son esenciales para asumir responsabilidades adultas. Las personas que nunca limpian su habitaci\u00f3n suele evitar decisiones inc\u00f3modas, pospone tareas y tolerar el caos, lo que acaba traslad\u00e1ndose a otras \u00e1reas de su d\u00eda a d\u00eda.<\/p>\n<h3>Gesti\u00f3n del tiempo y cumplimiento de compromisos<\/h3>\n<p>El desorden f\u00edsico suele ir acompa\u00f1ado de desorden temporal. Cuando el espacio no est\u00e1 organizado, se pierde tiempo buscando objetos, improvisando rutinas y reaccionando a imprevistos evitables. Seg\u00fan Peterson, quien no estructura su entorno tampoco estructura su agenda.<\/p>\n<p>Esto tiene consecuencias directas en la capacidad de cumplir compromisos. Llegar tarde, olvidar fechas importantes o no finalizar tareas <strong>no suele ser un problema de falta de inteligencia,<\/strong> sino de ausencia de sistemas b\u00e1sicos de organizaci\u00f3n. Sin h\u00e1bitos simples de orden, resulta muy dif\u00edcil sostener responsabilidades que exigen constancia y planificaci\u00f3n, como un empleo estable o unos estudios exigentes.<\/p>\n<h3>Autodisciplina y control personal<\/h3>\n<p>Quienes limpian su habitaci\u00f3n requieren autodisciplina: hacer algo necesario aunque no resulte especialmente agradable. Esta capacidad es fundamental para cualquier responsabilidad futura. Desde pagar facturas hasta cuidar de otras personas, la vida adulta est\u00e1 llena de tareas que no se hacen por motivaci\u00f3n inmediata, sino por sentido del deber.<\/p>\n<p>La psicolog\u00eda conductual, como explica <a href=\"https:\/\/www.psicoactiva.com\/blog\/autocontrol-psicologia-modelo-auto-regulacion-kanfer\/\" target=\"_blank\" rel=\"noopener\">PsicoActiva<\/a>, se\u00f1ala que los h\u00e1bitos peque\u00f1os refuerzan el autocontrol. En este sentido, el desorden cr\u00f3nico puede ser un <strong>s\u00edntoma de dificultades para regular la conducta<\/strong>, mientras que el orden cotidiano fortalece la percepci\u00f3n de control sobre la propia vida. Peterson insiste en que nadie puede aspirar a cambiar el mundo si no es capaz de gobernar su espacio m\u00e1s cercano.<\/p>\n<h3>Relaciones personales y convivencia<\/h3>\n<p>El desorden tambi\u00e9n afecta a la convivencia. Compartir espacios exige respeto por normas comunes y consideraci\u00f3n hacia los dem\u00e1s. Quienes no limpian su habitaci\u00f3n suelen tener problemas para adaptarse a reglas externas, negociar l\u00edmites o asumir consecuencias de sus actos.<\/p>\n<p>En contextos familiares o de pareja, esto se traduce en conflictos recurrentes. La incapacidad para mantener el orden puede interpretarse como falta de compromiso con el bienestar com\u00fan, lo que deteriora la confianza y la cooperaci\u00f3n. Por eso, aprender a ordenar no es solo una habilidad individual, sino una competencia social b\u00e1sica.<\/p>\n<h3>Creatividad, l\u00edmites y sentido del prop\u00f3sito<\/h3>\n<p>Contrario a la idea de que el orden mata la creatividad, Peterson sostiene que los l\u00edmites bien definidos la potencian. Organizar una habitaci\u00f3n no requiere grandes recursos econ\u00f3micos, sino criterio y creatividad. Elegir c\u00f3mo distribuir el espacio, qu\u00e9 conservar y c\u00f3mo embellecerlo implica desarrollar el gusto y la capacidad de priorizar.<\/p>\n<p>Adem\u00e1s, un espacio ordenado facilita el movimiento hacia objetivos concretos. El <a href=\"https:\/\/www.ieie.eu\/psicologia-ambiental\/\" target=\"_blank\" rel=\"noopener\">Instituto Europeo de Inteligencias Eficientes<\/a> explica que desde la psicolog\u00eda ambiental se sabe que los entornos que facilitan la acci\u00f3n reducen el estr\u00e9s y aumentan <a href=\"https:\/\/okdiario.com\/metabolic\/psicologia\/emociones\/tipos-de-motivacion-y-que-podemos-hacer-para-aumentarla-3218\/\">la motivaci\u00f3n<\/a>. Si el espacio se convierte en un obst\u00e1culo, la persona se siente inc\u00f3moda e insatisfecha, lo que refuerza la apat\u00eda y la evitaci\u00f3n.<\/p>\n<h3>El conflicto al cambiar y la resistencia del entorno<\/h3>\n<p>Peterson tambi\u00e9n advierte de un aspecto menos evidente: mejorar puede generar resistencia en el entorno. Cuando alguien empieza a poner orden en su vida, el contraste con el caos ajeno se vuelve m\u00e1s visible. Esto puede provocar tensiones familiares o sociales, especialmente en contextos donde el desorden se ha normalizado durante generaciones.<\/p>\n<p>&nbsp;<\/p>\n","protected":false},"excerpt":{"rendered":"<p>El orden, o la falta de \u00e9l, en espacios cotidianos como la habitaci\u00f3n ha sido objeto de an\u00e1lisis desde la psicolog\u00eda durante d\u00e9cadas. Lejos de ser una simple cuesti\u00f3n est\u00e9tica, mantener un entorno organizado se relaciona con habilidades cognitivas, emocionales y conductuales m\u00e1s amplias. Para muchos expertos, como el psic\u00f3logo Leocadio Mart\u00edn, el modo en [&hellip;]<\/p>\n","protected":false},"author":4,"featured_media":12775197,"comment_status":"closed","ping_status":"closed","sticky":false,"template":"","format":"standard","meta":{"inline_featured_image":false,"jnews-multi-image_gallery":[],"jnews_single_post":{"subtitle":"","format":"standard","override":[{"template":"10","single_blog_custom":"0","layout":"no-sidebar-narrow","sidebar":"single-sidebar","second_sidebar":"single-sidebar","sticky_sidebar":"1","share_position":"bottom","share_float_style":"share-monocrhome","show_featured":"1","show_post_meta":"1","show_post_author":"1","show_post_author_image":"1","show_post_date":"1","post_date_format":"custom","post_date_format_custom":"d\/m\/Y","show_post_category":"1","post_reading_time_wpm":"300","post_calculate_word_method":"str_word_count","zoom_button_out_step":"2","zoom_button_in_step":"3","show_post_tag":"1","number_popup_post":"1","show_author_box":"1","show_post_related":"1","show_inline_post_related":"1"}],"image_override":[{"single_post_thumbnail_size":"no-crop","single_post_gallery_size":"crop-715"}],"trending_post_position":"meta","trending_post_label":"Trending","sponsored_post_label":"Sponsored by","disable_ad":"0"},"jnews_primary_category":[],"jnews_social_meta":[],"jnews_review":[],"enable_review":"","type":"percentage","name":"","summary":"","brand":"","sku":"","good":[],"bad":[],"score_override":"","override_value":"","rating":[],"price":[],"jnews_override_counter":{"view_counter_number":"0","share_counter_number":"0","like_counter_number":"0","dislike_counter_number":"0"},"jnews_post_split":{"post_split":[{"template":"1","tag":"h2","numbering":"asc","mode":"normal","first":"0","enable_toc":"0","toc_type":"normal"}]},"footnotes":""},"categories":[27,30,31],"tags":[1607,1565],"class_list":["post-12775196","post","type-post","status-publish","format-standard","has-post-thumbnail","hentry","category-psicologia","category-emociones","category-relaciones-y-sociedad","tag-okd","tag-tendencias"],"amp_enabled":true,"_links":{"self":[{"href":"https:\/\/okdiario.com\/metabolic\/wp-json\/wp\/v2\/posts\/12775196","targetHints":{"allow":["GET"]}}],"collection":[{"href":"https:\/\/okdiario.com\/metabolic\/wp-json\/wp\/v2\/posts"}],"about":[{"href":"https:\/\/okdiario.com\/metabolic\/wp-json\/wp\/v2\/types\/post"}],"author":[{"embeddable":true,"href":"https:\/\/okdiario.com\/metabolic\/wp-json\/wp\/v2\/users\/4"}],"replies":[{"embeddable":true,"href":"https:\/\/okdiario.com\/metabolic\/wp-json\/wp\/v2\/comments?post=12775196"}],"version-history":[{"count":2,"href":"https:\/\/okdiario.com\/metabolic\/wp-json\/wp\/v2\/posts\/12775196\/revisions"}],"predecessor-version":[{"id":12775200,"href":"https:\/\/okdiario.com\/metabolic\/wp-json\/wp\/v2\/posts\/12775196\/revisions\/12775200"}],"wp:featuredmedia":[{"embeddable":true,"href":"https:\/\/okdiario.com\/metabolic\/wp-json\/wp\/v2\/media\/12775197"}],"wp:attachment":[{"href":"https:\/\/okdiario.com\/metabolic\/wp-json\/wp\/v2\/media?parent=12775196"}],"wp:term":[{"taxonomy":"category","embeddable":true,"href":"https:\/\/okdiario.com\/metabolic\/wp-json\/wp\/v2\/categories?post=12775196"},{"taxonomy":"post_tag","embeddable":true,"href":"https:\/\/okdiario.com\/metabolic\/wp-json\/wp\/v2\/tags?post=12775196"}],"curies":[{"name":"wp","href":"https:\/\/api.w.org\/{rel}","templated":true}]}}